{"id":121846,"date":"2024-11-25T06:14:08","date_gmt":"2024-11-25T09:14:08","guid":{"rendered":"https:\/\/www.24baires.com\/?p=121846"},"modified":"2024-11-25T06:14:08","modified_gmt":"2024-11-25T09:14:08","slug":"advierten-que-el-salario-minimo-cayo-un-28-y-tiene-menos-poder-de-compra-que-en-2001","status":"publish","type":"post","link":"https:\/\/www.24baires.com\/?p=121846","title":{"rendered":"Advierten que el salario m\u00ednimo cay\u00f3 un 28% y tiene menos poder de compra que en 2001"},"content":{"rendered":"<p><img data-recalc-dims=\"1\" loading=\"lazy\" decoding=\"async\" class=\"aligncenter wp-image-121086\" src=\"https:\/\/i0.wp.com\/www.24baires.com\/wp-content\/uploads\/2024\/03\/salarios.webp?resize=720%2C540\" alt=\"\" width=\"720\" height=\"540\" srcset=\"https:\/\/i0.wp.com\/www.24baires.com\/wp-content\/uploads\/2024\/03\/salarios.webp?w=800&amp;ssl=1 800w, https:\/\/i0.wp.com\/www.24baires.com\/wp-content\/uploads\/2024\/03\/salarios.webp?resize=300%2C225&amp;ssl=1 300w, https:\/\/i0.wp.com\/www.24baires.com\/wp-content\/uploads\/2024\/03\/salarios.webp?resize=768%2C576&amp;ssl=1 768w\" sizes=\"auto, (max-width: 720px) 100vw, 720px\" \/>El estudio inform\u00f3 que el salario m\u00ednimo, vital y m\u00f3vil se desplom\u00f3, entre noviembre 2023 y octubre 2024, un 28%, y que el valor real es inferior al de 2001, previo a la crisis de la convertibilidad.<!--more--><\/p>\n<p>El salario m\u00ednimo, vital y m\u00f3vil (SMVM) sufri\u00f3 una ca\u00edda del 1,3% en octubre y acumul\u00f3 una p\u00e9rdida del 28% entre noviembre de 2023 y el mismo mes de 2024, seg\u00fan un informe del Instituto Interdisciplinario de Econom\u00eda Pol\u00edtica de la Facultad de Ciencias Econ\u00f3micas de la UBA. El retroceso se debe a la disparada inflacionaria impulsada por el Gobierno nacional cuando devalu\u00f3 la moneda en diciembre y al alza de las tarifas.<\/p>\n<p>El estudio, titulado Panorama del empleo asalariado formal y de las remuneraciones, se\u00f1ala que la contracci\u00f3n del SMVM comenz\u00f3 en diciembre de 2023 con una ca\u00edda del 15% debido a la aceleraci\u00f3n inflacionaria, profundiz\u00e1ndose en enero con un descenso del 17%. Aunque se registr\u00f3 una estabilizaci\u00f3n en los meses posteriores, nuevas ca\u00eddas se produjeron en junio (-4,4%) y en los tres meses consecutivos previos a octubre.<\/p>\n<p>Esta tendencia llev\u00f3 al SMVM a un nivel inferior al registrado en 2001, antes de la crisis de la convertibilidad, y representa una p\u00e9rdida del 60% frente al m\u00e1ximo alcanzado en septiembre de 2011.<\/p>\n","protected":false},"excerpt":{"rendered":"<p>El estudio inform\u00f3 que el salario m\u00ednimo, vital y m\u00f3vil se desplom\u00f3, entre noviembre 2023 y octubre 2024, un 28%, y que el valor real es inferior al de 2001, previo a la crisis de la convertibilidad.<\/p>\n","protected":false},"author":8,"featured_media":0,"comment_status":"closed","ping_status":"closed","sticky":false,"template":"","format":"standard","meta":{"_jetpack_newsletter_access":"","_jetpack_dont_email_post_to_subs":false,"_jetpack_newsletter_tier_id":0,"_jetpack_memberships_contains_paywalled_content":false,"_jetpack_memberships_contains_paid_content":false,"footnotes":""},"categories":[1],"tags":[],"class_list":["post-121846","post","type-post","status-publish","format-standard","hentry","category-sociedad"],"jetpack_featured_media_url":"","jetpack_shortlink":"https:\/\/wp.me\/p2JWE0-vHg","jetpack-related-posts":[{"id":120283,"url":"https:\/\/www.24baires.com\/?p=120283","url_meta":{"origin":121846,"position":0},"title":"El Salario M\u00ednimo Vital y M\u00f3vil aumentar\u00e1 un 34% en tres tramos","author":"AF","date":"13\/07\/2023","format":false,"excerpt":"El Consejo del Salario aprob\u00f3 por mayor\u00eda un aumento del salario m\u00ednimo del 34% en tres tramos (julio a septiembre), lo que elevar\u00e1 ese ingreso a 105.500 pesos este mes, a 112.500 en agosto y a 118.000 pesos en septiembre, lo que fue rechazado por la CTA Aut\u00f3noma, en tanto\u2026","rel":"","context":"En \u00abSociedad\u00bb","block_context":{"text":"Sociedad","link":"https:\/\/www.24baires.com\/?cat=1"},"img":{"alt_text":"","src":"https:\/\/i0.wp.com\/www.24baires.com\/wp-content\/uploads\/2023\/03\/industriajpg.jpg?resize=350%2C200","width":350,"height":200,"srcset":"https:\/\/i0.wp.com\/www.24baires.com\/wp-content\/uploads\/2023\/03\/industriajpg.jpg?resize=350%2C200 1x, https:\/\/i0.wp.com\/www.24baires.com\/wp-content\/uploads\/2023\/03\/industriajpg.jpg?resize=525%2C300 1.5x, https:\/\/i0.wp.com\/www.24baires.com\/wp-content\/uploads\/2023\/03\/industriajpg.jpg?resize=700%2C400 2x"},"classes":[]},{"id":95484,"url":"https:\/\/www.24baires.com\/?p=95484","url_meta":{"origin":121846,"position":1},"title":"No hubo acuerdo: el gobierno establecer\u00e1 el salario m\u00ednimo de manera unilateral","author":"GB","date":"27\/06\/2017","format":false,"excerpt":"Las centrales sindicales rechazaron llevar el Salario M\u00ednimo, Vital y M\u00f3vil a 9.700 pesos reci\u00e9n en julio del a\u00f1o que viene y ratificaron si intenci\u00f3n de atarlo a la canasta b\u00e1sica que mide la pobreza y ronda los 15 mil pesos para una familia. El dirigente docente de la CTA,\u2026","rel":"","context":"En \u00abPol\u00edtica\u00bb","block_context":{"text":"Pol\u00edtica","link":"https:\/\/www.24baires.com\/?cat=51"},"img":{"alt_text":"","src":"https:\/\/i0.wp.com\/www.24baires.com\/wp-content\/uploads\/2017\/06\/mesa-de-trabajo.jpg?resize=350%2C200","width":350,"height":200,"srcset":"https:\/\/i0.wp.com\/www.24baires.com\/wp-content\/uploads\/2017\/06\/mesa-de-trabajo.jpg?resize=350%2C200 1x, https:\/\/i0.wp.com\/www.24baires.com\/wp-content\/uploads\/2017\/06\/mesa-de-trabajo.jpg?resize=525%2C300 1.5x"},"classes":[]},{"id":107164,"url":"https:\/\/www.24baires.com\/?p=107164","url_meta":{"origin":121846,"position":2},"title":"Argentina pas\u00f3 de liderar el ranking regional de salario m\u00ednimo a caer al sexto puesto","author":"AF","date":"11\/03\/2019","format":false,"excerpt":"El salario m\u00ednimo medido en d\u00f3lares registra durante el gobierno de Mauricio Macri una ca\u00edda del 49 por ciento. La mayor parte de ese retroceso se explica por la devaluaci\u00f3n de 2018, que super\u00f3 con creces a la evoluci\u00f3n de los ingresos. Desde finales de 2015, el salario m\u00ednimo baj\u00f3\u2026","rel":"","context":"En \u00abSociedad\u00bb","block_context":{"text":"Sociedad","link":"https:\/\/www.24baires.com\/?cat=1"},"img":{"alt_text":"","src":"https:\/\/i0.wp.com\/www.24baires.com\/wp-content\/uploads\/2018\/08\/supermercado.jpg?resize=350%2C200","width":350,"height":200,"srcset":"https:\/\/i0.wp.com\/www.24baires.com\/wp-content\/uploads\/2018\/08\/supermercado.jpg?resize=350%2C200 1x, https:\/\/i0.wp.com\/www.24baires.com\/wp-content\/uploads\/2018\/08\/supermercado.jpg?resize=525%2C300 1.5x"},"classes":[]},{"id":121921,"url":"https:\/\/www.24baires.com\/?p=121921","url_meta":{"origin":121846,"position":3},"title":"Las dos CTA rechazaron el salario m\u00ednimo y denunciaron un \u00abcomplot\u00bb empresarial","author":"GB","date":"27\/12\/2024","format":false,"excerpt":"La CTA de los Trabajadores y la CTA Aut\u00f3noma repudiaron en conjunto el Salario M\u00ednimo, Vital y M\u00f3vil anunciado por el gobierno de Javier Milei, sin el acuerdo de las centrales obreras. Luego que el Gobierno nacional fijara este jueves el Salario M\u00ednimo, Vital y M\u00f3vil en menos de $280.000,\u2026","rel":"","context":"En \u00abPol\u00edtica\u00bb","block_context":{"text":"Pol\u00edtica","link":"https:\/\/www.24baires.com\/?cat=51"},"img":{"alt_text":"","src":"https:\/\/i0.wp.com\/www.24baires.com\/wp-content\/uploads\/2024\/12\/salario-minimo.webp?resize=350%2C200","width":350,"height":200,"srcset":"https:\/\/i0.wp.com\/www.24baires.com\/wp-content\/uploads\/2024\/12\/salario-minimo.webp?resize=350%2C200 1x, https:\/\/i0.wp.com\/www.24baires.com\/wp-content\/uploads\/2024\/12\/salario-minimo.webp?resize=525%2C300 1.5x, https:\/\/i0.wp.com\/www.24baires.com\/wp-content\/uploads\/2024\/12\/salario-minimo.webp?resize=700%2C400 2x"},"classes":[]},{"id":119923,"url":"https:\/\/www.24baires.com\/?p=119923","url_meta":{"origin":121846,"position":4},"title":"El Consejo del Salario defini\u00f3 actualizar el m\u00ednimo a 88 mil pesos para junio","author":"AF","date":"21\/03\/2023","format":false,"excerpt":"Con disidencias de las dos CTA, el Consejo dispuso un aumento de 26,5 por ciento en tres tramos en abril, mayo y junio y revisi\u00f3n de los valores en julio. En la reuni\u00f3n que inaugura el periodo anual de abril de 2023 a marzo de 2024 del Consejo del Salario\u2026","rel":"","context":"En \u00abSociedad\u00bb","block_context":{"text":"Sociedad","link":"https:\/\/www.24baires.com\/?cat=1"},"img":{"alt_text":"","src":"https:\/\/i0.wp.com\/www.24baires.com\/wp-content\/uploads\/2023\/03\/consejo-salario.jpeg?resize=350%2C200","width":350,"height":200,"srcset":"https:\/\/i0.wp.com\/www.24baires.com\/wp-content\/uploads\/2023\/03\/consejo-salario.jpeg?resize=350%2C200 1x, https:\/\/i0.wp.com\/www.24baires.com\/wp-content\/uploads\/2023\/03\/consejo-salario.jpeg?resize=525%2C300 1.5x, https:\/\/i0.wp.com\/www.24baires.com\/wp-content\/uploads\/2023\/03\/consejo-salario.jpeg?resize=700%2C400 2x"},"classes":[]},{"id":111867,"url":"https:\/\/www.24baires.com\/?p=111867","url_meta":{"origin":121846,"position":5},"title":"Sin acuerdo en el Consejo del Salario, el gobierno dispuso un aumento unilateral del 35%","author":"AF","date":"30\/08\/2019","format":false,"excerpt":"La suba se dar\u00e1 en tres cuotas, 12% en agosto, 13% en septiembre y 10% en octubre para llegar a los 16.875 pesos. No hubo acuerdo en el Consejo del Salario y el gobierno de Mauricio Macri dispuso un aumento de manera unilateral y por decreto en el Salario M\u00ednimo,\u2026","rel":"","context":"En \u00abSociedad\u00bb","block_context":{"text":"Sociedad","link":"https:\/\/www.24baires.com\/?cat=1"},"img":{"alt_text":"","src":"https:\/\/i0.wp.com\/www.24baires.com\/wp-content\/uploads\/2017\/04\/salarios-docentes.jpg?resize=350%2C200","width":350,"height":200,"srcset":"https:\/\/i0.wp.com\/www.24baires.com\/wp-content\/uploads\/2017\/04\/salarios-docentes.jpg?resize=350%2C200 1x, https:\/\/i0.wp.com\/www.24baires.com\/wp-content\/uploads\/2017\/04\/salarios-docentes.jpg?resize=525%2C300 1.5x"},"classes":[]}],"jetpack_sharing_enabled":true,"jetpack_likes_enabled":true,"_links":{"self":[{"href":"https:\/\/www.24baires.com\/index.php?rest_route=\/wp\/v2\/posts\/121846","targetHints":{"allow":["GET"]}}],"collection":[{"href":"https:\/\/www.24baires.com\/index.php?rest_route=\/wp\/v2\/posts"}],"about":[{"href":"https:\/\/www.24baires.com\/index.php?rest_route=\/wp\/v2\/types\/post"}],"author":[{"embeddable":true,"href":"https:\/\/www.24baires.com\/index.php?rest_route=\/wp\/v2\/users\/8"}],"replies":[{"embeddable":true,"href":"https:\/\/www.24baires.com\/index.php?rest_route=%2Fwp%2Fv2%2Fcomments&post=121846"}],"version-history":[{"count":1,"href":"https:\/\/www.24baires.com\/index.php?rest_route=\/wp\/v2\/posts\/121846\/revisions"}],"predecessor-version":[{"id":121847,"href":"https:\/\/www.24baires.com\/index.php?rest_route=\/wp\/v2\/posts\/121846\/revisions\/121847"}],"wp:attachment":[{"href":"https:\/\/www.24baires.com\/index.php?rest_route=%2Fwp%2Fv2%2Fmedia&parent=121846"}],"wp:term":[{"taxonomy":"category","embeddable":true,"href":"https:\/\/www.24baires.com\/index.php?rest_route=%2Fwp%2Fv2%2Fcategories&post=121846"},{"taxonomy":"post_tag","embeddable":true,"href":"https:\/\/www.24baires.com\/index.php?rest_route=%2Fwp%2Fv2%2Ftags&post=121846"}],"curies":[{"name":"wp","href":"https:\/\/api.w.org\/{rel}","templated":true}]}}