{"id":121843,"date":"2024-11-22T09:08:24","date_gmt":"2024-11-22T12:08:24","guid":{"rendered":"https:\/\/www.24baires.com\/?p=121843"},"modified":"2024-11-22T09:08:24","modified_gmt":"2024-11-22T12:08:24","slug":"el-turismo-cayo-a-la-mitad-en-la-provincia-de-buenos-aires-durante-septiembre","status":"publish","type":"post","link":"https:\/\/www.24baires.com\/?p=121843","title":{"rendered":"El turismo cay\u00f3 a la mitad en la provincia de Buenos Aires durante septiembre"},"content":{"rendered":"<p><img data-recalc-dims=\"1\" loading=\"lazy\" decoding=\"async\" class=\"aligncenter wp-image-121844\" src=\"https:\/\/i0.wp.com\/www.24baires.com\/wp-content\/uploads\/2024\/11\/scioli-turismi-lla.webp?resize=720%2C481\" alt=\"\" width=\"720\" height=\"481\" srcset=\"https:\/\/i0.wp.com\/www.24baires.com\/wp-content\/uploads\/2024\/11\/scioli-turismi-lla.webp?w=887&amp;ssl=1 887w, https:\/\/i0.wp.com\/www.24baires.com\/wp-content\/uploads\/2024\/11\/scioli-turismi-lla.webp?resize=300%2C200&amp;ssl=1 300w, https:\/\/i0.wp.com\/www.24baires.com\/wp-content\/uploads\/2024\/11\/scioli-turismi-lla.webp?resize=768%2C513&amp;ssl=1 768w\" sizes=\"auto, (max-width: 720px) 100vw, 720px\" \/>La ocupaci\u00f3n hotelera fue un 38,5 por ciento menos que en 2023 en la provincia de Buenos Aires. Preocupaci\u00f3n en el sector por los n\u00fameros que arroj\u00f3 el INDEC.<!--more--><\/p>\n<p>El Instituto Nacional de Esad\u00edsticas y Censos (INDEC) dio a conocer el informe de ocupaci\u00f3n hotelera de septiembre y mostr\u00f3 un importante desplome interanual del turismo para la provincia de Buenos Aires, que tuvo un 38,5 por ciento menos de ocupaci\u00f3n hotelera que el a\u00f1o pasado.<\/p>\n<p>Si bien no es temporada alta, la comparaci\u00f3n interanual es contundente. Apenas 110 mil viajeros se alojaron en hoteles bonaerense, y la mitad de ellos -51 mil- eligieron a Mar del Plata como su destino. Fue, adem\u00e1s, la provincia con una ca\u00edda m\u00e1s marcada. En otros distritos el turismo cay\u00f3 \u00absolo\u00bb entre un 13 y un 17 por ciento.<\/p>\n<p>Tambi\u00e9n baj\u00f3 fuertemente el turismo internacional. El a\u00f1o pasado casi 3.000 extranjeros visitaron la provincia en el mes de la primavera. \u00c9ste a\u00f1o, con un d\u00f3lar planchado y aumentos de precios en pesos, cay\u00f3 un 47,6 por ciento el n\u00famero de turistas for\u00e1neos que pernoctaron al menos una noche en territorio bonaerense. Fueron 1.304.<\/p>\n<p>As\u00ed las cosas, la tasa de ocupaci\u00f3n hotelera promedio fue del 25 por ciento en el mes, y creci\u00f3 al 32,9 por ciento los fines de semana. Cifras que preocupan a un sector que apenas comenzaba a recuperarse de la fuerte ca\u00edda que sufri\u00f3 durante la pandemia de Covid-19.<\/p>\n","protected":false},"excerpt":{"rendered":"<p>La ocupaci\u00f3n hotelera fue un 38,5 por ciento menos que en 2023 en la provincia de Buenos Aires. Preocupaci\u00f3n en el sector por los n\u00fameros que arroj\u00f3 el INDEC.<\/p>\n","protected":false},"author":8,"featured_media":0,"comment_status":"closed","ping_status":"closed","sticky":false,"template":"","format":"standard","meta":{"_jetpack_newsletter_access":"","_jetpack_dont_email_post_to_subs":false,"_jetpack_newsletter_tier_id":0,"_jetpack_memberships_contains_paywalled_content":false,"_jetpack_memberships_contains_paid_content":false,"footnotes":""},"categories":[40],"tags":[],"class_list":["post-121843","post","type-post","status-publish","format-standard","hentry","category-provincia"],"jetpack_featured_media_url":"","jetpack_shortlink":"https:\/\/wp.me\/p2JWE0-vHd","jetpack-related-posts":[{"id":119559,"url":"https:\/\/www.24baires.com\/?p=119559","url_meta":{"origin":121843,"position":0},"title":"El fin de semana largo registr\u00f3 un 80% de ocupaci\u00f3n hotelera en la Provincia","author":"GB","date":"18\/11\/2022","format":false,"excerpt":"El aumento de la temperatura comienza a movilizar el turismo costero de la Provincia por lo que, este fin de semana largo, las reservas para hospedajes dispararon. Con el comienzo del calor veraniego en la Provincia de Buenos Aires, este fin de semana se registr\u00f3 un nivel de reservas de\u2026","rel":"","context":"En \u00abProvincia\u00bb","block_context":{"text":"Provincia","link":"https:\/\/www.24baires.com\/?cat=40"},"img":{"alt_text":"","src":"https:\/\/i0.wp.com\/www.24baires.com\/wp-content\/uploads\/2020\/05\/mar-del-plata.jpg?resize=350%2C200","width":350,"height":200,"srcset":"https:\/\/i0.wp.com\/www.24baires.com\/wp-content\/uploads\/2020\/05\/mar-del-plata.jpg?resize=350%2C200 1x, https:\/\/i0.wp.com\/www.24baires.com\/wp-content\/uploads\/2020\/05\/mar-del-plata.jpg?resize=525%2C300 1.5x, https:\/\/i0.wp.com\/www.24baires.com\/wp-content\/uploads\/2020\/05\/mar-del-plata.jpg?resize=700%2C400 2x"},"classes":[]},{"id":60616,"url":"https:\/\/www.24baires.com\/?p=60616","url_meta":{"origin":121843,"position":1},"title":"Monte Hermoso y Miramar registraron los niveles m\u00e1s altos de ocupaci\u00f3n","author":"AF","date":"23\/01\/2015","format":false,"excerpt":"Una encuesta de la Secretar\u00eda de Turismo de la Provincia constat\u00f3 que esas ciudades son las visitadas en la primera parte del mes. Adem\u00e1s, con respecto al a\u00f1o pasado se registr\u00f3 un crecimiento del 3 por ciento en materia de ocupaci\u00f3n. Las plazas hoteleras superaron el 70 por ciento. La\u2026","rel":"","context":"En \u00abLocales\u00bb","block_context":{"text":"Locales","link":"https:\/\/www.24baires.com\/?cat=38"},"img":{"alt_text":"mirAMAR","src":"https:\/\/i0.wp.com\/www.24baires.com\/wp-content\/uploads\/2012\/12\/mirAMAR-300x225.jpg?resize=350%2C200","width":350,"height":200},"classes":[]},{"id":118122,"url":"https:\/\/www.24baires.com\/?p=118122","url_meta":{"origin":121843,"position":2},"title":"La C\u00e1mara de Turismo celebr\u00f3 el finde XXL","author":"GB","date":"12\/10\/2021","format":false,"excerpt":"El vicepresidente de la C\u00e1mara Argentina de Turismo, Aldo El\u00edas, destac\u00f3 que se registr\u00f3 una ocupaci\u00f3n hotelera superior al 80% en 23 de las 24 provincias. El vicepresidente de la C\u00e1mara Argentina de Turismo, Aldo El\u00edas, destac\u00f3 que durante el fin de semana largo el movimiento tur\u00edstico fue \u201cespectacular\u201d con\u2026","rel":"","context":"En \u00abSociedad\u00bb","block_context":{"text":"Sociedad","link":"https:\/\/www.24baires.com\/?cat=1"},"img":{"alt_text":"","src":"https:\/\/i0.wp.com\/www.24baires.com\/wp-content\/uploads\/2021\/09\/nocturnidad-pjpg-300x200.jpg?resize=350%2C200","width":350,"height":200},"classes":[]},{"id":121044,"url":"https:\/\/www.24baires.com\/?p=121044","url_meta":{"origin":121843,"position":3},"title":"Desde Necochea, Kicillof lament\u00f3 los n\u00fameros negativos de la temporada de verano","author":"GB","date":"29\/02\/2024","format":false,"excerpt":"El gobernador Axel Kicillof se reuni\u00f3 esta tarde con intendentes y sectores productivos de Necochea y la regi\u00f3n para analizar la \"floja\" temporada de verano. El gobernador de la provincia de Buenos Aires, Axel Kicillof, encabez\u00f3 esta tarde la cuarta y \u00faltima Conferencia de Verano en Necochea. All\u00ed, critic\u00f3 las\u2026","rel":"","context":"En \u00abProvincia\u00bb","block_context":{"text":"Provincia","link":"https:\/\/www.24baires.com\/?cat=40"},"img":{"alt_text":"","src":"https:\/\/i0.wp.com\/www.24baires.com\/wp-content\/uploads\/2024\/02\/axel-temporada.webp?resize=350%2C200","width":350,"height":200,"srcset":"https:\/\/i0.wp.com\/www.24baires.com\/wp-content\/uploads\/2024\/02\/axel-temporada.webp?resize=350%2C200 1x, https:\/\/i0.wp.com\/www.24baires.com\/wp-content\/uploads\/2024\/02\/axel-temporada.webp?resize=525%2C300 1.5x, https:\/\/i0.wp.com\/www.24baires.com\/wp-content\/uploads\/2024\/02\/axel-temporada.webp?resize=700%2C400 2x"},"classes":[]},{"id":83954,"url":"https:\/\/www.24baires.com\/?p=83954","url_meta":{"origin":121843,"position":4},"title":"Mar del Plata recibi\u00f3 un 50% menos de turistas que en Semana Santa","author":"GB","date":"20\/06\/2016","format":false,"excerpt":"La ciudad balnearia recibi\u00f3 98 mil turistas durante el fin de semana largo, representando una ca\u00edda del 50% en relaci\u00f3n al \u00faltimo feriado largo. En el interior hubo mucho movimiento regional y pocos viajeros provenientes de Buenos Aires. Los turistas que eligieron Mar del Plata para este fin de semana\u2026","rel":"","context":"En \u00abTurismo\u00bb","block_context":{"text":"Turismo","link":"https:\/\/www.24baires.com\/?cat=69"},"img":{"alt_text":"mar del plata turismo","src":"https:\/\/i0.wp.com\/www.24baires.com\/wp-content\/uploads\/2014\/07\/mar-del-plata-turismo.jpg?resize=350%2C200","width":350,"height":200,"srcset":"https:\/\/i0.wp.com\/www.24baires.com\/wp-content\/uploads\/2014\/07\/mar-del-plata-turismo.jpg?resize=350%2C200 1x, https:\/\/i0.wp.com\/www.24baires.com\/wp-content\/uploads\/2014\/07\/mar-del-plata-turismo.jpg?resize=525%2C300 1.5x"},"classes":[]},{"id":101373,"url":"https:\/\/www.24baires.com\/?p=101373","url_meta":{"origin":121843,"position":5},"title":"M\u00e1s de 200 mil turistas arribaron a Mar del Plata durante Semana Santa","author":"GB","date":"02\/04\/2018","format":false,"excerpt":"Seg\u00fan inform\u00f3 el Emtur, la cifra supera en un 31,9% al mismo per\u00edodo del a\u00f1o pasado. La ocupaci\u00f3n hotelera fue del 85 por ciento. Seg\u00fan inform\u00f3 el Ente Municipal de Turismo (Emtur), m\u00e1s de 214 mil personas visitaron Mar del Plata en Semana Santa. La cantidad de turistas que llegaron\u2026","rel":"","context":"En \u00abTurismo\u00bb","block_context":{"text":"Turismo","link":"https:\/\/www.24baires.com\/?cat=69"},"img":{"alt_text":"","src":"https:\/\/i0.wp.com\/www.24baires.com\/wp-content\/uploads\/2015\/01\/turistas-mar-del-plata.jpg?resize=350%2C200","width":350,"height":200,"srcset":"https:\/\/i0.wp.com\/www.24baires.com\/wp-content\/uploads\/2015\/01\/turistas-mar-del-plata.jpg?resize=350%2C200 1x, https:\/\/i0.wp.com\/www.24baires.com\/wp-content\/uploads\/2015\/01\/turistas-mar-del-plata.jpg?resize=525%2C300 1.5x"},"classes":[]}],"jetpack_sharing_enabled":true,"jetpack_likes_enabled":true,"_links":{"self":[{"href":"https:\/\/www.24baires.com\/index.php?rest_route=\/wp\/v2\/posts\/121843","targetHints":{"allow":["GET"]}}],"collection":[{"href":"https:\/\/www.24baires.com\/index.php?rest_route=\/wp\/v2\/posts"}],"about":[{"href":"https:\/\/www.24baires.com\/index.php?rest_route=\/wp\/v2\/types\/post"}],"author":[{"embeddable":true,"href":"https:\/\/www.24baires.com\/index.php?rest_route=\/wp\/v2\/users\/8"}],"replies":[{"embeddable":true,"href":"https:\/\/www.24baires.com\/index.php?rest_route=%2Fwp%2Fv2%2Fcomments&post=121843"}],"version-history":[{"count":1,"href":"https:\/\/www.24baires.com\/index.php?rest_route=\/wp\/v2\/posts\/121843\/revisions"}],"predecessor-version":[{"id":121845,"href":"https:\/\/www.24baires.com\/index.php?rest_route=\/wp\/v2\/posts\/121843\/revisions\/121845"}],"wp:attachment":[{"href":"https:\/\/www.24baires.com\/index.php?rest_route=%2Fwp%2Fv2%2Fmedia&parent=121843"}],"wp:term":[{"taxonomy":"category","embeddable":true,"href":"https:\/\/www.24baires.com\/index.php?rest_route=%2Fwp%2Fv2%2Fcategories&post=121843"},{"taxonomy":"post_tag","embeddable":true,"href":"https:\/\/www.24baires.com\/index.php?rest_route=%2Fwp%2Fv2%2Ftags&post=121843"}],"curies":[{"name":"wp","href":"https:\/\/api.w.org\/{rel}","templated":true}]}}