{"id":121837,"date":"2024-11-20T06:24:21","date_gmt":"2024-11-20T09:24:21","guid":{"rendered":"https:\/\/www.24baires.com\/?p=121837"},"modified":"2024-11-20T06:24:21","modified_gmt":"2024-11-20T09:24:21","slug":"aceiteros-en-estado-de-alerta-por-el-posible-cierre-de-la-fabrica-de-danica-en-llavallol","status":"publish","type":"post","link":"https:\/\/www.24baires.com\/?p=121837","title":{"rendered":"Aceiteros en \u00abestado de alerta\u00bb por el posible cierre de la f\u00e1brica de D\u00e1nica en Llavallol"},"content":{"rendered":"<p><img data-recalc-dims=\"1\" loading=\"lazy\" decoding=\"async\" class=\"aligncenter wp-image-121838\" src=\"https:\/\/i0.wp.com\/www.24baires.com\/wp-content\/uploads\/2024\/11\/danica.webp?resize=720%2C482\" alt=\"\" width=\"720\" height=\"482\" \/>El sindicato de Aceiteros denunci\u00f3 el vaciamiento y cierre de la planta de Llavallol, donde se produce la emblem\u00e1tica margarina. Est\u00e1n en riesgo 150 puestos de trabajo.<!--more--><\/p>\n<p>El Sindicato de Obreros y Empleados de la Industria del Aceite (SOEIA) denunci\u00f3 que la empresa Dorada S.A. lleva adelante un proceso de vaciamiento en su planta de Llavallol, ubicada en Lomas de Zamora, donde se produce la margarina D\u00e1nica Dorada.<\/p>\n<p>Seg\u00fan el sindicato, la compa\u00f1\u00eda abri\u00f3 \u00abretiros voluntarios\u00bb, no reemplaz\u00f3 puestos clave y comenz\u00f3 a trasladar insumos y maquinaria a C\u00f3rdoba, por lo que el gremio se declar\u00f3 en estado de alerta y pidi\u00f3 la intervenci\u00f3n del Gobierno bonaerense.<\/p>\n<p>A trav\u00e9s de un comunicado, el SOEIA advirti\u00f3 que \u00aben los \u00faltimos d\u00edas, la empresa abri\u00f3 \u2018retiros voluntarios\u2019 y no reemplaz\u00f3 los puestos vacantes (\u2026). En muchos casos se trata de puestos que resultan cr\u00edticos para el mantenimiento de la producci\u00f3n y para cuidar la salud de los trabajadores: la planta est\u00e1 operando sin responsable del \u00c1rea de Seguridad e Higiene. Los hacemos responsables por cualquier accidente que ocurra all\u00ed\u00bb.<\/p>\n<p>Adem\u00e1s, se\u00f1alaron que la conducci\u00f3n de la empresa ya estar\u00eda elaborando la margarina en C\u00f3rdoba, mientras realiza inventarios para trasladar equipos productivos al nuevo destino.<\/p>\n","protected":false},"excerpt":{"rendered":"<p>El sindicato de Aceiteros denunci\u00f3 el vaciamiento y cierre de la planta de Llavallol, donde se produce la emblem\u00e1tica margarina. Est\u00e1n en riesgo 150 puestos de trabajo.<\/p>\n","protected":false},"author":8,"featured_media":0,"comment_status":"closed","ping_status":"closed","sticky":false,"template":"","format":"standard","meta":{"_jetpack_newsletter_access":"","_jetpack_dont_email_post_to_subs":false,"_jetpack_newsletter_tier_id":0,"_jetpack_memberships_contains_paywalled_content":false,"_jetpack_memberships_contains_paid_content":false,"footnotes":""},"categories":[1],"tags":[],"class_list":["post-121837","post","type-post","status-publish","format-standard","hentry","category-sociedad"],"jetpack_featured_media_url":"","jetpack_shortlink":"https:\/\/wp.me\/p2JWE0-vH7","jetpack-related-posts":[{"id":107856,"url":"https:\/\/www.24baires.com\/?p=107856","url_meta":{"origin":121837,"position":0},"title":"D\u00e1nica despidi\u00f3 33 trabajadores de su planta de Lavallol","author":"GB","date":"27\/04\/2019","format":false,"excerpt":"La empresa argumenta una crisis econ\u00f3mica y financiera que los trabajadores desmienten por los altos niveles de producci\u00f3n. Tambi\u00e9n despidieron treinta obreros en San Luis. La empresa D\u00e1nica despidi\u00f3 hoy a 33 trabajadores en su planta de Lavallol, partido de Lomas de Zamora, y desde el Sindicato de Aceiteros denunciaron\u2026","rel":"","context":"En \u00abPol\u00edtica\u00bb","block_context":{"text":"Pol\u00edtica","link":"https:\/\/www.24baires.com\/?cat=51"},"img":{"alt_text":"","src":"https:\/\/i0.wp.com\/www.24baires.com\/wp-content\/uploads\/2019\/04\/danica.jpeg?resize=350%2C200","width":350,"height":200,"srcset":"https:\/\/i0.wp.com\/www.24baires.com\/wp-content\/uploads\/2019\/04\/danica.jpeg?resize=350%2C200 1x, https:\/\/i0.wp.com\/www.24baires.com\/wp-content\/uploads\/2019\/04\/danica.jpeg?resize=525%2C300 1.5x"},"classes":[]},{"id":114687,"url":"https:\/\/www.24baires.com\/?p=114687","url_meta":{"origin":121837,"position":1},"title":"D\u00e1nica reactiv\u00f3 su producci\u00f3n y Kicillof encabez\u00f3 la apertura","author":"AF","date":"13\/04\/2020","format":false,"excerpt":"Tras una breve paralizaci\u00f3n, la planta de Llavallol reabri\u00f3 con la presencia del Gobernador. El mandatario bonaerense Axel Kicillof visit\u00f3 este lunes la planta de D\u00e1nica, ubicada en Llavallol, que hab\u00eda paralizado su producci\u00f3n, y celebr\u00f3 la reactivaci\u00f3n. \"Vinimos a acompa\u00f1ar y apuntalar esa situaci\u00f3n para que siga trabajando\", sostuvo.\u2026","rel":"","context":"En \u00abSociedad\u00bb","block_context":{"text":"Sociedad","link":"https:\/\/www.24baires.com\/?cat=1"},"img":{"alt_text":"","src":"https:\/\/i0.wp.com\/www.24baires.com\/wp-content\/uploads\/2020\/04\/danica.jpeg?resize=350%2C200","width":350,"height":200,"srcset":"https:\/\/i0.wp.com\/www.24baires.com\/wp-content\/uploads\/2020\/04\/danica.jpeg?resize=350%2C200 1x, https:\/\/i0.wp.com\/www.24baires.com\/wp-content\/uploads\/2020\/04\/danica.jpeg?resize=525%2C300 1.5x"},"classes":[]},{"id":105870,"url":"https:\/\/www.24baires.com\/?p=105870","url_meta":{"origin":121837,"position":2},"title":"Llavallol: trabajadores de la exf\u00e1brica de galletitas Canale conformaron una cooperativa","author":"AF","date":"11\/12\/2018","format":false,"excerpt":"Tras meses de acampe frente a la f\u00e1brica de Llavallol y despu\u00e9s del aval de la Justicia, que les otorg\u00f3 la custodia de la planta, unos 70 trabajadores de Canale conformaron una cooperativa de trabajo. El nombre elegido para llevar adelante el proyecto es Cooperativa de Trabajo Metal\u00fargica de Llavallol\u2026","rel":"","context":"En \u00abLocales\u00bb","block_context":{"text":"Locales","link":"https:\/\/www.24baires.com\/?cat=38"},"img":{"alt_text":"","src":"https:\/\/i0.wp.com\/www.24baires.com\/wp-content\/uploads\/2018\/11\/canale.jpg?resize=350%2C200","width":350,"height":200,"srcset":"https:\/\/i0.wp.com\/www.24baires.com\/wp-content\/uploads\/2018\/11\/canale.jpg?resize=350%2C200 1x, https:\/\/i0.wp.com\/www.24baires.com\/wp-content\/uploads\/2018\/11\/canale.jpg?resize=525%2C300 1.5x"},"classes":[]},{"id":105226,"url":"https:\/\/www.24baires.com\/?p=105226","url_meta":{"origin":121837,"position":3},"title":"Canale cerr\u00f3 una de sus plantas y despidi\u00f3 a todos sus trabajadores","author":"AF","date":"01\/11\/2018","format":false,"excerpt":"En total son 86 las familias que se quedaron sin su sustento. Los empleados montaron un acampe pac\u00edfico para evitar el vaciamiento de la empresa. El Grupo Canale cerr\u00f3 la planta que tiene en la localidad bonaerense de Llavallol y despidi\u00f3 a todos sus trabajadores a los que ya les\u2026","rel":"","context":"En \u00abLocales\u00bb","block_context":{"text":"Locales","link":"https:\/\/www.24baires.com\/?cat=38"},"img":{"alt_text":"","src":"https:\/\/i0.wp.com\/www.24baires.com\/wp-content\/uploads\/2018\/11\/canale.jpg?resize=350%2C200","width":350,"height":200,"srcset":"https:\/\/i0.wp.com\/www.24baires.com\/wp-content\/uploads\/2018\/11\/canale.jpg?resize=350%2C200 1x, https:\/\/i0.wp.com\/www.24baires.com\/wp-content\/uploads\/2018\/11\/canale.jpg?resize=525%2C300 1.5x"},"classes":[]},{"id":106831,"url":"https:\/\/www.24baires.com\/?p=106831","url_meta":{"origin":121837,"position":4},"title":"Trabajadores despedidos de la aceitera Cofco marchar\u00e1n al Ministerio de Trabajo","author":"GB","date":"14\/02\/2019","format":false,"excerpt":"Mientras realizan un acampe en la planta ubicada en Valent\u00edn Alsina, los operarios convocan a movilizar en una nueva audiencia con la multinacional. Este jueves se llevar\u00e1 a cabo una nueva audiencia entre los trabajadores despedidos de la aceitera Cofco (ex Nidera) y representantes de la multinacional. En ese sentido,\u2026","rel":"","context":"En \u00abSociedad\u00bb","block_context":{"text":"Sociedad","link":"https:\/\/www.24baires.com\/?cat=1"},"img":{"alt_text":"","src":"https:\/\/i0.wp.com\/www.24baires.com\/wp-content\/uploads\/2019\/02\/despedidos-cofco.jpg?resize=350%2C200","width":350,"height":200,"srcset":"https:\/\/i0.wp.com\/www.24baires.com\/wp-content\/uploads\/2019\/02\/despedidos-cofco.jpg?resize=350%2C200 1x, https:\/\/i0.wp.com\/www.24baires.com\/wp-content\/uploads\/2019\/02\/despedidos-cofco.jpg?resize=525%2C300 1.5x"},"classes":[]},{"id":101632,"url":"https:\/\/www.24baires.com\/?p=101632","url_meta":{"origin":121837,"position":5},"title":"Gremio del calzado denuncia 6 mil despidos y pide el cierre de importaciones","author":"AF","date":"16\/04\/2018","format":false,"excerpt":"La Uni\u00f3n de Trabajadores de la Industria del Calzado de la Rep\u00fablica Argentina (Uticra) se declar\u00f3 en \"estado de alerta y movilizaci\u00f3n\" al denunciar una \"gran cantidad de cierres de medianos y peque\u00f1os establecimientos\" que deriv\u00f3 en 6 mil despidos, por lo que pidi\u00f3 el cierre de las importaciones. \"Se\u2026","rel":"","context":"En \u00abSociedad\u00bb","block_context":{"text":"Sociedad","link":"https:\/\/www.24baires.com\/?cat=1"},"img":{"alt_text":"","src":"https:\/\/i0.wp.com\/www.24baires.com\/wp-content\/uploads\/2018\/04\/zapatos.jpg?resize=350%2C200","width":350,"height":200,"srcset":"https:\/\/i0.wp.com\/www.24baires.com\/wp-content\/uploads\/2018\/04\/zapatos.jpg?resize=350%2C200 1x, https:\/\/i0.wp.com\/www.24baires.com\/wp-content\/uploads\/2018\/04\/zapatos.jpg?resize=525%2C300 1.5x"},"classes":[]}],"jetpack_sharing_enabled":true,"jetpack_likes_enabled":true,"_links":{"self":[{"href":"https:\/\/www.24baires.com\/index.php?rest_route=\/wp\/v2\/posts\/121837","targetHints":{"allow":["GET"]}}],"collection":[{"href":"https:\/\/www.24baires.com\/index.php?rest_route=\/wp\/v2\/posts"}],"about":[{"href":"https:\/\/www.24baires.com\/index.php?rest_route=\/wp\/v2\/types\/post"}],"author":[{"embeddable":true,"href":"https:\/\/www.24baires.com\/index.php?rest_route=\/wp\/v2\/users\/8"}],"replies":[{"embeddable":true,"href":"https:\/\/www.24baires.com\/index.php?rest_route=%2Fwp%2Fv2%2Fcomments&post=121837"}],"version-history":[{"count":1,"href":"https:\/\/www.24baires.com\/index.php?rest_route=\/wp\/v2\/posts\/121837\/revisions"}],"predecessor-version":[{"id":121839,"href":"https:\/\/www.24baires.com\/index.php?rest_route=\/wp\/v2\/posts\/121837\/revisions\/121839"}],"wp:attachment":[{"href":"https:\/\/www.24baires.com\/index.php?rest_route=%2Fwp%2Fv2%2Fmedia&parent=121837"}],"wp:term":[{"taxonomy":"category","embeddable":true,"href":"https:\/\/www.24baires.com\/index.php?rest_route=%2Fwp%2Fv2%2Fcategories&post=121837"},{"taxonomy":"post_tag","embeddable":true,"href":"https:\/\/www.24baires.com\/index.php?rest_route=%2Fwp%2Fv2%2Ftags&post=121837"}],"curies":[{"name":"wp","href":"https:\/\/api.w.org\/{rel}","templated":true}]}}