{"id":121825,"date":"2024-11-12T06:28:48","date_gmt":"2024-11-12T09:28:48","guid":{"rendered":"https:\/\/www.24baires.com\/?p=121825"},"modified":"2024-11-12T06:28:48","modified_gmt":"2024-11-12T09:28:48","slug":"avanza-en-el-senado-la-reforma-jubilatoria-del-bapro","status":"publish","type":"post","link":"https:\/\/www.24baires.com\/?p=121825","title":{"rendered":"Avanza en el Senado la reforma jubilatoria del Bapro"},"content":{"rendered":"<p><img data-recalc-dims=\"1\" loading=\"lazy\" decoding=\"async\" class=\"aligncenter wp-image-121826\" src=\"https:\/\/i0.wp.com\/www.24baires.com\/wp-content\/uploads\/2024\/11\/jubilacion-bapro.webp?resize=720%2C477\" alt=\"\" width=\"720\" height=\"477\" \/>Gracias a lamayor\u00eda de Uni\u00f3n por la Patria, Presupuesto e Impuestos dio luz verde al proyecto de reforma jubilatoria del Bapro impulsado por Axel Kicillof.<!--more--><\/p>\n<p>La comisi\u00f3n de Presupuesto e Impuestos del Senado bonaerense dio dictamen favorable al proyecto de reforma jubilatoria para los empleados del Banco Provincia, impulsado por el gobernador Axel Kicillof, que busca modificar la Ley 15.008 sancionada en 2017 durante la gesti\u00f3n de Mar\u00eda Eugenia Vidal. La iniciativa tiene como objetivo cumplir con las demandas de la Suprema Corte bonaerense sobre el r\u00e9gimen previsional del Bapro.<\/p>\n<p>El senador Marcelo Feli\u00fa, presidente de la comisi\u00f3n, afirm\u00f3 que la propuesta respond\u00eda a los requerimientos de la Suprema Corte, que convoc\u00f3 a audiencias para consensuar una soluci\u00f3n definitiva.<\/p>\n<p>El proyecto restablece la edad jubilatoria de las mujeres en 60 a\u00f1os y aumenta el porcentaje de c\u00e1lculo de jubilaciones al 82% del promedio salarial actualizado de los \u00faltimos 120 meses, en contraste con el 70% establecido por la ley vigente.<\/p>\n<p>La reforma tambi\u00e9n contempla un aumento en los aportes: los empleados activos pasar\u00edan del 14 al 16%, los ingresantes al 19% y las contribuciones del Banco Provincia al 21%, con el fin de solventar el incremento en los haberes jubilatorios.<\/p>\n","protected":false},"excerpt":{"rendered":"<p>Gracias a lamayor\u00eda de Uni\u00f3n por la Patria, Presupuesto e Impuestos dio luz verde al proyecto de reforma jubilatoria del Bapro impulsado por Axel Kicillof.<\/p>\n","protected":false},"author":8,"featured_media":0,"comment_status":"closed","ping_status":"closed","sticky":false,"template":"","format":"standard","meta":{"_jetpack_newsletter_access":"","_jetpack_dont_email_post_to_subs":false,"_jetpack_newsletter_tier_id":0,"_jetpack_memberships_contains_paywalled_content":false,"_jetpack_memberships_contains_paid_content":false,"footnotes":""},"categories":[40],"tags":[],"class_list":["post-121825","post","type-post","status-publish","format-standard","hentry","category-provincia"],"jetpack_featured_media_url":"","jetpack_shortlink":"https:\/\/wp.me\/p2JWE0-vGV","jetpack-related-posts":[{"id":121834,"url":"https:\/\/www.24baires.com\/?p=121834","url_meta":{"origin":121825,"position":0},"title":"El Senado aprob\u00f3 el RIGI bonaerense y modific\u00f3 la ley de jubilatoria de los trabajadores del BAPRO","author":"GB","date":"15\/11\/2024","format":false,"excerpt":"El Senado bonaerense aprob\u00f3 dos proyectos clave de Kicillof, con el apoyo de los libertarios dialoguistas: La reforma jubilatoria y el r\u00e9gimen de fomento a inversiones estrat\u00e9gicas. Este martes, el Senado de la Provincia de Buenos Aires aprob\u00f3 en sesi\u00f3n especial dos importantes proyectos impulsados por el gobernador Axel Kicillof:\u2026","rel":"","context":"En \u00abProvincia\u00bb","block_context":{"text":"Provincia","link":"https:\/\/www.24baires.com\/?cat=40"},"img":{"alt_text":"","src":"https:\/\/i0.wp.com\/www.24baires.com\/wp-content\/uploads\/2014\/08\/senado-bonaerense.jpg?resize=350%2C200","width":350,"height":200,"srcset":"https:\/\/i0.wp.com\/www.24baires.com\/wp-content\/uploads\/2014\/08\/senado-bonaerense.jpg?resize=350%2C200 1x, https:\/\/i0.wp.com\/www.24baires.com\/wp-content\/uploads\/2014\/08\/senado-bonaerense.jpg?resize=525%2C300 1.5x, https:\/\/i0.wp.com\/www.24baires.com\/wp-content\/uploads\/2014\/08\/senado-bonaerense.jpg?resize=700%2C400 2x"},"classes":[]},{"id":100428,"url":"https:\/\/www.24baires.com\/?p=100428","url_meta":{"origin":121825,"position":1},"title":"Banco provincia para por 48 horas","author":"GB","date":"08\/02\/2018","format":false,"excerpt":"Los trabajadores impulsan la medida de fuerza para rechazar la suba de la edad jubilatoria en la entidad. Ma\u00f1ana habr\u00e1 paro nacional bancario. Los trabajadores del Banco Provincia iniciaron hoy un paro de 48 horas para rechazar la modificaci\u00f3n de la caja jubilatoria en la entidad. La medida de fuerza\u2026","rel":"","context":"En \u00abProvincia\u00bb","block_context":{"text":"Provincia","link":"https:\/\/www.24baires.com\/?cat=40"},"img":{"alt_text":"","src":"https:\/\/i0.wp.com\/www.24baires.com\/wp-content\/uploads\/2017\/12\/banco-povincia.jpg?resize=350%2C200","width":350,"height":200,"srcset":"https:\/\/i0.wp.com\/www.24baires.com\/wp-content\/uploads\/2017\/12\/banco-povincia.jpg?resize=350%2C200 1x, https:\/\/i0.wp.com\/www.24baires.com\/wp-content\/uploads\/2017\/12\/banco-povincia.jpg?resize=525%2C300 1.5x"},"classes":[]},{"id":100636,"url":"https:\/\/www.24baires.com\/?p=100636","url_meta":{"origin":121825,"position":2},"title":"Piden ante la Corte la inconstitucionalidad de la reforma jubilatoria del Bapro","author":"AF","date":"20\/02\/2018","format":false,"excerpt":"En el marco del paro de 48 horas, miles de trabajadores bancarios se movilizaron en La Plata y aprovecharon para hacer una presentaci\u00f3n ante la Suprema Corte por la inconstitucionalidad de la Ley 15.008, que cambi\u00f3 el r\u00e9gimen jubilatorio del Banco Provincia. Con la participaci\u00f3n de las seccionales del Bapro\u2026","rel":"","context":"En \u00abJUDICIALES\u00bb","block_context":{"text":"JUDICIALES","link":"https:\/\/www.24baires.com\/?cat=68"},"img":{"alt_text":"","src":"https:\/\/i0.wp.com\/www.24baires.com\/wp-content\/uploads\/2017\/03\/bapro.jpg?resize=350%2C200","width":350,"height":200,"srcset":"https:\/\/i0.wp.com\/www.24baires.com\/wp-content\/uploads\/2017\/03\/bapro.jpg?resize=350%2C200 1x, https:\/\/i0.wp.com\/www.24baires.com\/wp-content\/uploads\/2017\/03\/bapro.jpg?resize=525%2C300 1.5x"},"classes":[]},{"id":99343,"url":"https:\/\/www.24baires.com\/?p=99343","url_meta":{"origin":121825,"position":3},"title":"Vidal aumenta la edad jubilatoria para los trabajadores del Banco Provincia","author":"GB","date":"12\/12\/2017","format":false,"excerpt":"La gobernadora bonaerense firm\u00f3 un proyecto para modificar la caja previsional del BAPRO donde se eleva la edad jubilatoria de los empleados y adem\u00e1s se eliminan las jubilaciones de privilegio en b\u00fasqueda de reducir el d\u00e9ficit fiscal y ajustar el gasto p\u00fablico. Mar\u00eda Eugenia Vidal enviar\u00e1 un proyecto a la\u2026","rel":"","context":"En \u00abProvincia\u00bb","block_context":{"text":"Provincia","link":"https:\/\/www.24baires.com\/?cat=40"},"img":{"alt_text":"","src":"https:\/\/i0.wp.com\/www.24baires.com\/wp-content\/uploads\/2017\/10\/vidal.jpg?resize=350%2C200","width":350,"height":200,"srcset":"https:\/\/i0.wp.com\/www.24baires.com\/wp-content\/uploads\/2017\/10\/vidal.jpg?resize=350%2C200 1x, https:\/\/i0.wp.com\/www.24baires.com\/wp-content\/uploads\/2017\/10\/vidal.jpg?resize=525%2C300 1.5x"},"classes":[]},{"id":101365,"url":"https:\/\/www.24baires.com\/?p=101365","url_meta":{"origin":121825,"position":4},"title":"El Banco Provincia parar\u00e1 por 48 horas","author":"GB","date":"01\/04\/2018","format":false,"excerpt":"Es contra la reforma previsional del personal bancario bonaerense y para oponerse al techo paritario. No se descarta un paro nacional para esta semana. El martes 3 y mi\u00e9rcoles 4 de abril habr\u00e1 paro en el Banco Provincia en rechazo a la reforma jubilatoria y por salarios justos, seg\u00fan informaron\u2026","rel":"","context":"En \u00abSociedad\u00bb","block_context":{"text":"Sociedad","link":"https:\/\/www.24baires.com\/?cat=1"},"img":{"alt_text":"","src":"https:\/\/i0.wp.com\/www.24baires.com\/wp-content\/uploads\/2017\/12\/banco-povincia.jpg?resize=350%2C200","width":350,"height":200,"srcset":"https:\/\/i0.wp.com\/www.24baires.com\/wp-content\/uploads\/2017\/12\/banco-povincia.jpg?resize=350%2C200 1x, https:\/\/i0.wp.com\/www.24baires.com\/wp-content\/uploads\/2017\/12\/banco-povincia.jpg?resize=525%2C300 1.5x"},"classes":[]},{"id":99542,"url":"https:\/\/www.24baires.com\/?p=99542","url_meta":{"origin":121825,"position":5},"title":"El Banco Provincia continuar\u00e1 toda la semana con el paro de actividades","author":"GB","date":"20\/12\/2017","format":false,"excerpt":"Trabajadores del Banco Provincia ratificaron hoy las medidas de fuerza para rechazar la reforma previsional que contempla la suba de la edad jubilatoria. El paro general de los trabajadores del Banco Provincia (BAPRO) se extender\u00e1 toda la semana, seg\u00fan anunciaron desde el sindicato. La medida fue tomada luego de que\u2026","rel":"","context":"En \u00abProvincia\u00bb","block_context":{"text":"Provincia","link":"https:\/\/www.24baires.com\/?cat=40"},"img":{"alt_text":"","src":"https:\/\/i0.wp.com\/www.24baires.com\/wp-content\/uploads\/2017\/12\/banco-povincia.jpg?resize=350%2C200","width":350,"height":200,"srcset":"https:\/\/i0.wp.com\/www.24baires.com\/wp-content\/uploads\/2017\/12\/banco-povincia.jpg?resize=350%2C200 1x, https:\/\/i0.wp.com\/www.24baires.com\/wp-content\/uploads\/2017\/12\/banco-povincia.jpg?resize=525%2C300 1.5x"},"classes":[]}],"jetpack_sharing_enabled":true,"jetpack_likes_enabled":true,"_links":{"self":[{"href":"https:\/\/www.24baires.com\/index.php?rest_route=\/wp\/v2\/posts\/121825","targetHints":{"allow":["GET"]}}],"collection":[{"href":"https:\/\/www.24baires.com\/index.php?rest_route=\/wp\/v2\/posts"}],"about":[{"href":"https:\/\/www.24baires.com\/index.php?rest_route=\/wp\/v2\/types\/post"}],"author":[{"embeddable":true,"href":"https:\/\/www.24baires.com\/index.php?rest_route=\/wp\/v2\/users\/8"}],"replies":[{"embeddable":true,"href":"https:\/\/www.24baires.com\/index.php?rest_route=%2Fwp%2Fv2%2Fcomments&post=121825"}],"version-history":[{"count":1,"href":"https:\/\/www.24baires.com\/index.php?rest_route=\/wp\/v2\/posts\/121825\/revisions"}],"predecessor-version":[{"id":121827,"href":"https:\/\/www.24baires.com\/index.php?rest_route=\/wp\/v2\/posts\/121825\/revisions\/121827"}],"wp:attachment":[{"href":"https:\/\/www.24baires.com\/index.php?rest_route=%2Fwp%2Fv2%2Fmedia&parent=121825"}],"wp:term":[{"taxonomy":"category","embeddable":true,"href":"https:\/\/www.24baires.com\/index.php?rest_route=%2Fwp%2Fv2%2Fcategories&post=121825"},{"taxonomy":"post_tag","embeddable":true,"href":"https:\/\/www.24baires.com\/index.php?rest_route=%2Fwp%2Fv2%2Ftags&post=121825"}],"curies":[{"name":"wp","href":"https:\/\/api.w.org\/{rel}","templated":true}]}}