{"id":12182,"date":"2013-01-14T20:11:43","date_gmt":"2013-01-14T23:11:43","guid":{"rendered":"http:\/\/www.24baires.com\/?p=12182"},"modified":"2013-01-14T20:11:49","modified_gmt":"2013-01-14T23:11:49","slug":"dieron-de-alta-al-joven-que-le-sacaron-un-clavo-del-corazon-en-florencio-varela","status":"publish","type":"post","link":"https:\/\/www.24baires.com\/?p=12182","title":{"rendered":"Dieron de alta al joven que le sacaron un clavo del coraz\u00f3n en Florencio Varela"},"content":{"rendered":"<p style=\"text-align: center;\"><a href=\"http:\/\/www.24baires.com\/sociedad\/12182-dieron-de-alta-al-joven-que-le-sacaron-un-clavo-del-corazon-en-florencio-varela\/attachment\/clavo-corazon\/\" rel=\"attachment wp-att-12183\"><img data-recalc-dims=\"1\" loading=\"lazy\" decoding=\"async\" class=\"aligncenter  wp-image-12183\" alt=\"clavo corazon\" src=\"https:\/\/i0.wp.com\/www.24baires.com\/wp-content\/uploads\/2013\/01\/clavo-corazon.jpg?resize=560%2C375\" width=\"560\" height=\"375\" \/><\/a><\/p>\n<p>Jonathan Rodr\u00edguez asegur\u00f3 que le dieron \u201cuna nueva vida\u201d en el hospital El Cruce-N\u00e9stor Kirchner, de la localidad bonaerense de Florencio Varela, al recibir esta ma\u00f1ana el alta.<!--more--><\/p>\n<p>\u201cMe siento muy afortunado de estar vivo y agradezco al hospital, porque la verdad que es un lujo y me siento de diez. Un clavo casi me cuesta la vida, pero gracias a los doctores, gracias a este lugar, volv\u00ed a nacer\u201d, dijo a la prensa que lo aguardaba en el hall del centro de salud.<\/p>\n<p>El joven fue intervenido de urgencia luego de que un clavo de ocho cent\u00edmetros de largo le atravesara el pecho y penetrara cinco cent\u00edmetros adentro del coraz\u00f3n, como consecuencia de un accidente de trabajo ocurrido en la f\u00e1brica de pallets donde trabaja, en la localidad de Ca\u00f1uelas.<\/p>\n<p>\u201cSon casos extremadamente raros: es el primer caso en Argentina y el cuarto con sobrevida en el mundo\u201d, explic\u00f3 el cirujano cardiovascular Marcelo Nahin, el jefe del equipo que lo oper\u00f3.<\/p>\n<p>El m\u00e9dico cont\u00f3 que su coraz\u00f3n lati\u00f3 durante 9 horas con ese clavo adentro. \u00abSi tenemos en cuenta que el coraz\u00f3n late 80 veces por minuto, lati\u00f3 40 mil veces con el clavo y podr\u00eda haber sucedido que tuviera una lesi\u00f3n valvular\u201d, algo que finalmente se comprob\u00f3 que no exist\u00eda porque el \u00f3rgano, una vez suturado, revel\u00f3 estar \u201cestructuralmente intacto\u201d.<\/p>\n<p>\u201cLa evoluci\u00f3n de Jonathan ha sido muy buena; si fuera por m\u00ed lo habr\u00eda dado de alta el viernes, pero hoy reci\u00e9n se cumplen seis d\u00edas del postoperatorio. Sin dudas ha colaborado mucho la edad en su recuperaci\u00f3n\u201d, agreg\u00f3 Nahin.<\/p>\n<p>\u201cDesde el punto de vista card\u00edaco, ya tiene la herida cerrada. Obviamente los primeros 30 d\u00edas le vamos a pedir que no haga deportes y se cuide un poco, pero el coraz\u00f3n ya no tiene ning\u00fan tipo de lesi\u00f3n. Lo \u00fanico que tiene que hacer es cuidar el hueso para que se consolide la fractura que nosotros hicimos en la intervenci\u00f3n\u201d, explic\u00f3.<\/p>\n<p>Jonathan cont\u00f3 que hasta llegar al quir\u00f3fano nunca perdi\u00f3 el conocimiento a pesar de que sinti\u00f3 \u00abun gran ardor que cada vez se enterraba m\u00e1s\u201d.<\/p>\n<p>\u201cMe acuerdo de todo. Los m\u00e9dicos me dijeron que mi situaci\u00f3n era muy grave, que estaba muy complicada la cosa, pero que iban a hacer todo lo posible. Gracias a ellos estoy vivo\u201d, dijo.<\/p>\n<p>El fat\u00eddico clavo fue disparado por una pistola neum\u00e1tica que era manipulada por un compa\u00f1ero de trabajo de Jonathan.<\/p>\n<p>\u201cFue un descuido, un accidente laboral. Cuando me vino a ver con su familia se pusieron a llorar porque me vieron todo lleno de tubos, pero yo ya me sent\u00eda muy bien. Le dije que no sintiera mal, que fue un accidente y no a prop\u00f3sito\u201d, cont\u00f3.<\/p>\n<p>&nbsp;<\/p>\n<p>&nbsp;<\/p>\n<p>&nbsp;<\/p>\n<p>&nbsp;<\/p>\n","protected":false},"excerpt":{"rendered":"<p>Jonathan Rodr\u00edguez asegur\u00f3 que le dieron \u201cuna nueva vida\u201d en el hospital El Cruce-N\u00e9stor Kirchner, de la localidad bonaerense de Florencio Varela, al recibir esta ma\u00f1ana el alta.<\/p>\n","protected":false},"author":11,"featured_media":0,"comment_status":"open","ping_status":"open","sticky":false,"template":"","format":"standard","meta":{"_jetpack_newsletter_access":"","_jetpack_dont_email_post_to_subs":false,"_jetpack_newsletter_tier_id":0,"_jetpack_memberships_contains_paywalled_content":false,"_jetpack_memberships_contains_paid_content":false,"footnotes":""},"categories":[1],"tags":[],"class_list":["post-12182","post","type-post","status-publish","format-standard","hentry","category-sociedad"],"jetpack_featured_media_url":"","jetpack_shortlink":"https:\/\/wp.me\/p2JWE0-3au","jetpack-related-posts":[{"id":35006,"url":"https:\/\/www.24baires.com\/?p=35006","url_meta":{"origin":12182,"position":0},"title":"Boudou asegur\u00f3 que en Argentina hay \u00abpol\u00edticas de pa\u00eds, integrales\u00bb","author":"GB","date":"11\/11\/2013","format":false,"excerpt":"FLORENCIO VARELA-\u00a0El vicepresidente de la Naci\u00f3n en ejercicio del Poder Ejecutivo, Amado Boudou, reafirm\u00f3 hoy que en el pa\u00eds \"hay una pol\u00edtica de Estado que marca crecimiento con inclusi\u00f3n social\", al tiempo que celebr\u00f3 el inminente regreso a la actividad de la presidenta Cristina Fern\u00e1ndez de Kirchner, quien recibi\u00f3 el\u2026","rel":"","context":"En \u00abPol\u00edtica\u00bb","block_context":{"text":"Pol\u00edtica","link":"https:\/\/www.24baires.com\/?cat=51"},"img":{"alt_text":"boudou fv","src":"https:\/\/i0.wp.com\/www.24baires.com\/wp-content\/uploads\/2013\/11\/boudou-fv.jpg?resize=350%2C200","width":350,"height":200,"srcset":"https:\/\/i0.wp.com\/www.24baires.com\/wp-content\/uploads\/2013\/11\/boudou-fv.jpg?resize=350%2C200 1x, https:\/\/i0.wp.com\/www.24baires.com\/wp-content\/uploads\/2013\/11\/boudou-fv.jpg?resize=525%2C300 1.5x"},"classes":[]},{"id":666,"url":"https:\/\/www.24baires.com\/?p=666","url_meta":{"origin":12182,"position":1},"title":"Realizan exitoso trasplante de coraz\u00f3n en hospital de Florencio Varela","author":"Grupo Sierra","date":"28\/09\/2012","format":false,"excerpt":"La complicada cirug\u00eda estuvo a cargo del equipo de trasplante card\u00edaco del Hospital \u201cEl Cruce\u201d, conducido por Alejandro Macha\u00edn y Roberto Grinfeld. El ministro de Salud de la Naci\u00f3n celebr\u00f3 la operaci\u00f3n. El segundo trasplante card\u00edaco realizado en el Hospital \u201cEl Cruce\u2013N\u00e9stor Kirchner\u201d de la localidad bonaerense de Florencio Varela\u2026","rel":"","context":"En \u00abSociedad\u00bb","block_context":{"text":"Sociedad","link":"https:\/\/www.24baires.com\/?cat=1"},"img":{"alt_text":"","src":"","width":0,"height":0},"classes":[]},{"id":102941,"url":"https:\/\/www.24baires.com\/?p=102941","url_meta":{"origin":12182,"position":2},"title":"Trabajadores del hospital El Cruce denuncian que les quitaron m\u00e1s del 40% del presupuesto","author":"GB","date":"22\/06\/2018","format":false,"excerpt":"El centro m\u00e9dico ubicado en Florencio Varela, inaugurado en 2017 y reconocido como uno de los cuatro mejores de Am\u00e9rica Latina en alta complejidad, proyect\u00f3 para su funcionamiento de este a\u00f1o $2574 millones, pero los gobiernos nacional y bonaerense s\u00f3lo otorgaron $1469 millones. \"Ahorren\", la sugerencia de la gesti\u00f3n de\u2026","rel":"","context":"En \u00abProvincia\u00bb","block_context":{"text":"Provincia","link":"https:\/\/www.24baires.com\/?cat=40"},"img":{"alt_text":"","src":"https:\/\/i0.wp.com\/www.24baires.com\/wp-content\/uploads\/2018\/06\/hospital-florencio-varela.jpg?resize=350%2C200","width":350,"height":200,"srcset":"https:\/\/i0.wp.com\/www.24baires.com\/wp-content\/uploads\/2018\/06\/hospital-florencio-varela.jpg?resize=350%2C200 1x, https:\/\/i0.wp.com\/www.24baires.com\/wp-content\/uploads\/2018\/06\/hospital-florencio-varela.jpg?resize=525%2C300 1.5x"},"classes":[]},{"id":107325,"url":"https:\/\/www.24baires.com\/?p=107325","url_meta":{"origin":12182,"position":3},"title":"Se electrocut\u00f3 mientras esperaba ser atendido en un Centro de Salud de Florencio Varela","author":"GB","date":"22\/03\/2019","format":false,"excerpt":"El hecho ocurri\u00f3 en el CAPS de Zeballos II y el menor padeci\u00f3 quemaduras en sus manos por lo que fue trasladado al hospital Mi Pueblo. D\u00edas atr\u00e1s, se hab\u00eda ca\u00eddo el cielorraso de una oficina de ese nosocomio. Preocupaci\u00f3n de los trabajadores. El sistema de salud p\u00fablica atraviesa una\u2026","rel":"","context":"En \u00abProvincia\u00bb","block_context":{"text":"Provincia","link":"https:\/\/www.24baires.com\/?cat=40"},"img":{"alt_text":"","src":"https:\/\/i0.wp.com\/www.24baires.com\/wp-content\/uploads\/2019\/03\/hospital.jpg?resize=350%2C200","width":350,"height":200,"srcset":"https:\/\/i0.wp.com\/www.24baires.com\/wp-content\/uploads\/2019\/03\/hospital.jpg?resize=350%2C200 1x, https:\/\/i0.wp.com\/www.24baires.com\/wp-content\/uploads\/2019\/03\/hospital.jpg?resize=525%2C300 1.5x"},"classes":[]},{"id":102978,"url":"https:\/\/www.24baires.com\/?p=102978","url_meta":{"origin":12182,"position":4},"title":"Florencio Varela: nacieron dos beb\u00e9s casi en simult\u00e1neo en una comisar\u00eda","author":"AF","date":"25\/06\/2018","format":false,"excerpt":"Dos beb\u00e9s, una nena y un nene, nacieron casi en simult\u00e1neo esta madrugada, con una diferencia de 20 minutos, en la comisar\u00eda sexta de la localidad de Ingeniero Allan, en Florencio Varela. El primero ocurri\u00f3 cuando la parturienta y su pareja llegaron a la guardia y el nacimiento del ni\u00f1o\u2026","rel":"","context":"En \u00abSociedad\u00bb","block_context":{"text":"Sociedad","link":"https:\/\/www.24baires.com\/?cat=1"},"img":{"alt_text":"","src":"https:\/\/i0.wp.com\/www.24baires.com\/wp-content\/uploads\/2018\/06\/hospital-florencio-varela.jpg?resize=350%2C200","width":350,"height":200,"srcset":"https:\/\/i0.wp.com\/www.24baires.com\/wp-content\/uploads\/2018\/06\/hospital-florencio-varela.jpg?resize=350%2C200 1x, https:\/\/i0.wp.com\/www.24baires.com\/wp-content\/uploads\/2018\/06\/hospital-florencio-varela.jpg?resize=525%2C300 1.5x"},"classes":[]},{"id":103016,"url":"https:\/\/www.24baires.com\/?p=103016","url_meta":{"origin":12182,"position":5},"title":"Convocan a un abrazo solidario al Hospital \u00abEl Cruce\u00bb de Florencio Varela","author":"GB","date":"27\/06\/2018","format":false,"excerpt":"Es para denunciar el ajuste impulsado por Naci\u00f3n y Provincia. Ayer, intendentes y legisladores del PJ denunciaron el \"vaciamiento\" de la instituci\u00f3n. Bajo la consigna \"Salvemos al Hospital El Cruce\", los trabajadores convocan para ma\u00f1\u00e1na a las 11 a un \"abrazo solidario\" para denunciar el ajuste impulsado por los gobiernos\u2026","rel":"","context":"En \u00abSociedad\u00bb","block_context":{"text":"Sociedad","link":"https:\/\/www.24baires.com\/?cat=1"},"img":{"alt_text":"","src":"https:\/\/i0.wp.com\/www.24baires.com\/wp-content\/uploads\/2018\/06\/hospital-florencio-varela.jpg?resize=350%2C200","width":350,"height":200,"srcset":"https:\/\/i0.wp.com\/www.24baires.com\/wp-content\/uploads\/2018\/06\/hospital-florencio-varela.jpg?resize=350%2C200 1x, https:\/\/i0.wp.com\/www.24baires.com\/wp-content\/uploads\/2018\/06\/hospital-florencio-varela.jpg?resize=525%2C300 1.5x"},"classes":[]}],"jetpack_sharing_enabled":true,"jetpack_likes_enabled":true,"_links":{"self":[{"href":"https:\/\/www.24baires.com\/index.php?rest_route=\/wp\/v2\/posts\/12182","targetHints":{"allow":["GET"]}}],"collection":[{"href":"https:\/\/www.24baires.com\/index.php?rest_route=\/wp\/v2\/posts"}],"about":[{"href":"https:\/\/www.24baires.com\/index.php?rest_route=\/wp\/v2\/types\/post"}],"author":[{"embeddable":true,"href":"https:\/\/www.24baires.com\/index.php?rest_route=\/wp\/v2\/users\/11"}],"replies":[{"embeddable":true,"href":"https:\/\/www.24baires.com\/index.php?rest_route=%2Fwp%2Fv2%2Fcomments&post=12182"}],"version-history":[{"count":4,"href":"https:\/\/www.24baires.com\/index.php?rest_route=\/wp\/v2\/posts\/12182\/revisions"}],"predecessor-version":[{"id":12187,"href":"https:\/\/www.24baires.com\/index.php?rest_route=\/wp\/v2\/posts\/12182\/revisions\/12187"}],"wp:attachment":[{"href":"https:\/\/www.24baires.com\/index.php?rest_route=%2Fwp%2Fv2%2Fmedia&parent=12182"}],"wp:term":[{"taxonomy":"category","embeddable":true,"href":"https:\/\/www.24baires.com\/index.php?rest_route=%2Fwp%2Fv2%2Fcategories&post=12182"},{"taxonomy":"post_tag","embeddable":true,"href":"https:\/\/www.24baires.com\/index.php?rest_route=%2Fwp%2Fv2%2Ftags&post=12182"}],"curies":[{"name":"wp","href":"https:\/\/api.w.org\/{rel}","templated":true}]}}