{"id":121819,"date":"2024-11-08T06:26:18","date_gmt":"2024-11-08T09:26:18","guid":{"rendered":"https:\/\/www.24baires.com\/?p=121819"},"modified":"2024-11-08T06:26:18","modified_gmt":"2024-11-08T09:26:18","slug":"provincia-presento-una-denuncia-contra-milei-por-quitar-fondos-para-la-proteccion-forestal","status":"publish","type":"post","link":"https:\/\/www.24baires.com\/?p=121819","title":{"rendered":"Provincia present\u00f3 una denuncia contra Milei por quitar fondos para la protecci\u00f3n forestal"},"content":{"rendered":"<p><img data-recalc-dims=\"1\" loading=\"lazy\" decoding=\"async\" class=\"aligncenter wp-image-121820\" src=\"https:\/\/i0.wp.com\/www.24baires.com\/wp-content\/uploads\/2024\/11\/bosque-general-belgrano-1jpg.webp?resize=720%2C493\" alt=\"\" width=\"720\" height=\"493\" \/>La ministra Daniela Vilar anunci\u00f3 que la Provincia de Buenos Aires acudir\u00e1 a la Corte Suprema para frenar la eliminaci\u00f3n del Fondo Fiduciario para Bosques Nativos.<!--more--><\/p>\n<p>La Ministra de Ambiente de la Provincia de Buenos Aires, Daniela Vilar, expres\u00f3 en\u00e9rgicamente su rechazo a la eliminaci\u00f3n del Fondo Fiduciario para la Protecci\u00f3n de los Bosques Nativos (FOBOSQUE), una medida tomada por el gobierno nacional a trav\u00e9s del Decreto 888\/2024. Seg\u00fan Vilar, esta decisi\u00f3n representa un grave retroceso en las pol\u00edticas ambientales y en la lucha contra la deforestaci\u00f3n, afectando de manera directa a la Ley de Protecci\u00f3n de Bosques Nativos, el federalismo y la capacidad de las provincias para avanzar en sus propios planes de conservaci\u00f3n.<\/p>\n<p>A ra\u00edz de esta medida, el gobierno provincial decidi\u00f3 llevar el caso ante la Corte Suprema de Justicia, solicitando la inconstitucionalidad del decreto y la transferencia inmediata de los fondos que, seg\u00fan Vilar, ya est\u00e1n comprometidos en varios proyectos de manejo y conservaci\u00f3n en territorio bonaerense. \u00abDesde la Provincia no nos quedamos de brazos cruzados. Demandamos al Estado nacional ante la Corte Suprema\u00bb, afirm\u00f3 la ministra en su cuenta de X (antes Twitter), donde tambi\u00e9n cuestion\u00f3 las declaraciones de Manuel Adorni, vocero presidencial, quien justific\u00f3 la eliminaci\u00f3n del fondo.<\/p>\n<p>Vilar desminti\u00f3 las afirmaciones de Adorni, quien hab\u00eda se\u00f1alado que el FOBOSQUE \u00abse us\u00f3 para financiar cajas de la pol\u00edtica\u00bb y que no contaba con indicadores claros para medir resultados. \u00abEsto es completamente falso\u00bb, se\u00f1al\u00f3 la ministra. Seg\u00fan Vilar, el fondo ha sido clave para reducir la tasa de deforestaci\u00f3n desde su creaci\u00f3n en 2018, y ha garantizado la correcta distribuci\u00f3n de los recursos entre las provincias, as\u00ed como la continuidad de pol\u00edticas p\u00fablicas en defensa de los ecosistemas de bosques nativos.<\/p>\n","protected":false},"excerpt":{"rendered":"<p>La ministra Daniela Vilar anunci\u00f3 que la Provincia de Buenos Aires acudir\u00e1 a la Corte Suprema para frenar la eliminaci\u00f3n del Fondo Fiduciario para Bosques Nativos.<\/p>\n","protected":false},"author":8,"featured_media":0,"comment_status":"closed","ping_status":"closed","sticky":false,"template":"","format":"standard","meta":{"_jetpack_newsletter_access":"","_jetpack_dont_email_post_to_subs":false,"_jetpack_newsletter_tier_id":0,"_jetpack_memberships_contains_paywalled_content":false,"_jetpack_memberships_contains_paid_content":false,"footnotes":""},"categories":[40],"tags":[],"class_list":["post-121819","post","type-post","status-publish","format-standard","hentry","category-provincia"],"jetpack_featured_media_url":"","jetpack_shortlink":"https:\/\/wp.me\/p2JWE0-vGP","jetpack-related-posts":[{"id":47649,"url":"https:\/\/www.24baires.com\/?p=47649","url_meta":{"origin":121819,"position":0},"title":"Buscan proteger por ley los bosques nativos bonaerenses","author":"AF","date":"08\/06\/2014","format":false,"excerpt":"El diputado provincial Rub\u00e9n Grenada (FAP), propuso este viernes crear un marco para regular los bosques de la provincia al resaltar que se deben \"tener pautas de desarrollo que impliquen la conservaci\u00f3n de nuestros bosques nativos\" y que en la provinciade Buenos Aires \"se deben detener los desmontes\". Seg\u00fan explic\u00f3\u2026","rel":"","context":"En \u00abProvincia\u00bb","block_context":{"text":"Provincia","link":"https:\/\/www.24baires.com\/?cat=40"},"img":{"alt_text":"bosque","src":"https:\/\/i0.wp.com\/www.24baires.com\/wp-content\/uploads\/2014\/06\/bosque.jpg?resize=350%2C200","width":350,"height":200,"srcset":"https:\/\/i0.wp.com\/www.24baires.com\/wp-content\/uploads\/2014\/06\/bosque.jpg?resize=350%2C200 1x, https:\/\/i0.wp.com\/www.24baires.com\/wp-content\/uploads\/2014\/06\/bosque.jpg?resize=525%2C300 1.5x"},"classes":[]},{"id":54898,"url":"https:\/\/www.24baires.com\/?p=54898","url_meta":{"origin":121819,"position":1},"title":"OPDS clausur\u00f3 un predio por tala de un bosque nativo en Ramallo","author":"GB","date":"06\/10\/2014","format":false,"excerpt":"El Organismo Provincial para el Desarrollo Sostenible (OPDS) volvi\u00f3 a clausurar un predio en la localidad bonaerense de Ramallo por el desmonte de un bosque nativo, al tiempo que advirti\u00f3 que el lugar, que no cuenta con estudios de impacto ambiental, iba a ser destinado para la construcci\u00f3n de una\u2026","rel":"","context":"En \u00abSociedad\u00bb","block_context":{"text":"Sociedad","link":"https:\/\/www.24baires.com\/?cat=1"},"img":{"alt_text":"campo1","src":"https:\/\/i0.wp.com\/www.24baires.com\/wp-content\/uploads\/2014\/10\/campo1.jpg?resize=350%2C200","width":350,"height":200,"srcset":"https:\/\/i0.wp.com\/www.24baires.com\/wp-content\/uploads\/2014\/10\/campo1.jpg?resize=350%2C200 1x, https:\/\/i0.wp.com\/www.24baires.com\/wp-content\/uploads\/2014\/10\/campo1.jpg?resize=525%2C300 1.5x"},"classes":[]},{"id":41228,"url":"https:\/\/www.24baires.com\/?p=41228","url_meta":{"origin":121819,"position":2},"title":"Piden parar con urgencia los desmontes en la Provincia","author":"Grupo Sierra","date":"27\/02\/2014","format":false,"excerpt":"Desde la Defensor\u00eda del Pueblo de la Provincia, Greenpeace, Aves Argentinas y organizaciones socioambientales, denuncian irregularidades y negocios inmobiliarios con los bosques nativos bonaerenses. El viernes 14 de febrero El Organismo Provincial de Desarrollo Sostenible ODPS realiz\u00f3 la 2\u00ba Audiencia P\u00fablica en el marco de la Ley Nacional Nro.26.331 Presupuestos\u2026","rel":"","context":"En \u00abProvincia\u00bb","block_context":{"text":"Provincia","link":"https:\/\/www.24baires.com\/?cat=40"},"img":{"alt_text":"bosques","src":"https:\/\/i0.wp.com\/www.24baires.com\/wp-content\/uploads\/2014\/02\/bosques-245x300.jpg?resize=350%2C200","width":350,"height":200},"classes":[]},{"id":100404,"url":"https:\/\/www.24baires.com\/?p=100404","url_meta":{"origin":121819,"position":3},"title":"El Gobierno bonaerense oficializ\u00f3 el decreto contra el nepotismo","author":"GB","date":"07\/02\/2018","format":false,"excerpt":"La medida establece que los familiares de los funcionarios deber\u00e1n dejar su cargo antes del 1 de marzo de este a\u00f1o. El gobierno de Mar\u00eda Eugenia Vidal oficializ\u00f3 el decreto que proh\u00edbe la designaci\u00f3n de familiares de funcionarios en la administraci\u00f3n p\u00fablica bonaerense. \"Resulta necesario que la provincia de Buenos\u2026","rel":"","context":"En \u00abProvincia\u00bb","block_context":{"text":"Provincia","link":"https:\/\/www.24baires.com\/?cat=40"},"img":{"alt_text":"","src":"https:\/\/i0.wp.com\/www.24baires.com\/wp-content\/uploads\/2018\/02\/gonernacion-la-plata.jpg?resize=350%2C200","width":350,"height":200,"srcset":"https:\/\/i0.wp.com\/www.24baires.com\/wp-content\/uploads\/2018\/02\/gonernacion-la-plata.jpg?resize=350%2C200 1x, https:\/\/i0.wp.com\/www.24baires.com\/wp-content\/uploads\/2018\/02\/gonernacion-la-plata.jpg?resize=525%2C300 1.5x"},"classes":[]},{"id":91015,"url":"https:\/\/www.24baires.com\/?p=91015","url_meta":{"origin":121819,"position":4},"title":"Sancionaron la Ley de Bosques Nativos bonaerenses","author":"AF","date":"23\/12\/2016","format":false,"excerpt":"La C\u00e1mara de Diputados sancion\u00f3 la Ley de Bosques Nativos de la Provincia de Buenos Aires, en la \u00faltima sesi\u00f3n del a\u00f1o. La iniciativa establece un Ordenamiento Territorial de los Bosques Nativos, los cuales actualmente ocupan s\u00f3lo un 3% del territorio, con el objetivo de conservar el suelo y la\u2026","rel":"","context":"En \u00abSociedad\u00bb","block_context":{"text":"Sociedad","link":"https:\/\/www.24baires.com\/?cat=1"},"img":{"alt_text":"","src":"https:\/\/i0.wp.com\/www.24baires.com\/wp-content\/uploads\/2014\/06\/bosque.jpg?resize=350%2C200","width":350,"height":200,"srcset":"https:\/\/i0.wp.com\/www.24baires.com\/wp-content\/uploads\/2014\/06\/bosque.jpg?resize=350%2C200 1x, https:\/\/i0.wp.com\/www.24baires.com\/wp-content\/uploads\/2014\/06\/bosque.jpg?resize=525%2C300 1.5x"},"classes":[]},{"id":90380,"url":"https:\/\/www.24baires.com\/?p=90380","url_meta":{"origin":121819,"position":5},"title":"A pesar de las diferencias, ser\u00eda sancionada la Ley de Bosques Nativos","author":"AF","date":"30\/11\/2016","format":false,"excerpt":"No hubo un dictamen un\u00e1nime en la reuni\u00f3n plenaria de las comisiones de Ecolog\u00eda y Asuntos Agrarios por la Ley de Bosques Nativos de la Provincia de Buenos Aires, pero se aprob\u00f3 un despacho de mayor\u00eda que har\u00eda avanzar el proyecto tal como vino del Senado y as\u00ed podr\u00eda ser\u2026","rel":"","context":"En \u00abSociedad\u00bb","block_context":{"text":"Sociedad","link":"https:\/\/www.24baires.com\/?cat=1"},"img":{"alt_text":"bosque","src":"https:\/\/i0.wp.com\/www.24baires.com\/wp-content\/uploads\/2014\/06\/bosque.jpg?resize=350%2C200","width":350,"height":200,"srcset":"https:\/\/i0.wp.com\/www.24baires.com\/wp-content\/uploads\/2014\/06\/bosque.jpg?resize=350%2C200 1x, https:\/\/i0.wp.com\/www.24baires.com\/wp-content\/uploads\/2014\/06\/bosque.jpg?resize=525%2C300 1.5x"},"classes":[]}],"jetpack_sharing_enabled":true,"jetpack_likes_enabled":true,"_links":{"self":[{"href":"https:\/\/www.24baires.com\/index.php?rest_route=\/wp\/v2\/posts\/121819","targetHints":{"allow":["GET"]}}],"collection":[{"href":"https:\/\/www.24baires.com\/index.php?rest_route=\/wp\/v2\/posts"}],"about":[{"href":"https:\/\/www.24baires.com\/index.php?rest_route=\/wp\/v2\/types\/post"}],"author":[{"embeddable":true,"href":"https:\/\/www.24baires.com\/index.php?rest_route=\/wp\/v2\/users\/8"}],"replies":[{"embeddable":true,"href":"https:\/\/www.24baires.com\/index.php?rest_route=%2Fwp%2Fv2%2Fcomments&post=121819"}],"version-history":[{"count":1,"href":"https:\/\/www.24baires.com\/index.php?rest_route=\/wp\/v2\/posts\/121819\/revisions"}],"predecessor-version":[{"id":121821,"href":"https:\/\/www.24baires.com\/index.php?rest_route=\/wp\/v2\/posts\/121819\/revisions\/121821"}],"wp:attachment":[{"href":"https:\/\/www.24baires.com\/index.php?rest_route=%2Fwp%2Fv2%2Fmedia&parent=121819"}],"wp:term":[{"taxonomy":"category","embeddable":true,"href":"https:\/\/www.24baires.com\/index.php?rest_route=%2Fwp%2Fv2%2Fcategories&post=121819"},{"taxonomy":"post_tag","embeddable":true,"href":"https:\/\/www.24baires.com\/index.php?rest_route=%2Fwp%2Fv2%2Ftags&post=121819"}],"curies":[{"name":"wp","href":"https:\/\/api.w.org\/{rel}","templated":true}]}}