{"id":121802,"date":"2024-11-07T06:30:14","date_gmt":"2024-11-07T09:30:14","guid":{"rendered":"https:\/\/www.24baires.com\/?p=121802"},"modified":"2024-11-07T06:30:14","modified_gmt":"2024-11-07T09:30:14","slug":"el-consumo-de-yerba-mate-alcanzo-su-nivel-mas-bajo-en-9-anos-segun-un-estudio","status":"publish","type":"post","link":"https:\/\/www.24baires.com\/?p=121802","title":{"rendered":"El consumo de yerba mate alcanz\u00f3 su nivel m\u00e1s bajo en 9 a\u00f1os, seg\u00fan un estudio"},"content":{"rendered":"<p><img data-recalc-dims=\"1\" loading=\"lazy\" decoding=\"async\" class=\"aligncenter wp-image-121803\" src=\"https:\/\/i0.wp.com\/www.24baires.com\/wp-content\/uploads\/2024\/11\/yerba.webp?resize=720%2C471\" alt=\"\" width=\"720\" height=\"471\" \/>El consumo de yerba mate cay\u00f3 8,8% interanual, mientras las exportaciones y las importaciones aumentan, afectando a productores y generando un exceso de stocks.<!--more--><\/p>\n<p>El consumo interno de yerba mate en Argentina experiment\u00f3 una ca\u00edda del 8,8% interanual en los primeros nueve meses de 2024, alcanzando su nivel m\u00e1s bajo en los \u00faltimos nueve a\u00f1os. Esta baja se debe principalmente a la disminuci\u00f3n del poder adquisitivo de la poblaci\u00f3n, seg\u00fan un informe del Centro de Econom\u00eda Pol\u00edtica Argentina (CEPA)<\/p>\n<p>El consumo de yerba mate pas\u00f3 de 212 mil toneladas entre enero y septiembre de 2023 a 193,4 mil toneladas en el mismo per\u00edodo de 2024. Seg\u00fan CEPA, \u201ces el nivel de consumo m\u00e1s bajo de los \u00faltimos nueve a\u00f1os y se encuentra a 10,1 puntos porcentuales del pico de consumo experimentado en 2021\u201d.<\/p>\n<p>Por otro lado, las exportaciones de yerba mate tambi\u00e9n sufrieron una ca\u00edda significativa. En el acumulado de enero a septiembre de 2024, se registr\u00f3 una disminuci\u00f3n del 16,4% en comparaci\u00f3n con el promedio de los a\u00f1os 2020 a 2023. Este descenso tambi\u00e9n fue del 16,4% en t\u00e9rminos interanuales. El Instituto Nacional de Yerba Mate (INYM) atribuye esta merma a la disminuci\u00f3n de la demanda de la Uni\u00f3n Europea y algunos pa\u00edses asi\u00e1ticos, mercados que hab\u00edan ganado relevancia en los \u00faltimos a\u00f1os.<\/p>\n","protected":false},"excerpt":{"rendered":"<p>El consumo de yerba mate cay\u00f3 8,8% interanual, mientras las exportaciones y las importaciones aumentan, afectando a productores y generando un exceso de stocks.<\/p>\n","protected":false},"author":8,"featured_media":0,"comment_status":"closed","ping_status":"closed","sticky":false,"template":"","format":"standard","meta":{"_jetpack_newsletter_access":"","_jetpack_dont_email_post_to_subs":false,"_jetpack_newsletter_tier_id":0,"_jetpack_memberships_contains_paywalled_content":false,"_jetpack_memberships_contains_paid_content":false,"footnotes":""},"categories":[78],"tags":[],"class_list":["post-121802","post","type-post","status-publish","format-standard","hentry","category-consumidores"],"jetpack_featured_media_url":"","jetpack_shortlink":"https:\/\/wp.me\/p2JWE0-vGy","jetpack-related-posts":[{"id":108155,"url":"https:\/\/www.24baires.com\/?p=108155","url_meta":{"origin":121802,"position":0},"title":"Los alimentos b\u00e1sicos se convirtieron en un lujo: aumentaron hasta 164% en el \u00faltimo a\u00f1o","author":"GB","date":"14\/05\/2019","format":false,"excerpt":"Los productos que m\u00e1s subieron son harina, fideos, pollo, yerba mate, pan franc\u00e9s, carne picada, arroz blanco y dulce de leche. El Observatorio de Pol\u00edticas P\u00fablicas de la Universidad Nacional de Avellaneda (UNDAV) dio a conocer que el precio de los alimentos b\u00e1sicos aument\u00f3 hasta un 164% en el \u00faltimo\u2026","rel":"","context":"En \u00abEconom\u00eda\u00bb","block_context":{"text":"Econom\u00eda","link":"https:\/\/www.24baires.com\/?cat=45"},"img":{"alt_text":"","src":"https:\/\/i0.wp.com\/www.24baires.com\/wp-content\/uploads\/2015\/02\/precios-acordados-g%C3%B3ndola-super.jpg?resize=350%2C200","width":350,"height":200,"srcset":"https:\/\/i0.wp.com\/www.24baires.com\/wp-content\/uploads\/2015\/02\/precios-acordados-g%C3%B3ndola-super.jpg?resize=350%2C200 1x, https:\/\/i0.wp.com\/www.24baires.com\/wp-content\/uploads\/2015\/02\/precios-acordados-g%C3%B3ndola-super.jpg?resize=525%2C300 1.5x"},"classes":[]},{"id":92783,"url":"https:\/\/www.24baires.com\/?p=92783","url_meta":{"origin":121802,"position":1},"title":"Aseguran que el precio de la yerba es 11,5 veces mayor al valor que deber\u00eda recibir el productor","author":"AF","date":"03\/03\/2017","format":false,"excerpt":"El precio de venta al p\u00fablico del paquete de un kilogramo de yerba mate promedia los $ 58,98, valor que es 11,5 veces mayor a los $ 5,10 que deber\u00edan recibir los productores yerbateros, de acuerdo con lo establecido por el Instituto Nacional de la Yerba Mate. Incluso si se\u2026","rel":"","context":"En \u00abSociedad\u00bb","block_context":{"text":"Sociedad","link":"https:\/\/www.24baires.com\/?cat=1"},"img":{"alt_text":"","src":"https:\/\/i0.wp.com\/www.24baires.com\/wp-content\/uploads\/2017\/03\/yerba.jpg?resize=350%2C200","width":350,"height":200,"srcset":"https:\/\/i0.wp.com\/www.24baires.com\/wp-content\/uploads\/2017\/03\/yerba.jpg?resize=350%2C200 1x, https:\/\/i0.wp.com\/www.24baires.com\/wp-content\/uploads\/2017\/03\/yerba.jpg?resize=525%2C300 1.5x"},"classes":[]},{"id":121349,"url":"https:\/\/www.24baires.com\/?p=121349","url_meta":{"origin":121802,"position":2},"title":"En medio de la ca\u00edda del salario y el consumo, la inflaci\u00f3n de abril fue del 8,8%","author":"GB","date":"15\/05\/2024","format":false,"excerpt":"El INDEC inform\u00f3 que los precios aumentaron un 8,8% en abril, un 289,4% interanual y un 65% en el primer cuatrimestre. El Instituto Nacional de Estad\u00edsticas y Censos (INDEC) dio a conocer este martes el \u00cdndice de Precios al Consumidor (IPC) e inform\u00f3 que la inflaci\u00f3n del mes de abril\u2026","rel":"","context":"En \u00abConsumidores\u00bb","block_context":{"text":"Consumidores","link":"https:\/\/www.24baires.com\/?cat=78"},"img":{"alt_text":"","src":"https:\/\/i0.wp.com\/www.24baires.com\/wp-content\/uploads\/2024\/02\/super.jpeg?resize=350%2C200","width":350,"height":200,"srcset":"https:\/\/i0.wp.com\/www.24baires.com\/wp-content\/uploads\/2024\/02\/super.jpeg?resize=350%2C200 1x, https:\/\/i0.wp.com\/www.24baires.com\/wp-content\/uploads\/2024\/02\/super.jpeg?resize=525%2C300 1.5x, https:\/\/i0.wp.com\/www.24baires.com\/wp-content\/uploads\/2024\/02\/super.jpeg?resize=700%2C400 2x"},"classes":[]},{"id":97162,"url":"https:\/\/www.24baires.com\/?p=97162","url_meta":{"origin":121802,"position":3},"title":"Aumentar\u00e1 por segunda vez en el a\u00f1o el precio de la yerba mate","author":"GB","date":"04\/09\/2017","format":false,"excerpt":"El Ministerio de Agroindustria de la Naci\u00f3n dio a conocer que el Instituto Nacional de la Yerba Mate (INYM) fij\u00f3 nuevos precios para que la industria le pague a los productores del sector. El incremento ronda un 5 por ciento y estar\u00e1 vigente desde el 1 de octubre hasta el\u2026","rel":"","context":"En \u00abConsumidores\u00bb","block_context":{"text":"Consumidores","link":"https:\/\/www.24baires.com\/?cat=78"},"img":{"alt_text":"","src":"https:\/\/i0.wp.com\/www.24baires.com\/wp-content\/uploads\/2012\/11\/Mate_en_calabaza.jpg?resize=350%2C200","width":350,"height":200},"classes":[]},{"id":111651,"url":"https:\/\/www.24baires.com\/?p=111651","url_meta":{"origin":121802,"position":4},"title":"Eliminan el IVA a los alimentos de la canasta b\u00e1sica hasta fin de a\u00f1o","author":"AF","date":"15\/08\/2019","format":false,"excerpt":"Pan, leche, arroz, yerba, t\u00e9, az\u00facar, polenta y pastas secas no estar\u00e1n gravadas con el Impuesto al Valor Agregado. El presidente Mauricio Macri anunci\u00f3 este jueves \"la eliminaci\u00f3n del IVA de los principales alimentos que consumen las familias argentinas\". Los productos alcanzados son pan, leche, aceite, pastas, yerba mate, arroz\u2026","rel":"","context":"En \u00abEconom\u00eda\u00bb","block_context":{"text":"Econom\u00eda","link":"https:\/\/www.24baires.com\/?cat=45"},"img":{"alt_text":"","src":"https:\/\/i0.wp.com\/www.24baires.com\/wp-content\/uploads\/2018\/12\/alimentos.jpg?resize=350%2C200","width":350,"height":200,"srcset":"https:\/\/i0.wp.com\/www.24baires.com\/wp-content\/uploads\/2018\/12\/alimentos.jpg?resize=350%2C200 1x, https:\/\/i0.wp.com\/www.24baires.com\/wp-content\/uploads\/2018\/12\/alimentos.jpg?resize=525%2C300 1.5x"},"classes":[]},{"id":90686,"url":"https:\/\/www.24baires.com\/?p=90686","url_meta":{"origin":121802,"position":5},"title":"El consumo de carne vacuna cay\u00f3 6,7% con respecto al a\u00f1o pasado","author":"GB","date":"12\/12\/2016","format":false,"excerpt":"El consumo de carne vacuna por habitante por a\u00f1o en Argentina alcanz\u00f3 los 55,2 kilogramos en el per\u00edodo enero-noviembre, lo que implica una ca\u00edda del 6,7 por ciento anual. El consumo de carne vacuna por habitante por a\u00f1o en Argentina alcanz\u00f3 los 55,2 kilogramos en el per\u00edodo enero-noviembre, lo que\u2026","rel":"","context":"En \u00abEconom\u00eda\u00bb","block_context":{"text":"Econom\u00eda","link":"https:\/\/www.24baires.com\/?cat=45"},"img":{"alt_text":"","src":"https:\/\/i0.wp.com\/www.24baires.com\/wp-content\/uploads\/2016\/02\/carnicer%C3%ADa.jpg?resize=350%2C200","width":350,"height":200,"srcset":"https:\/\/i0.wp.com\/www.24baires.com\/wp-content\/uploads\/2016\/02\/carnicer%C3%ADa.jpg?resize=350%2C200 1x, https:\/\/i0.wp.com\/www.24baires.com\/wp-content\/uploads\/2016\/02\/carnicer%C3%ADa.jpg?resize=525%2C300 1.5x"},"classes":[]}],"jetpack_sharing_enabled":true,"jetpack_likes_enabled":true,"_links":{"self":[{"href":"https:\/\/www.24baires.com\/index.php?rest_route=\/wp\/v2\/posts\/121802","targetHints":{"allow":["GET"]}}],"collection":[{"href":"https:\/\/www.24baires.com\/index.php?rest_route=\/wp\/v2\/posts"}],"about":[{"href":"https:\/\/www.24baires.com\/index.php?rest_route=\/wp\/v2\/types\/post"}],"author":[{"embeddable":true,"href":"https:\/\/www.24baires.com\/index.php?rest_route=\/wp\/v2\/users\/8"}],"replies":[{"embeddable":true,"href":"https:\/\/www.24baires.com\/index.php?rest_route=%2Fwp%2Fv2%2Fcomments&post=121802"}],"version-history":[{"count":1,"href":"https:\/\/www.24baires.com\/index.php?rest_route=\/wp\/v2\/posts\/121802\/revisions"}],"predecessor-version":[{"id":121804,"href":"https:\/\/www.24baires.com\/index.php?rest_route=\/wp\/v2\/posts\/121802\/revisions\/121804"}],"wp:attachment":[{"href":"https:\/\/www.24baires.com\/index.php?rest_route=%2Fwp%2Fv2%2Fmedia&parent=121802"}],"wp:term":[{"taxonomy":"category","embeddable":true,"href":"https:\/\/www.24baires.com\/index.php?rest_route=%2Fwp%2Fv2%2Fcategories&post=121802"},{"taxonomy":"post_tag","embeddable":true,"href":"https:\/\/www.24baires.com\/index.php?rest_route=%2Fwp%2Fv2%2Ftags&post=121802"}],"curies":[{"name":"wp","href":"https:\/\/api.w.org\/{rel}","templated":true}]}}