{"id":121796,"date":"2024-11-05T06:25:52","date_gmt":"2024-11-05T09:25:52","guid":{"rendered":"https:\/\/www.24baires.com\/?p=121796"},"modified":"2024-11-05T06:25:52","modified_gmt":"2024-11-05T09:25:52","slug":"construir-una-alternativa-a-milei-no-es-una-cuestion-de-candidaturas","status":"publish","type":"post","link":"https:\/\/www.24baires.com\/?p=121796","title":{"rendered":"\u00abConstruir una alternativa a Milei no es una cuesti\u00f3n de candidaturas\u00bb"},"content":{"rendered":"<p><img data-recalc-dims=\"1\" loading=\"lazy\" decoding=\"async\" class=\"aligncenter wp-image-121797\" src=\"https:\/\/i0.wp.com\/www.24baires.com\/wp-content\/uploads\/2024\/11\/axel-k.webp?resize=720%2C405\" alt=\"\" width=\"720\" height=\"405\" \/>\u00bfEst\u00e1 a punto el Renault Clio para recorrer el pa\u00eds? Axel Kicillof se rio y dijo que 2027 est\u00e1 muy lejos. Pidi\u00f3 construir una alternativa a Javier Milei.<!--more--><\/p>\n<p>El gobernador de la provincia de Buenos Aires, Axel Kicillof, se ri\u00f3 cuando le preguntaron si ten\u00eda el Renault Clio a punto para recorrer el pa\u00eds en una campa\u00f1a presidencial en 2027 y asegur\u00f3 que las pr\u00f3ximas elecciones \u00abest\u00e1n lejos\u00bb.<\/p>\n<p>\u00abHoy tengo tres funciones, obligaciones y mandatos. Una es gobernar esta Provincia, que es la m\u00e1s grande de la Argentina. Todos dicen que es la m\u00e1s compleja, y dec\u00edan que no iba a poder con Milei de presidente. La segunda es oponerme a Milei, las cosas que dice, las barbaridades, las mentiras. Oponerse a Milei es defender a la Provincia\u00bb, cont\u00f3 el Gobernador en Demasiado Humo.<\/p>\n<p>\u00abY en tercer lugar ir trabajando en construir una alternativa. Y eso no es una cuesti\u00f3n de candidaturas, te lo digo muy sinceramente. Me parece que el desaf\u00edo es c\u00f3mo hacemos para que la sociedad identifique que le vamos a solucionar los problemas que tiene. Ac\u00e1 en la Provincia estamos todo el tiempo solucionando\u00bb, agreg\u00f3 el mandatario provincial.<\/p>\n<p>En otro tramo de la entrevista, dijo que ya va por la quinta recorrida por los 135 municipios bonaerenses. \u00abEs caminar, caminar, caminar y estar cerca. Hay que hacer as\u00ed, no es un tema de marketing. Lo hice en campa\u00f1a, en a\u00f1o no electoral, con Milei, con un gobierno de nuestro signo pol\u00edtico. Creo que es una forma de trabajar\u00bb, manifest\u00f3.<\/p>\n<p>Y marc\u00f3 la diferencia con el gobierno de Mar\u00eda Eugenia Vidal, que no trabajaba desde La Plata. \u00abVen\u00edan con helic\u00f3pteros, bajaban y parec\u00edan el SWAT, pero no hablaban con nadie. A m\u00ed me parece que hay que meterse, aunque a veces alguien te pueda decir algo que no te guste, para eso estamos\u00bb, resalt\u00f3 Kicillof.<\/p>\n<p>\u00bfQu\u00e9 le dicen los vecinos de la provincia de Buenos Aires? Que quieren m\u00e1s Estado: \u00abTe piden m\u00e1s escuelas, m\u00e1s hospitales. Seg\u00fan los medios porte\u00f1os est\u00e1n todos enamorados del ajuste de Milei, pero todo lo que te piden es que les den respuesta a los problemas reales que tienen\u00bb.<\/p>\n","protected":false},"excerpt":{"rendered":"<p>\u00bfEst\u00e1 a punto el Renault Clio para recorrer el pa\u00eds? Axel Kicillof se rio y dijo que 2027 est\u00e1 muy lejos. Pidi\u00f3 construir una alternativa a Javier Milei.<\/p>\n","protected":false},"author":8,"featured_media":0,"comment_status":"closed","ping_status":"closed","sticky":false,"template":"","format":"standard","meta":{"_jetpack_newsletter_access":"","_jetpack_dont_email_post_to_subs":false,"_jetpack_newsletter_tier_id":0,"_jetpack_memberships_contains_paywalled_content":false,"_jetpack_memberships_contains_paid_content":false,"footnotes":""},"categories":[40],"tags":[],"class_list":["post-121796","post","type-post","status-publish","format-standard","hentry","category-provincia"],"jetpack_featured_media_url":"","jetpack_shortlink":"https:\/\/wp.me\/p2JWE0-vGs","jetpack-related-posts":[{"id":121378,"url":"https:\/\/www.24baires.com\/?p=121378","url_meta":{"origin":121796,"position":0},"title":"\u00abEn el 27 nos vamos a quedar con la provincia de Buenos Aires\u00bb, amenaza Milei","author":"GB","date":"24\/05\/2024","format":false,"excerpt":"El Presidente se mostr\u00f3 confiado en ganar la gobernaci\u00f3n de la Provincia en 2027 y apunt\u00f3 contra el actual gobernador Axel Kicillof. El presidente Javier Milei sostuvo que La Libertad Avanza (LLA) ganar\u00e1 la provincia de Buenos Aires en 2027 y calific\u00f3 al gobernador de Buenos Aires, Axel Kicillof, como\u2026","rel":"","context":"En \u00abPol\u00edtica\u00bb","block_context":{"text":"Pol\u00edtica","link":"https:\/\/www.24baires.com\/?cat=51"},"img":{"alt_text":"","src":"https:\/\/i0.wp.com\/www.24baires.com\/wp-content\/uploads\/2024\/01\/milei-cabwza.webp?resize=350%2C200","width":350,"height":200,"srcset":"https:\/\/i0.wp.com\/www.24baires.com\/wp-content\/uploads\/2024\/01\/milei-cabwza.webp?resize=350%2C200 1x, https:\/\/i0.wp.com\/www.24baires.com\/wp-content\/uploads\/2024\/01\/milei-cabwza.webp?resize=525%2C300 1.5x, https:\/\/i0.wp.com\/www.24baires.com\/wp-content\/uploads\/2024\/01\/milei-cabwza.webp?resize=700%2C400 2x"},"classes":[]},{"id":122653,"url":"https:\/\/www.24baires.com\/?p=122653","url_meta":{"origin":121796,"position":1},"title":"El gobernador sobre las Provincias Unidas: \u201cSon las viudas de Milei\u201d","author":"GB","date":"23\/10\/2025","format":false,"excerpt":"En General Pinto, Kicillof cuestion\u00f3 a los gobernadores de Provincias Unidas y los acus\u00f3 de haber sostenido a Milei: \"Son las viudas de ese modelo\". En medio de una recorrida por el distrito de General Pinto a tan s\u00f3lo cuatro d\u00edas de las elecciones legislativas, el gobernador de la Provincia\u2026","rel":"","context":"En \u00abPol\u00edtica\u00bb","block_context":{"text":"Pol\u00edtica","link":"https:\/\/www.24baires.com\/?cat=51"},"img":{"alt_text":"","src":"https:\/\/i0.wp.com\/www.24baires.com\/wp-content\/uploads\/2025\/10\/kici-cammpana.webp?resize=350%2C200","width":350,"height":200,"srcset":"https:\/\/i0.wp.com\/www.24baires.com\/wp-content\/uploads\/2025\/10\/kici-cammpana.webp?resize=350%2C200 1x, https:\/\/i0.wp.com\/www.24baires.com\/wp-content\/uploads\/2025\/10\/kici-cammpana.webp?resize=525%2C300 1.5x, https:\/\/i0.wp.com\/www.24baires.com\/wp-content\/uploads\/2025\/10\/kici-cammpana.webp?resize=700%2C400 2x"},"classes":[]},{"id":120714,"url":"https:\/\/www.24baires.com\/?p=120714","url_meta":{"origin":121796,"position":2},"title":"Kicillof dar\u00e1 a conocer su nuevo gabinete la semana pr\u00f3xima","author":"GB","date":"01\/12\/2023","format":false,"excerpt":"Mientras las miradas contin\u00faan puestas sobre el Presidente electo Javier Milei y sus posibles funcionarios, el Gobernador bonaerense se prepara para anunciar su nuevo Gabinete entre el lunes y martes de la semana que viene. En la Provincia, Axel Kicillof a\u00fan no dio ning\u00fan nombre con respecto a sus pr\u00f3ximos\u2026","rel":"","context":"En \u00abProvincia\u00bb","block_context":{"text":"Provincia","link":"https:\/\/www.24baires.com\/?cat=40"},"img":{"alt_text":"","src":"https:\/\/i0.wp.com\/www.24baires.com\/wp-content\/uploads\/2023\/09\/kicillof.webp?resize=350%2C200","width":350,"height":200,"srcset":"https:\/\/i0.wp.com\/www.24baires.com\/wp-content\/uploads\/2023\/09\/kicillof.webp?resize=350%2C200 1x, https:\/\/i0.wp.com\/www.24baires.com\/wp-content\/uploads\/2023\/09\/kicillof.webp?resize=525%2C300 1.5x, https:\/\/i0.wp.com\/www.24baires.com\/wp-content\/uploads\/2023\/09\/kicillof.webp?resize=700%2C400 2x"},"classes":[]},{"id":122077,"url":"https:\/\/www.24baires.com\/?p=122077","url_meta":{"origin":121796,"position":3},"title":"\u201cNo sea cobarde, deje Twitter y re\u00fanase a trabajar\u201d, le respondi\u00f3 Axel a Milei","author":"GB","date":"28\/02\/2025","format":false,"excerpt":"En conferencia de prensa, Axel Kicillof carg\u00f3 contra los dichos de Milei: \u201cNo va a atropellar a la democracia y a nuestra provincia de Buenos Aires\u201d Con un amplio respaldo pol\u00edtico de legisladores, ministros, intendentes y dirigentes de todos los sectores del peronismo, el gobernador Axel Kicillof respondi\u00f3 este viernes\u2026","rel":"","context":"En \u00abPol\u00edtica\u00bb","block_context":{"text":"Pol\u00edtica","link":"https:\/\/www.24baires.com\/?cat=51"},"img":{"alt_text":"","src":"https:\/\/i0.wp.com\/www.24baires.com\/wp-content\/uploads\/2025\/02\/axel-kicillof.jpg?resize=350%2C200","width":350,"height":200,"srcset":"https:\/\/i0.wp.com\/www.24baires.com\/wp-content\/uploads\/2025\/02\/axel-kicillof.jpg?resize=350%2C200 1x, https:\/\/i0.wp.com\/www.24baires.com\/wp-content\/uploads\/2025\/02\/axel-kicillof.jpg?resize=525%2C300 1.5x, https:\/\/i0.wp.com\/www.24baires.com\/wp-content\/uploads\/2025\/02\/axel-kicillof.jpg?resize=700%2C400 2x"},"classes":[]},{"id":121495,"url":"https:\/\/www.24baires.com\/?p=121495","url_meta":{"origin":121796,"position":4},"title":"Finalmente la planta de GNL se instalar\u00e1 en R\u00edo Negro: Kicillof brindar\u00e1 una coferencia de prensa","author":"GB","date":"31\/07\/2024","format":false,"excerpt":"Tras varias semanas de disputa, la provincia de R\u00edo Negro finalmente fue elegida por YPF para construir la Planta de GNL. As\u00ed, Bah\u00eda Blanca qued\u00f3 descartada. El directorio de YPF eligi\u00f3 a R\u00edo Negro para realizar la inversi\u00f3n m\u00e1s grande de la historia del pa\u00eds, confirmaron fuentes de la petrolera\u2026","rel":"","context":"En \u00abProvincia\u00bb","block_context":{"text":"Provincia","link":"https:\/\/www.24baires.com\/?cat=40"},"img":{"alt_text":"","src":"https:\/\/i0.wp.com\/www.24baires.com\/wp-content\/uploads\/2022\/07\/kicillof.jpg?resize=350%2C200","width":350,"height":200,"srcset":"https:\/\/i0.wp.com\/www.24baires.com\/wp-content\/uploads\/2022\/07\/kicillof.jpg?resize=350%2C200 1x, https:\/\/i0.wp.com\/www.24baires.com\/wp-content\/uploads\/2022\/07\/kicillof.jpg?resize=525%2C300 1.5x, https:\/\/i0.wp.com\/www.24baires.com\/wp-content\/uploads\/2022\/07\/kicillof.jpg?resize=700%2C400 2x"},"classes":[]},{"id":122069,"url":"https:\/\/www.24baires.com\/?p=122069","url_meta":{"origin":121796,"position":5},"title":"Pulti advirti\u00f3 que la \u00abcolumna vertebral\u00bb de Derecho al Futuro es \u00abel justicialismo\u00bb","author":"GB","date":"24\/02\/2025","format":false,"excerpt":"El legislador y referente de Acci\u00f3n Marplatense respald\u00f3 la salida a la cancha del frente pol\u00edtico de Axel Kicillof y neg\u00f3 que el armado debilite la unidad del peronismo. El ex intendente de Mar del Plata y actual diputado provincial, Gustavo Pulti, expres\u00f3 su fuerte respaldo al Movimiento Derecho al\u2026","rel":"","context":"En \u00abProvincia\u00bb","block_context":{"text":"Provincia","link":"https:\/\/www.24baires.com\/?cat=40"},"img":{"alt_text":"","src":"https:\/\/i0.wp.com\/www.24baires.com\/wp-content\/uploads\/2025\/02\/pulti-kici.webp?resize=350%2C200","width":350,"height":200,"srcset":"https:\/\/i0.wp.com\/www.24baires.com\/wp-content\/uploads\/2025\/02\/pulti-kici.webp?resize=350%2C200 1x, https:\/\/i0.wp.com\/www.24baires.com\/wp-content\/uploads\/2025\/02\/pulti-kici.webp?resize=525%2C300 1.5x, https:\/\/i0.wp.com\/www.24baires.com\/wp-content\/uploads\/2025\/02\/pulti-kici.webp?resize=700%2C400 2x"},"classes":[]}],"jetpack_sharing_enabled":true,"jetpack_likes_enabled":true,"_links":{"self":[{"href":"https:\/\/www.24baires.com\/index.php?rest_route=\/wp\/v2\/posts\/121796","targetHints":{"allow":["GET"]}}],"collection":[{"href":"https:\/\/www.24baires.com\/index.php?rest_route=\/wp\/v2\/posts"}],"about":[{"href":"https:\/\/www.24baires.com\/index.php?rest_route=\/wp\/v2\/types\/post"}],"author":[{"embeddable":true,"href":"https:\/\/www.24baires.com\/index.php?rest_route=\/wp\/v2\/users\/8"}],"replies":[{"embeddable":true,"href":"https:\/\/www.24baires.com\/index.php?rest_route=%2Fwp%2Fv2%2Fcomments&post=121796"}],"version-history":[{"count":1,"href":"https:\/\/www.24baires.com\/index.php?rest_route=\/wp\/v2\/posts\/121796\/revisions"}],"predecessor-version":[{"id":121798,"href":"https:\/\/www.24baires.com\/index.php?rest_route=\/wp\/v2\/posts\/121796\/revisions\/121798"}],"wp:attachment":[{"href":"https:\/\/www.24baires.com\/index.php?rest_route=%2Fwp%2Fv2%2Fmedia&parent=121796"}],"wp:term":[{"taxonomy":"category","embeddable":true,"href":"https:\/\/www.24baires.com\/index.php?rest_route=%2Fwp%2Fv2%2Fcategories&post=121796"},{"taxonomy":"post_tag","embeddable":true,"href":"https:\/\/www.24baires.com\/index.php?rest_route=%2Fwp%2Fv2%2Ftags&post=121796"}],"curies":[{"name":"wp","href":"https:\/\/api.w.org\/{rel}","templated":true}]}}