{"id":121789,"date":"2024-10-30T06:28:54","date_gmt":"2024-10-30T09:28:54","guid":{"rendered":"https:\/\/www.24baires.com\/?p=121789"},"modified":"2024-10-30T06:28:54","modified_gmt":"2024-10-30T09:28:54","slug":"jornada-de-paro-nacional-docente-por-la-restitucion-del-fonid","status":"publish","type":"post","link":"https:\/\/www.24baires.com\/?p=121789","title":{"rendered":"Jornada de paro nacional docente por la restituci\u00f3n del FONID"},"content":{"rendered":"<p><img data-recalc-dims=\"1\" loading=\"lazy\" decoding=\"async\" class=\"aligncenter wp-image-42098\" src=\"https:\/\/i0.wp.com\/www.24baires.com\/wp-content\/uploads\/2014\/03\/aula-vac%C3%ADa.jpg?resize=720%2C496\" alt=\"\" width=\"720\" height=\"496\" srcset=\"https:\/\/i0.wp.com\/www.24baires.com\/wp-content\/uploads\/2014\/03\/aula-vac%C3%ADa.jpg?w=560&amp;ssl=1 560w, https:\/\/i0.wp.com\/www.24baires.com\/wp-content\/uploads\/2014\/03\/aula-vac%C3%ADa.jpg?resize=300%2C206&amp;ssl=1 300w\" sizes=\"auto, (max-width: 720px) 100vw, 720px\" \/>Algunos gremios docentes convocaron a sumarse al paro de transporte y estatales de este mi\u00e9rcoles. Habr\u00e1 escuelas sin clases.<!--more--><\/p>\n<p>Este mi\u00e9rcoles se lleva a cabo un paro nacional que fue convocado por los gremios del transporte y estatales, al que se plegaron algunas organizaciones docentes. Se espera que no haya clases en algunas escuelas de la provincia de Buenos Aires.<\/p>\n<p>A la medida de fuerza se plegar\u00e1 el sindicato docente con mayor cantidad de afiliados en la Provincia, el SUTEBA que comanda Roberto Baradel.<\/p>\n<p>Entre las demandas que expres\u00f3 la entidad sindical, destacan los pedidos por la Ley de Financiamiento Educativo; restituci\u00f3n del FONID; aumento del Presupuesto Educativo; eliminaci\u00f3n del Impuesto a las Ganancias; como as\u00ed tambi\u00e9n el env\u00edo de fondos nacionales para el IPS y la no criminalizaci\u00f3n de la protesta social.<\/p>\n<p>El sector disidente de SUTEBA, \u00abLa Multicolor\u00bb, tambi\u00e9n se adhiere a la medida de fuerza \u00abjunto a la lucha por la universidad p\u00fablica y otros gremios\u00bb. Entre sus reclamos incluyeron \u00ababajo el plan motosierra de Milei y los gobernadores\u00bb<\/p>\n<p>En el caso de la seccional de La Matanza, el distrito m\u00e1s grande la provincia de Buenos Aires, realizar\u00e1n una radio abierta desde las 10 de la ma\u00f1ana y luego un corte en Ruta 3 y las v\u00edas, en Isidro Casanova, desde las 11.30 horas.<\/p>\n<p>Otro de los gremios docentes que se suma a la jornada de protesta es UDOCBA, a cargo de Alejandro Salcedo. \u00abLos sindicatos que encabezamos esta medida de acci\u00f3n directa nos encontramos defendiendo las partidas presupuestarias nacionales para la educaci\u00f3n obligatoria, el salario docente, los puestos de trabajo de los y las compa\u00f1eras y nuestra soberan\u00eda Nacional, frente a la avanzada del gobierno nacional para destruir el Estado\u00bb, se\u00f1alaron.<\/p>\n","protected":false},"excerpt":{"rendered":"<p>Algunos gremios docentes convocaron a sumarse al paro de transporte y estatales de este mi\u00e9rcoles. Habr\u00e1 escuelas sin clases.<\/p>\n","protected":false},"author":8,"featured_media":0,"comment_status":"closed","ping_status":"closed","sticky":false,"template":"","format":"standard","meta":{"_jetpack_newsletter_access":"","_jetpack_dont_email_post_to_subs":false,"_jetpack_newsletter_tier_id":0,"_jetpack_memberships_contains_paywalled_content":false,"_jetpack_memberships_contains_paid_content":false,"footnotes":""},"categories":[1],"tags":[],"class_list":["post-121789","post","type-post","status-publish","format-standard","hentry","category-sociedad"],"jetpack_featured_media_url":"","jetpack_shortlink":"https:\/\/wp.me\/p2JWE0-vGl","jetpack-related-posts":[{"id":121175,"url":"https:\/\/www.24baires.com\/?p=121175","url_meta":{"origin":121789,"position":0},"title":"CTERA anunci\u00f3 un paro nacional docente para el jueves 4 de abril","author":"GB","date":"03\/04\/2024","format":false,"excerpt":"Se trata de una protesta por la eliminaci\u00f3n del FONID y la no convocatoria de la Paritaria Nacional Docente. En protesta por la eliminaci\u00f3n del FONID y la no convocatoria de la Paritaria Nacional Docente, los trabajadores docentes nucleados en CTERA anunciaron un paro nacional para el pr\u00f3ximo jueves 4\u2026","rel":"","context":"En \u00abPol\u00edtica\u00bb","block_context":{"text":"Pol\u00edtica","link":"https:\/\/www.24baires.com\/?cat=51"},"img":{"alt_text":"","src":"https:\/\/i0.wp.com\/www.24baires.com\/wp-content\/uploads\/2024\/02\/ctera.webp?resize=350%2C200","width":350,"height":200,"srcset":"https:\/\/i0.wp.com\/www.24baires.com\/wp-content\/uploads\/2024\/02\/ctera.webp?resize=350%2C200 1x, https:\/\/i0.wp.com\/www.24baires.com\/wp-content\/uploads\/2024\/02\/ctera.webp?resize=525%2C300 1.5x, https:\/\/i0.wp.com\/www.24baires.com\/wp-content\/uploads\/2024\/02\/ctera.webp?resize=700%2C400 2x"},"classes":[]},{"id":104365,"url":"https:\/\/www.24baires.com\/?p=104365","url_meta":{"origin":121789,"position":1},"title":"Frente de Unidad Docente realiza un paro por 48 horas esta semana y se profundiza el conflicto","author":"GB","date":"10\/09\/2018","format":false,"excerpt":"Los gremios llevar\u00e1n a cabo la medida de fuerza los d\u00edas mi\u00e9rcoles y jueves en el marco del reclamo que llevan adelante por salarios, mejoras en la infraestructura y por mayor presupuesto. Marchar\u00e1n al Congreso de la Naci\u00f3n en \u201cdefensa de la educaci\u00f3n p\u00fablica\u201d. Los gremios docentes agrupados en el\u2026","rel":"","context":"En \u00abProvincia\u00bb","block_context":{"text":"Provincia","link":"https:\/\/www.24baires.com\/?cat=40"},"img":{"alt_text":"","src":"https:\/\/i0.wp.com\/www.24baires.com\/wp-content\/uploads\/2018\/04\/paro-docente.jpg?resize=350%2C200","width":350,"height":200,"srcset":"https:\/\/i0.wp.com\/www.24baires.com\/wp-content\/uploads\/2018\/04\/paro-docente.jpg?resize=350%2C200 1x, https:\/\/i0.wp.com\/www.24baires.com\/wp-content\/uploads\/2018\/04\/paro-docente.jpg?resize=525%2C300 1.5x"},"classes":[]},{"id":122630,"url":"https:\/\/www.24baires.com\/?p=122630","url_meta":{"origin":121789,"position":2},"title":"Ya comenz\u00f3 el paro docente nacional contra el ajuste educativo de Milei","author":"GB","date":"14\/10\/2025","format":false,"excerpt":"La CTERA y gremios universitarios encabezan una Marcha Federal para exigir paritarias, restituci\u00f3n del FONID y mayor presupuesto educativo. Docentes de todos los niveles educativos, desde inicial hasta el universitario, realizan este martes 14 de octubre un paro nacional con movilizaci\u00f3n al Congreso de la Naci\u00f3n, en rechazo al ajuste\u2026","rel":"","context":"En \u00abSociedad\u00bb","block_context":{"text":"Sociedad","link":"https:\/\/www.24baires.com\/?cat=1"},"img":{"alt_text":"","src":"https:\/\/i0.wp.com\/www.24baires.com\/wp-content\/uploads\/2025\/10\/paro-docente.webp?resize=350%2C200","width":350,"height":200,"srcset":"https:\/\/i0.wp.com\/www.24baires.com\/wp-content\/uploads\/2025\/10\/paro-docente.webp?resize=350%2C200 1x, https:\/\/i0.wp.com\/www.24baires.com\/wp-content\/uploads\/2025\/10\/paro-docente.webp?resize=525%2C300 1.5x, https:\/\/i0.wp.com\/www.24baires.com\/wp-content\/uploads\/2025\/10\/paro-docente.webp?resize=700%2C400 2x"},"classes":[]},{"id":80691,"url":"https:\/\/www.24baires.com\/?p=80691","url_meta":{"origin":121789,"position":3},"title":"Un nuevo paro de estatales complica las clases en los colegios bonaerenses","author":"AF","date":"29\/03\/2016","format":false,"excerpt":"Varias escuelas bonaerenses ser\u00e1n afectadas este martes y mi\u00e9rcoles debido a un nuevo paro de auxiliares de educaci\u00f3n y docentes disidentes, en el marco de una huelga de 48 horas convocada por la CTA Aut\u00f3noma que tambi\u00e9n resentir\u00e1 la atenci\u00f3n en oficinas p\u00fablicas, tribunales y hospitales de la provincia. Las\u2026","rel":"","context":"En \u00abSociedad\u00bb","block_context":{"text":"Sociedad","link":"https:\/\/www.24baires.com\/?cat=1"},"img":{"alt_text":"","src":"","width":0,"height":0},"classes":[]},{"id":121047,"url":"https:\/\/www.24baires.com\/?p=121047","url_meta":{"origin":121789,"position":4},"title":"Ctera rechaz\u00f3 sumarse al paro docente convocado para el lunes","author":"GB","date":"29\/02\/2024","format":false,"excerpt":"El gremio m\u00e1s importante que nuclea a los maestros de todo el pa\u00eds no se plegar\u00e1 a la huelga nacional convocada para este lunes por otros sindicatos del sector tras el fracaso en la reuni\u00f3n paritaria con el Gobierno. Despu\u00e9s de que los gremios docentes pertenecientes a la CGT (SADOP,\u2026","rel":"","context":"En \u00abPol\u00edtica\u00bb","block_context":{"text":"Pol\u00edtica","link":"https:\/\/www.24baires.com\/?cat=51"},"img":{"alt_text":"","src":"https:\/\/i0.wp.com\/www.24baires.com\/wp-content\/uploads\/2024\/02\/ctera.jpg?resize=350%2C200","width":350,"height":200,"srcset":"https:\/\/i0.wp.com\/www.24baires.com\/wp-content\/uploads\/2024\/02\/ctera.jpg?resize=350%2C200 1x, https:\/\/i0.wp.com\/www.24baires.com\/wp-content\/uploads\/2024\/02\/ctera.jpg?resize=525%2C300 1.5x, https:\/\/i0.wp.com\/www.24baires.com\/wp-content\/uploads\/2024\/02\/ctera.jpg?resize=700%2C400 2x"},"classes":[]},{"id":86878,"url":"https:\/\/www.24baires.com\/?p=86878","url_meta":{"origin":121789,"position":5},"title":"Docentes y m\u00e9dicos parar\u00e1n el pr\u00f3ximo viernes por reclamos salariales","author":"AF","date":"29\/08\/2016","format":false,"excerpt":"Los docentes bonaerenses volver\u00e1n a paralizar las clases este viernes en el marco de una nueva huelga nacional del sector al tiempo que los m\u00e9dicos de Cicop realizar\u00e1n ese d\u00eda una medida de fuerza en los 80 hospitales de la provincia tambi\u00e9n por reclamos salariales y mejoras laborales. En territorio\u2026","rel":"","context":"En \u00abSociedad\u00bb","block_context":{"text":"Sociedad","link":"https:\/\/www.24baires.com\/?cat=1"},"img":{"alt_text":"hospital de paro","src":"https:\/\/i0.wp.com\/www.24baires.com\/wp-content\/uploads\/2013\/05\/hospital-de-paro.jpg?resize=350%2C200","width":350,"height":200,"srcset":"https:\/\/i0.wp.com\/www.24baires.com\/wp-content\/uploads\/2013\/05\/hospital-de-paro.jpg?resize=350%2C200 1x, https:\/\/i0.wp.com\/www.24baires.com\/wp-content\/uploads\/2013\/05\/hospital-de-paro.jpg?resize=525%2C300 1.5x"},"classes":[]}],"jetpack_sharing_enabled":true,"jetpack_likes_enabled":true,"_links":{"self":[{"href":"https:\/\/www.24baires.com\/index.php?rest_route=\/wp\/v2\/posts\/121789","targetHints":{"allow":["GET"]}}],"collection":[{"href":"https:\/\/www.24baires.com\/index.php?rest_route=\/wp\/v2\/posts"}],"about":[{"href":"https:\/\/www.24baires.com\/index.php?rest_route=\/wp\/v2\/types\/post"}],"author":[{"embeddable":true,"href":"https:\/\/www.24baires.com\/index.php?rest_route=\/wp\/v2\/users\/8"}],"replies":[{"embeddable":true,"href":"https:\/\/www.24baires.com\/index.php?rest_route=%2Fwp%2Fv2%2Fcomments&post=121789"}],"version-history":[{"count":1,"href":"https:\/\/www.24baires.com\/index.php?rest_route=\/wp\/v2\/posts\/121789\/revisions"}],"predecessor-version":[{"id":121790,"href":"https:\/\/www.24baires.com\/index.php?rest_route=\/wp\/v2\/posts\/121789\/revisions\/121790"}],"wp:attachment":[{"href":"https:\/\/www.24baires.com\/index.php?rest_route=%2Fwp%2Fv2%2Fmedia&parent=121789"}],"wp:term":[{"taxonomy":"category","embeddable":true,"href":"https:\/\/www.24baires.com\/index.php?rest_route=%2Fwp%2Fv2%2Fcategories&post=121789"},{"taxonomy":"post_tag","embeddable":true,"href":"https:\/\/www.24baires.com\/index.php?rest_route=%2Fwp%2Fv2%2Ftags&post=121789"}],"curies":[{"name":"wp","href":"https:\/\/api.w.org\/{rel}","templated":true}]}}