{"id":121785,"date":"2024-10-29T06:21:26","date_gmt":"2024-10-29T09:21:26","guid":{"rendered":"https:\/\/www.24baires.com\/?p=121785"},"modified":"2024-10-29T06:21:26","modified_gmt":"2024-10-29T09:21:26","slug":"kicillof-dio-inicio-a-los-juegos-bonaerenses-no-es-un-gasto-es-una-inversion","status":"publish","type":"post","link":"https:\/\/www.24baires.com\/?p=121785","title":{"rendered":"Kicillof dio inicio a los Juegos Bonaerenses: \u00abno es un gasto, es una inversi\u00f3n\u00bb"},"content":{"rendered":"<p><img data-recalc-dims=\"1\" loading=\"lazy\" decoding=\"async\" class=\"aligncenter wp-image-121786\" src=\"https:\/\/i0.wp.com\/www.24baires.com\/wp-content\/uploads\/2024\/10\/kici-bonaerenses.webp?resize=720%2C496\" alt=\"\" width=\"720\" height=\"496\" \/>El gobernador Kicillof inaugur\u00f3 los Juegos Bonaerenses en Mar del Plata, destacando un r\u00e9cord de participaci\u00f3n y una nueva infraestructura educativa en la ciudad.<!--more--><\/p>\n<p>El gobernador de la Provincia de Buenos Aires, Axel Kicillof, encabez\u00f3 este lunes en Mar del Plata la apertura de la 33\u00aa edici\u00f3n de los Juegos Bonaerenses, un evento que este a\u00f1o re\u00fane a m\u00e1s de 26 mil j\u00f3venes y adultos de toda la provincia en actividades deportivas y culturales.<\/p>\n<p>En el acto de apertura, acompa\u00f1ado por el ministro de Desarrollo de la Comunidad, Andr\u00e9s Larroque, y el subsecretario de Deportes, Leonardo Lurati, Kicillof celebr\u00f3 la cifra r\u00e9cord de inscripci\u00f3n de este a\u00f1o, alcanzando los 470 mil participantes.<\/p>\n<p>\u201cEstamos muy felices porque esta edici\u00f3n de los Juegos Bonaerenses marc\u00f3 un nuevo r\u00e9cord de participaci\u00f3n de los j\u00f3venes y adultos de toda la provincia de Buenos Aires\u00bb, afirm\u00f3 el Gobernador. En alusi\u00f3n a la situaci\u00f3n econ\u00f3mica actual, a\u00f1adi\u00f3: \u201cLo logramos en un contexto muy complejo para nuestro pa\u00eds, en el que el Gobierno nacional est\u00e1 llevando adelante un ajuste que tambi\u00e9n impacta en el deporte\u201d. La provincia destin\u00f3 una inversi\u00f3n de $12.000 millones para la realizaci\u00f3n de los juegos, monto que, seg\u00fan Kicillof, es cuatro veces superior a los fondos nacionales para los Juegos Evita, reafirmando el compromiso de su administraci\u00f3n con el deporte como un motor social y econ\u00f3mico.<\/p>\n","protected":false},"excerpt":{"rendered":"<p>El gobernador Kicillof inaugur\u00f3 los Juegos Bonaerenses en Mar del Plata, destacando un r\u00e9cord de participaci\u00f3n y una nueva infraestructura educativa en la ciudad.<\/p>\n","protected":false},"author":8,"featured_media":0,"comment_status":"closed","ping_status":"closed","sticky":false,"template":"","format":"standard","meta":{"_jetpack_newsletter_access":"","_jetpack_dont_email_post_to_subs":false,"_jetpack_newsletter_tier_id":0,"_jetpack_memberships_contains_paywalled_content":false,"_jetpack_memberships_contains_paid_content":false,"footnotes":""},"categories":[40],"tags":[],"class_list":["post-121785","post","type-post","status-publish","format-standard","hentry","category-provincia"],"jetpack_featured_media_url":"","jetpack_shortlink":"https:\/\/wp.me\/p2JWE0-vGh","jetpack-related-posts":[{"id":120478,"url":"https:\/\/www.24baires.com\/?p=120478","url_meta":{"origin":121785,"position":0},"title":"Kicillof encabeza inauguraci\u00f3n de la final de los Juegos Bonaerenses 2023 en Mar del Plata","author":"GB","date":"15\/09\/2023","format":false,"excerpt":"El inicio de la edici\u00f3n 2023 ser\u00e1 este viernes desde las 14.00 con un acto de inauguraci\u00f3n en el Paseo Las Toscas con presencia del Gobernador bonaerense. La edici\u00f3n 2023 de los Juegos Bonaerenses llega a su fin este mes en distintos escenarios de la ciudad de Mar del Plata.\u2026","rel":"","context":"En \u00abProvincia\u00bb","block_context":{"text":"Provincia","link":"https:\/\/www.24baires.com\/?cat=40"},"img":{"alt_text":"","src":"https:\/\/i0.wp.com\/www.24baires.com\/wp-content\/uploads\/2023\/09\/kici-mdp.webp?resize=350%2C200","width":350,"height":200,"srcset":"https:\/\/i0.wp.com\/www.24baires.com\/wp-content\/uploads\/2023\/09\/kici-mdp.webp?resize=350%2C200 1x, https:\/\/i0.wp.com\/www.24baires.com\/wp-content\/uploads\/2023\/09\/kici-mdp.webp?resize=525%2C300 1.5x, https:\/\/i0.wp.com\/www.24baires.com\/wp-content\/uploads\/2023\/09\/kici-mdp.webp?resize=700%2C400 2x"},"classes":[]},{"id":121782,"url":"https:\/\/www.24baires.com\/?p=121782","url_meta":{"origin":121785,"position":1},"title":"Kicillof llega a Mar del Plata para la apertura de los Juegos Bonaerenses","author":"GB","date":"28\/10\/2024","format":false,"excerpt":"Ser\u00e1 este lunes en un escenario que se mont\u00f3 en La Rambla. Se espera la participaci\u00f3n de dos grandes artistas en la fiesta de apertura.El gobernador de la provincia de Buenos Aires, Axel Kicillof, llegar\u00e1 este lunes a Mar del Plata para encabezar la inauguraci\u00f3n de la 33\u00b0 edici\u00f3n de\u2026","rel":"","context":"En \u00abProvincia\u00bb","block_context":{"text":"Provincia","link":"https:\/\/www.24baires.com\/?cat=40"},"img":{"alt_text":"","src":"https:\/\/i0.wp.com\/www.24baires.com\/wp-content\/uploads\/2024\/10\/juegos.webp?resize=350%2C200","width":350,"height":200,"srcset":"https:\/\/i0.wp.com\/www.24baires.com\/wp-content\/uploads\/2024\/10\/juegos.webp?resize=350%2C200 1x, https:\/\/i0.wp.com\/www.24baires.com\/wp-content\/uploads\/2024\/10\/juegos.webp?resize=525%2C300 1.5x, https:\/\/i0.wp.com\/www.24baires.com\/wp-content\/uploads\/2024\/10\/juegos.webp?resize=700%2C400 2x"},"classes":[]},{"id":121456,"url":"https:\/\/www.24baires.com\/?p=121456","url_meta":{"origin":121785,"position":2},"title":"Con la presencia de Kicillof, comienza el 2\u00b0 Congreso Productivo Bonaerense en Mar del Plata","author":"GB","date":"02\/07\/2024","format":false,"excerpt":"El gobernador Axel Kicillof llegar\u00e1 esta semana a Mar del Plata para participar, junto al ministro Augusto Costa, de la segunda edici\u00f3n del Congreso Productivo Bonaerense, un espacio de debate sobre pol\u00edticas p\u00fablicas y estrategias de desarrollo. Tras haberse lanzado el pasado s\u00e1bado en Mar del Plata el frente pol\u00edtico\u2026","rel":"","context":"En \u00abProvincia\u00bb","block_context":{"text":"Provincia","link":"https:\/\/www.24baires.com\/?cat=40"},"img":{"alt_text":"","src":"https:\/\/i0.wp.com\/www.24baires.com\/wp-content\/uploads\/2024\/02\/axel-discurso.webp?resize=350%2C200","width":350,"height":200,"srcset":"https:\/\/i0.wp.com\/www.24baires.com\/wp-content\/uploads\/2024\/02\/axel-discurso.webp?resize=350%2C200 1x, https:\/\/i0.wp.com\/www.24baires.com\/wp-content\/uploads\/2024\/02\/axel-discurso.webp?resize=525%2C300 1.5x, https:\/\/i0.wp.com\/www.24baires.com\/wp-content\/uploads\/2024\/02\/axel-discurso.webp?resize=700%2C400 2x"},"classes":[]},{"id":120152,"url":"https:\/\/www.24baires.com\/?p=120152","url_meta":{"origin":121785,"position":3},"title":"Kicillof participa del Congreso Productivo Bonaerense","author":"GB","date":"05\/06\/2023","format":false,"excerpt":"El Gobernador de la Provincia desembarcar\u00e1 en Mar del Plata para participar del Congreso Productivo Bonaerense, que se llevar\u00e1 a cabo martes y mi\u00e9rcoles. Debatir\u00e1n representantes de empresas, sindicatos, universidades y organismos p\u00fablicos nacionales, provinciales y municipales. Con la consigna \"Produciendo el futuro\", el Congreso Productivo Bonaerense tendr\u00e1 lugar el\u2026","rel":"","context":"En \u00abProvincia\u00bb","block_context":{"text":"Provincia","link":"https:\/\/www.24baires.com\/?cat=40"},"img":{"alt_text":"","src":"https:\/\/i0.wp.com\/www.24baires.com\/wp-content\/uploads\/2022\/07\/kicillof.jpg?resize=350%2C200","width":350,"height":200,"srcset":"https:\/\/i0.wp.com\/www.24baires.com\/wp-content\/uploads\/2022\/07\/kicillof.jpg?resize=350%2C200 1x, https:\/\/i0.wp.com\/www.24baires.com\/wp-content\/uploads\/2022\/07\/kicillof.jpg?resize=525%2C300 1.5x, https:\/\/i0.wp.com\/www.24baires.com\/wp-content\/uploads\/2022\/07\/kicillof.jpg?resize=700%2C400 2x"},"classes":[]},{"id":116111,"url":"https:\/\/www.24baires.com\/?p=116111","url_meta":{"origin":121785,"position":4},"title":"Kicillof descarta cambios y apuesta a la restricci\u00f3n: \u201cEs un error abrir prematuramente\u201d","author":"AF","date":"31\/08\/2020","format":false,"excerpt":"El Gobernador busca extremar la prevenci\u00f3n y descarta las flexibilzaciones que impulsa Naci\u00f3n. El gobernador de la Provincia de Buenos Aires, Axel Kicillof, anunci\u00f3 las nuevas medidas de ASPO y apuesta extremar restricciones. A contrapelo de lo anunciado por Naci\u00f3n, que apunta a impulsar una paulatina apertura de reuniones al\u2026","rel":"","context":"En \u00abProvincia\u00bb","block_context":{"text":"Provincia","link":"https:\/\/www.24baires.com\/?cat=40"},"img":{"alt_text":"","src":"https:\/\/i0.wp.com\/www.24baires.com\/wp-content\/uploads\/2020\/07\/kicillof-arroyo.jpeg?resize=350%2C200","width":350,"height":200,"srcset":"https:\/\/i0.wp.com\/www.24baires.com\/wp-content\/uploads\/2020\/07\/kicillof-arroyo.jpeg?resize=350%2C200 1x, https:\/\/i0.wp.com\/www.24baires.com\/wp-content\/uploads\/2020\/07\/kicillof-arroyo.jpeg?resize=525%2C300 1.5x"},"classes":[]},{"id":114275,"url":"https:\/\/www.24baires.com\/?p=114275","url_meta":{"origin":121785,"position":5},"title":"Kicillof, en la apertura sesiones: \u201cDejaron una situaci\u00f3n de abandono\u201d","author":"AF","date":"02\/03\/2020","format":false,"excerpt":"El gobernador Axel Kicillof encabeza esta tarde el acto de apertura del 148\u00b0 per\u00edodo de sesiones ordinarias de la Legislatura de la provincia de Buenos Aires. El mandatario ofrece el tradicional discurso ante la Asamblea Legislativa en el recinto de la C\u00e1mara de Diputados provincial, en La Plata. En su\u2026","rel":"","context":"En \u00abProvincia\u00bb","block_context":{"text":"Provincia","link":"https:\/\/www.24baires.com\/?cat=40"},"img":{"alt_text":"","src":"https:\/\/i0.wp.com\/www.24baires.com\/wp-content\/uploads\/2020\/02\/kicillof-anuncio.jpg?resize=350%2C200","width":350,"height":200,"srcset":"https:\/\/i0.wp.com\/www.24baires.com\/wp-content\/uploads\/2020\/02\/kicillof-anuncio.jpg?resize=350%2C200 1x, https:\/\/i0.wp.com\/www.24baires.com\/wp-content\/uploads\/2020\/02\/kicillof-anuncio.jpg?resize=525%2C300 1.5x"},"classes":[]}],"jetpack_sharing_enabled":true,"jetpack_likes_enabled":true,"_links":{"self":[{"href":"https:\/\/www.24baires.com\/index.php?rest_route=\/wp\/v2\/posts\/121785","targetHints":{"allow":["GET"]}}],"collection":[{"href":"https:\/\/www.24baires.com\/index.php?rest_route=\/wp\/v2\/posts"}],"about":[{"href":"https:\/\/www.24baires.com\/index.php?rest_route=\/wp\/v2\/types\/post"}],"author":[{"embeddable":true,"href":"https:\/\/www.24baires.com\/index.php?rest_route=\/wp\/v2\/users\/8"}],"replies":[{"embeddable":true,"href":"https:\/\/www.24baires.com\/index.php?rest_route=%2Fwp%2Fv2%2Fcomments&post=121785"}],"version-history":[{"count":1,"href":"https:\/\/www.24baires.com\/index.php?rest_route=\/wp\/v2\/posts\/121785\/revisions"}],"predecessor-version":[{"id":121787,"href":"https:\/\/www.24baires.com\/index.php?rest_route=\/wp\/v2\/posts\/121785\/revisions\/121787"}],"wp:attachment":[{"href":"https:\/\/www.24baires.com\/index.php?rest_route=%2Fwp%2Fv2%2Fmedia&parent=121785"}],"wp:term":[{"taxonomy":"category","embeddable":true,"href":"https:\/\/www.24baires.com\/index.php?rest_route=%2Fwp%2Fv2%2Fcategories&post=121785"},{"taxonomy":"post_tag","embeddable":true,"href":"https:\/\/www.24baires.com\/index.php?rest_route=%2Fwp%2Fv2%2Ftags&post=121785"}],"curies":[{"name":"wp","href":"https:\/\/api.w.org\/{rel}","templated":true}]}}