{"id":121782,"date":"2024-10-28T06:32:47","date_gmt":"2024-10-28T09:32:47","guid":{"rendered":"https:\/\/www.24baires.com\/?p=121782"},"modified":"2024-10-28T06:32:47","modified_gmt":"2024-10-28T09:32:47","slug":"kicillof-llega-a-mar-del-plata-para-la-apertura-de-los-juegos-bonaerenses","status":"publish","type":"post","link":"https:\/\/www.24baires.com\/?p=121782","title":{"rendered":"Kicillof llega a Mar del Plata para la apertura de los Juegos Bonaerenses"},"content":{"rendered":"<p><img data-recalc-dims=\"1\" loading=\"lazy\" decoding=\"async\" class=\"aligncenter wp-image-121783\" src=\"https:\/\/i0.wp.com\/www.24baires.com\/wp-content\/uploads\/2024\/10\/juegos.webp?resize=720%2C404\" alt=\"\" width=\"720\" height=\"404\" \/>Ser\u00e1 este lunes en un escenario que se mont\u00f3 en La Rambla. Se espera la participaci\u00f3n de dos grandes artistas en la fiesta de apertura.<!--more-->El gobernador de la provincia de Buenos Aires, Axel Kicillof, llegar\u00e1 este lunes a Mar del Plata para encabezar la inauguraci\u00f3n de la 33\u00b0 edici\u00f3n de los Juegos Bonaerenses, de la que participar\u00e1n m\u00e1s de 26 mil competidores.<\/p>\n<p>De acuerdo a lo que pudo saber 0223, la fiesta de apertura se desarrollar\u00e1 de 14.30 a 17 en un escenario que se mont\u00f3 d\u00edas atr\u00e1s en La Rambla. Est\u00e1 prevista la visita del gobernador, quien brindar\u00e1 el discurso inaugural, y tambi\u00e9n otros miembros del Ejecutivo provincial.<\/p>\n<p>En la previa, el subsecretario de Deportes de la Provincia, Leandro Lurati, adelant\u00f3 que en la ceremonia \u00abhabr\u00e1 dos n\u00fameros art\u00edsticos muy grandes\u00bb, aunque hasta el momento no trascendieron los nombres de los cantantes invitados.<\/p>\n<p>Tal como resalt\u00f3 Lurati, se espera que el discurso de Kicillof est\u00e9 dirigido en contra de las pol\u00edticas del Gobierno nacional y al mismo tiempo reivindique el rol del Estado.<\/p>\n<p>Para esta edici\u00f3n, adem\u00e1s, habr\u00e1 fiestas para adultos mayores y personas con discapacidad, y se montar\u00e1 un Centro Recreativo en la Plazoleta Almirante Brown. Ser\u00e1 un espacio donde habr\u00e1 diferentes stands funcionando como puntos informativos, el stream de los Juegos Bonaerenses con entrevistas y m\u00fasica, la B\u00fasqueda del Tesoro y clases de surf. Para m\u00e1s informaci\u00f3n, pod\u00e9s visitar el sitio https:\/\/juegos.gba.gob.ar.<\/p>\n<p>El Gobierno encabezado por Axel Kicillof ha realizado una inversi\u00f3n presupuestaria de aproximadamente $12.000 millones, cuatro veces mayor a la de los Juegos Evita 2024, competencia que se vio desfinanciada por el Gobierno que conduce Javier Milei, el cual solo destinar\u00e1 $3.000 millones.<\/p>\n<p>Despu\u00e9s de la participaci\u00f3n de m\u00e1s de 470 mil bonaerenses en las etapas municipal, regional e interregional, m\u00e1s de 26 mil competidores adolescentes y adultos se congregar\u00e1n desde el lunes 28 de octubre al s\u00e1bado 2 de noviembre para vivir una experiencia inolvidable. Este a\u00f1o, adem\u00e1s, se llevar\u00e1 adelante de forma exclusiva la Copa Buenos Aires.<\/p>\n","protected":false},"excerpt":{"rendered":"<p>Ser\u00e1 este lunes en un escenario que se mont\u00f3 en La Rambla. Se espera la participaci\u00f3n de dos grandes artistas en la fiesta de apertura.<\/p>\n","protected":false},"author":8,"featured_media":0,"comment_status":"closed","ping_status":"closed","sticky":false,"template":"","format":"standard","meta":{"_jetpack_newsletter_access":"","_jetpack_dont_email_post_to_subs":false,"_jetpack_newsletter_tier_id":0,"_jetpack_memberships_contains_paywalled_content":false,"_jetpack_memberships_contains_paid_content":false,"footnotes":""},"categories":[40],"tags":[],"class_list":["post-121782","post","type-post","status-publish","format-standard","hentry","category-provincia"],"jetpack_featured_media_url":"","jetpack_shortlink":"https:\/\/wp.me\/p2JWE0-vGe","jetpack-related-posts":[{"id":121785,"url":"https:\/\/www.24baires.com\/?p=121785","url_meta":{"origin":121782,"position":0},"title":"Kicillof dio inicio a los Juegos Bonaerenses: \u00abno es un gasto, es una inversi\u00f3n\u00bb","author":"GB","date":"29\/10\/2024","format":false,"excerpt":"El gobernador Kicillof inaugur\u00f3 los Juegos Bonaerenses en Mar del Plata, destacando un r\u00e9cord de participaci\u00f3n y una nueva infraestructura educativa en la ciudad. El gobernador de la Provincia de Buenos Aires, Axel Kicillof, encabez\u00f3 este lunes en Mar del Plata la apertura de la 33\u00aa edici\u00f3n de los Juegos\u2026","rel":"","context":"En \u00abProvincia\u00bb","block_context":{"text":"Provincia","link":"https:\/\/www.24baires.com\/?cat=40"},"img":{"alt_text":"","src":"https:\/\/i0.wp.com\/www.24baires.com\/wp-content\/uploads\/2024\/10\/kici-bonaerenses.webp?resize=350%2C200","width":350,"height":200,"srcset":"https:\/\/i0.wp.com\/www.24baires.com\/wp-content\/uploads\/2024\/10\/kici-bonaerenses.webp?resize=350%2C200 1x, https:\/\/i0.wp.com\/www.24baires.com\/wp-content\/uploads\/2024\/10\/kici-bonaerenses.webp?resize=525%2C300 1.5x, https:\/\/i0.wp.com\/www.24baires.com\/wp-content\/uploads\/2024\/10\/kici-bonaerenses.webp?resize=700%2C400 2x"},"classes":[]},{"id":120478,"url":"https:\/\/www.24baires.com\/?p=120478","url_meta":{"origin":121782,"position":1},"title":"Kicillof encabeza inauguraci\u00f3n de la final de los Juegos Bonaerenses 2023 en Mar del Plata","author":"GB","date":"15\/09\/2023","format":false,"excerpt":"El inicio de la edici\u00f3n 2023 ser\u00e1 este viernes desde las 14.00 con un acto de inauguraci\u00f3n en el Paseo Las Toscas con presencia del Gobernador bonaerense. La edici\u00f3n 2023 de los Juegos Bonaerenses llega a su fin este mes en distintos escenarios de la ciudad de Mar del Plata.\u2026","rel":"","context":"En \u00abProvincia\u00bb","block_context":{"text":"Provincia","link":"https:\/\/www.24baires.com\/?cat=40"},"img":{"alt_text":"","src":"https:\/\/i0.wp.com\/www.24baires.com\/wp-content\/uploads\/2023\/09\/kici-mdp.webp?resize=350%2C200","width":350,"height":200,"srcset":"https:\/\/i0.wp.com\/www.24baires.com\/wp-content\/uploads\/2023\/09\/kici-mdp.webp?resize=350%2C200 1x, https:\/\/i0.wp.com\/www.24baires.com\/wp-content\/uploads\/2023\/09\/kici-mdp.webp?resize=525%2C300 1.5x, https:\/\/i0.wp.com\/www.24baires.com\/wp-content\/uploads\/2023\/09\/kici-mdp.webp?resize=700%2C400 2x"},"classes":[]},{"id":120324,"url":"https:\/\/www.24baires.com\/?p=120324","url_meta":{"origin":121782,"position":2},"title":"\u00abPodr\u00eda pasarme el d\u00eda recorriendo las obras que hizo la Provincia\u00bb, dijo Kicillof desde Mar del Plata","author":"GB","date":"02\/08\/2023","format":false,"excerpt":"El gobernador bonaerense dialog\u00f3 con Daniel \u00c1lvarez en el segmento \"Hablemos Claro\" por Canal 8 y se mostr\u00f3 molesto por las acusaciones de discriminaci\u00f3n vertidas desde el oficialismo local El gobernador Axel Kicillof fue entrevistado por el periodista Daniel \u00c1lvarez en el segmento \"Hablemos claro\" por Canal 8 de Mar\u2026","rel":"","context":"En \u00abProvincia\u00bb","block_context":{"text":"Provincia","link":"https:\/\/www.24baires.com\/?cat=40"},"img":{"alt_text":"","src":"https:\/\/i0.wp.com\/www.24baires.com\/wp-content\/uploads\/2023\/01\/axel-kicillofjpg.jpg?resize=350%2C200","width":350,"height":200,"srcset":"https:\/\/i0.wp.com\/www.24baires.com\/wp-content\/uploads\/2023\/01\/axel-kicillofjpg.jpg?resize=350%2C200 1x, https:\/\/i0.wp.com\/www.24baires.com\/wp-content\/uploads\/2023\/01\/axel-kicillofjpg.jpg?resize=525%2C300 1.5x, https:\/\/i0.wp.com\/www.24baires.com\/wp-content\/uploads\/2023\/01\/axel-kicillofjpg.jpg?resize=700%2C400 2x"},"classes":[]},{"id":120342,"url":"https:\/\/www.24baires.com\/?p=120342","url_meta":{"origin":121782,"position":3},"title":"Kicillof en la recta final: \u00abEsta semana no podemos descansar ni un minuto\u00bb","author":"GB","date":"07\/08\/2023","format":false,"excerpt":"El gobernador bonaerense, Axel Kicillof, encabez\u00f3 una mateada en la plaza Malvinas de La Plata junto a precandidatos de Uni\u00f3n por la Patria. Como estaba previsto, el gobernador de la provincia de Buenos Aires, Axel Kicillof, encabez\u00f3 una mateada en la plaza Malvinas de La Plata. El mandatario que busca\u2026","rel":"","context":"En \u00abProvincia\u00bb","block_context":{"text":"Provincia","link":"https:\/\/www.24baires.com\/?cat=40"},"img":{"alt_text":"","src":"https:\/\/i0.wp.com\/www.24baires.com\/wp-content\/uploads\/2023\/08\/kici.webp?resize=350%2C200","width":350,"height":200,"srcset":"https:\/\/i0.wp.com\/www.24baires.com\/wp-content\/uploads\/2023\/08\/kici.webp?resize=350%2C200 1x, https:\/\/i0.wp.com\/www.24baires.com\/wp-content\/uploads\/2023\/08\/kici.webp?resize=525%2C300 1.5x, https:\/\/i0.wp.com\/www.24baires.com\/wp-content\/uploads\/2023\/08\/kici.webp?resize=700%2C400 2x"},"classes":[]},{"id":114275,"url":"https:\/\/www.24baires.com\/?p=114275","url_meta":{"origin":121782,"position":4},"title":"Kicillof, en la apertura sesiones: \u201cDejaron una situaci\u00f3n de abandono\u201d","author":"AF","date":"02\/03\/2020","format":false,"excerpt":"El gobernador Axel Kicillof encabeza esta tarde el acto de apertura del 148\u00b0 per\u00edodo de sesiones ordinarias de la Legislatura de la provincia de Buenos Aires. El mandatario ofrece el tradicional discurso ante la Asamblea Legislativa en el recinto de la C\u00e1mara de Diputados provincial, en La Plata. En su\u2026","rel":"","context":"En \u00abProvincia\u00bb","block_context":{"text":"Provincia","link":"https:\/\/www.24baires.com\/?cat=40"},"img":{"alt_text":"","src":"https:\/\/i0.wp.com\/www.24baires.com\/wp-content\/uploads\/2020\/02\/kicillof-anuncio.jpg?resize=350%2C200","width":350,"height":200,"srcset":"https:\/\/i0.wp.com\/www.24baires.com\/wp-content\/uploads\/2020\/02\/kicillof-anuncio.jpg?resize=350%2C200 1x, https:\/\/i0.wp.com\/www.24baires.com\/wp-content\/uploads\/2020\/02\/kicillof-anuncio.jpg?resize=525%2C300 1.5x"},"classes":[]},{"id":116914,"url":"https:\/\/www.24baires.com\/?p=116914","url_meta":{"origin":121782,"position":5},"title":"Kicillof lanza el Operativo Sol 2021 con Berni y Montenegro","author":"GB","date":"21\/12\/2020","format":false,"excerpt":"El gobernador, Axel Kicillof, lanza desde Mar del Plata el Operativo Sol 2021 en la provincia de Buenos Aires. El gobernador de la provincia de Buenos Aires, Axel Kicillof, lanza este lunes 21 de diciembre el inicio del Operativo Sol 2021 desde Mar del Plata. El acto contar\u00e1 con la\u2026","rel":"","context":"En \u00abProvincia\u00bb","block_context":{"text":"Provincia","link":"https:\/\/www.24baires.com\/?cat=40"},"img":{"alt_text":"","src":"https:\/\/i0.wp.com\/www.24baires.com\/wp-content\/uploads\/2020\/04\/kicillof.jpg?resize=350%2C200","width":350,"height":200,"srcset":"https:\/\/i0.wp.com\/www.24baires.com\/wp-content\/uploads\/2020\/04\/kicillof.jpg?resize=350%2C200 1x, https:\/\/i0.wp.com\/www.24baires.com\/wp-content\/uploads\/2020\/04\/kicillof.jpg?resize=525%2C300 1.5x"},"classes":[]}],"jetpack_sharing_enabled":true,"jetpack_likes_enabled":true,"_links":{"self":[{"href":"https:\/\/www.24baires.com\/index.php?rest_route=\/wp\/v2\/posts\/121782","targetHints":{"allow":["GET"]}}],"collection":[{"href":"https:\/\/www.24baires.com\/index.php?rest_route=\/wp\/v2\/posts"}],"about":[{"href":"https:\/\/www.24baires.com\/index.php?rest_route=\/wp\/v2\/types\/post"}],"author":[{"embeddable":true,"href":"https:\/\/www.24baires.com\/index.php?rest_route=\/wp\/v2\/users\/8"}],"replies":[{"embeddable":true,"href":"https:\/\/www.24baires.com\/index.php?rest_route=%2Fwp%2Fv2%2Fcomments&post=121782"}],"version-history":[{"count":1,"href":"https:\/\/www.24baires.com\/index.php?rest_route=\/wp\/v2\/posts\/121782\/revisions"}],"predecessor-version":[{"id":121784,"href":"https:\/\/www.24baires.com\/index.php?rest_route=\/wp\/v2\/posts\/121782\/revisions\/121784"}],"wp:attachment":[{"href":"https:\/\/www.24baires.com\/index.php?rest_route=%2Fwp%2Fv2%2Fmedia&parent=121782"}],"wp:term":[{"taxonomy":"category","embeddable":true,"href":"https:\/\/www.24baires.com\/index.php?rest_route=%2Fwp%2Fv2%2Fcategories&post=121782"},{"taxonomy":"post_tag","embeddable":true,"href":"https:\/\/www.24baires.com\/index.php?rest_route=%2Fwp%2Fv2%2Ftags&post=121782"}],"curies":[{"name":"wp","href":"https:\/\/api.w.org\/{rel}","templated":true}]}}