{"id":12178,"date":"2013-01-14T19:51:48","date_gmt":"2013-01-14T22:51:48","guid":{"rendered":"http:\/\/www.24baires.com\/?p=12178"},"modified":"2013-01-15T12:04:16","modified_gmt":"2013-01-15T15:04:16","slug":"randazzo-por-tn-solo-les-importa-envenenar-a-la-gente-con-malas-noticias-creadas-por-ellos","status":"publish","type":"post","link":"https:\/\/www.24baires.com\/?p=12178","title":{"rendered":"Randazzo vs. TN: \u00abS\u00f3lo les importa envenenar a la gente con malas noticias creadas por ellos\u00bb"},"content":{"rendered":"<p>El ministro del Interior y Transporte, Florencio Randazzo, \u00a0afirm\u00f3 que el canal de noticias TN, perteneciente al Grupo Clar\u00edn, \u00abmiente, desinforma e intenta confundir a los televidentes de manera deliberada\u00bb. \u00a0Las declaraciones surgen a partir de que el canal de cable adrede endilg\u00f3 a la Naci\u00f3n un problema ferroviario del servicio que presta la Gobernaci\u00f3n de Scioli.<\/p>\n<p><!--more--><\/p>\n<p>\u00abA pesar de que ellos saben perfectamente que el servicio de Ferrobaires a Mar del Plata es prestado y es \u00edntegra responsabilidad de la provincia de Buenos Aires, en sus titulares omitieron permanentemente esta informaci\u00f3n\u00bb, dijo Randazzo.<\/p>\n<p>El ministro critic\u00f3 as\u00ed una nota de TN sobre la demora de 9 horas sufrida por pasajeros de esa l\u00ednea ferroviaria, \u00absin aclarar que este mal servicio lo presta la provincia de Buenos Aires\u00bb.<\/p>\n<p>Adem\u00e1s, \u00abpon\u00edan a continuaci\u00f3n declaraciones en las que yo dije que en 60 d\u00edas iba a verse una revoluci\u00f3n en los trenes, una frase que tambi\u00e9n manipularon sin ning\u00fan escr\u00fapulo\u201d.<\/p>\n<p>Randazzo record\u00f3 que, en declaraciones a Tiempo Argentino, dijo que en 60 d\u00edas comenzar\u00edan a verse de manera contundente obras en las que se est\u00e1 trabajando desde que asumi\u00f3 a mediados del a\u00f1o pasado la responsabilidad en el \u00e1rea del transporte p\u00fablico.<\/p>\n<p>En la misma declaraci\u00f3n consider\u00f3 que, \u00abcuando todos los cambios que se proyectan est\u00e9n plasmados, se ver\u00e1 una verdadera revoluci\u00f3n en el sistema ferroviario\u00bb.<\/p>\n<p>El ministro acus\u00f3 a TN de manipular esa declaraci\u00f3n en la que hab\u00eda mencionado \u00abla compra de los nuevos coches para el Mitre y el Sarmiento, que llegar\u00e1n entre los 13 y los 21 siguientes meses, y la ejecuci\u00f3n de las obras de pasos bajo nivel, que se construir\u00e1n durante los pr\u00f3ximos doce meses\u00bb.<\/p>\n<p>\u00abSin escr\u00fapulos, dicen que yo dije que en 60 d\u00edas iba a verse una revoluci\u00f3n en materia de servicio ferroviario, cuando todos saben que eso es imposible\u00bb, subray\u00f3.<\/p>\n<p>Randazzo sostuvo que a medios como TN \u00abno les importa la verdad, s\u00f3lo les importa envenenar a la gente con malas noticias que ellos mismos se encargan de construir, a fuerza de falsedades, omisiones y manipulaciones\u00bb.<\/p>\n<p>\u00abEn lo que a m\u00ed respecta, no les voy a permitir que dilapiden el esfuerzo que todos los d\u00edas hago, dejando mi vida en este desaf\u00edo que me plante\u00f3 la presidenta Cristina Fern\u00e1ndez de Kirchner de mejorar el sistema de transporte p\u00fablico\u00bb, advirti\u00f3.<\/p>\n<p>El ministro se\u00f1al\u00f3 que si lo critican por sus errores, \u00abque lo hagan, tienen todo el derecho del mundo a hacerlo. Pero voy a denunciar p\u00fablicamente cada vez que mientan, porque yo creo en un pa\u00eds mejor para mis hijos. Clar\u00edn y sus medios no creo que puedan decir lo mismo, a juzgar por su manera de obrar\u00bb, expres\u00f3.<\/p>\n<p>&nbsp;<\/p>\n<p>&nbsp;<\/p>\n<p>&nbsp;<\/p>\n<p>&nbsp;<\/p>\n<p>&nbsp;<\/p>\n<p>&nbsp;<\/p>\n","protected":false},"excerpt":{"rendered":"<p>El ministro del Interior y Transporte, Florencio Randazzo, \u00a0afirm\u00f3 que el canal de noticias TN, perteneciente al Grupo Clar\u00edn, \u00abmiente, desinforma e intenta confundir a los televidentes de manera deliberada\u00bb. \u00a0Las declaraciones surgen a partir de que el canal de cable adrede endilg\u00f3 a la Naci\u00f3n un problema ferroviario del servicio que presta la Gobernaci\u00f3n de Scioli.<\/p>\n","protected":false},"author":11,"featured_media":0,"comment_status":"open","ping_status":"open","sticky":false,"template":"","format":"standard","meta":{"_jetpack_newsletter_access":"","_jetpack_dont_email_post_to_subs":false,"_jetpack_newsletter_tier_id":0,"_jetpack_memberships_contains_paywalled_content":false,"_jetpack_memberships_contains_paid_content":false,"footnotes":""},"categories":[54],"tags":[],"class_list":["post-12178","post","type-post","status-publish","format-standard","hentry","category-medios"],"jetpack_featured_media_url":"","jetpack_shortlink":"https:\/\/wp.me\/p2JWE0-3aq","jetpack-related-posts":[{"id":11932,"url":"https:\/\/www.24baires.com\/?p=11932","url_meta":{"origin":12178,"position":0},"title":"\u00abNo se est\u00e1 en condiciones de prestar ese servicio ferroviario\u00bb, asegur\u00f3 Randazzo","author":"AF","date":"12\/01\/2013","format":false,"excerpt":"El ministro del Interior y Transporte asegur\u00f3 que ese servicio ferroviario que une a la feliz con Constituci\u00f3n \"no\" deber\u00eda prestarse, luego de responsabilizar al gobierno de Buenos Aires por la demora de doce horas que sufri\u00f3 un tren que cubre ese trayecto. \u201cNosotros lo dijimos en varias oportunidades: no\u2026","rel":"","context":"En \u00abPol\u00edtica\u00bb","block_context":{"text":"Pol\u00edtica","link":"https:\/\/www.24baires.com\/?cat=51"},"img":{"alt_text":"tren mdp ba","src":"https:\/\/i0.wp.com\/www.24baires.com\/wp-content\/uploads\/2013\/01\/tren-mdp-ba-300x212.jpg?resize=350%2C200","width":350,"height":200},"classes":[]},{"id":63038,"url":"https:\/\/www.24baires.com\/?p=63038","url_meta":{"origin":12178,"position":1},"title":"Scioli chicane\u00f3 sutilmente a Randazzo","author":"AF","date":"12\/03\/2015","format":false,"excerpt":"El gobernador bonaerense Daniel Scioli evit\u00f3 entrar de lleno en la pol\u00e9mica con su rival en la interna del Frente para la Victoria Florencio Randazzo, aunque busc\u00f3 \"ningunearlo\" al afirmar que la pol\u00edtica ferroviaria que el ministro de Interior y Transporte implementa, es en realidad \"de la Presidenta\" Cristina Fern\u00e1ndez.\u2026","rel":"","context":"En \u00abPol\u00edtica\u00bb","block_context":{"text":"Pol\u00edtica","link":"https:\/\/www.24baires.com\/?cat=51"},"img":{"alt_text":"scioli 1","src":"https:\/\/i0.wp.com\/www.24baires.com\/wp-content\/uploads\/2015\/01\/scioli-1.jpg?resize=350%2C200","width":350,"height":200,"srcset":"https:\/\/i0.wp.com\/www.24baires.com\/wp-content\/uploads\/2015\/01\/scioli-1.jpg?resize=350%2C200 1x, https:\/\/i0.wp.com\/www.24baires.com\/wp-content\/uploads\/2015\/01\/scioli-1.jpg?resize=525%2C300 1.5x"},"classes":[]},{"id":4262,"url":"https:\/\/www.24baires.com\/?p=4262","url_meta":{"origin":12178,"position":2},"title":"Randazzo aclar\u00f3 que el tren que tard\u00f3 12 horas a Mar del Plata es un \u00abservicio de la Provincia\u00bb","author":"AF","date":"03\/11\/2012","format":false,"excerpt":"Florencio Randazzo sali\u00f3 al cruce de versiones period\u00edsticas y aclar\u00f3 que el tren que se dirig\u00eda a Mar del Plata y sufri\u00f3 demoras \u201cnada tiene que ver con un servicio que presta el Gobierno nacional\u201d. \u201cCon su habitual mala intenci\u00f3n, aparece una nota publicada en el diario Clar\u00edn en la\u2026","rel":"","context":"En \u00abPol\u00edtica\u00bb","block_context":{"text":"Pol\u00edtica","link":"https:\/\/www.24baires.com\/?cat=51"},"img":{"alt_text":"","src":"https:\/\/i0.wp.com\/www.24baires.com\/wp-content\/uploads\/2012\/11\/randazzo-300x179.jpg?resize=350%2C200","width":350,"height":200},"classes":[]},{"id":57497,"url":"https:\/\/www.24baires.com\/?p=57497","url_meta":{"origin":12178,"position":3},"title":"\u00abEl 19 de diciembre empieza a prestarse el servicio con trenes 0km a Mar del Plata\u00bb","author":"GB","date":"21\/11\/2014","format":false,"excerpt":"El ministro del Interior y Transporte, Florencio Randazzo, recibi\u00f3 en Mar del Plata el primer tren 0km que realiz\u00f3 un viaje de prueba para reinstalar el servicio, y se\u00f1al\u00f3 que la operatoria \u201cfue exitosa, por lo que confirmamos que el 19 de diciembre empieza a prestarse el servicio\u201d a la\u2026","rel":"","context":"En \u00abSociedad\u00bb","block_context":{"text":"Sociedad","link":"https:\/\/www.24baires.com\/?cat=1"},"img":{"alt_text":"randazzo tren mdp","src":"https:\/\/i0.wp.com\/www.24baires.com\/wp-content\/uploads\/2014\/11\/randazzo-tren-mdp.jpg?resize=350%2C200","width":350,"height":200},"classes":[]},{"id":40330,"url":"https:\/\/www.24baires.com\/?p=40330","url_meta":{"origin":12178,"position":4},"title":"Randazzo: \u00abno hay ninguna reprivatizaci\u00f3n del sistema ferroviario\u201d","author":"GB","date":"12\/02\/2014","format":false,"excerpt":"El ministro del Interior y Transporte, Florencio Randazzo, asegur\u00f3 esta tarde que \u201cno hay ninguna reprivatizaci\u00f3n del sistema ferroviario\u201d, y rechaz\u00f3 las \"opiniones\" de quienes \"salen a tergiversar el sentido de la decisi\u00f3n\" que adopt\u00f3 el Gobierno, ya que \"tienen mala intenci\u00f3n y buscan confundir a la gente\". Tras subrayar\u2026","rel":"","context":"En \u00abEconom\u00eda\u00bb","block_context":{"text":"Econom\u00eda","link":"https:\/\/www.24baires.com\/?cat=45"},"img":{"alt_text":"","src":"","width":0,"height":0},"classes":[]},{"id":5921,"url":"https:\/\/www.24baires.com\/?p=5921","url_meta":{"origin":12178,"position":5},"title":"Randazzo pide que \u00abNo usen de rehenes a los argentinos que el 20 quieren ir a trabajar\u00bb","author":"Grupo Sierra","date":"18\/11\/2012","format":false,"excerpt":"El ministro del Interior y Transporte, Florencio Randazzo, pidi\u00f3 a los sectores gremiales que anunciaron un paro para el martes pr\u00f3ximo, que en el caso de los transportes p\u00fablicos \"presten servicio\" y que \"no pongan de rehenes a los argentinos que ese d\u00eda quieren ir a trabajar\". \"El d\u00eda 20\u2026","rel":"","context":"En \u00abPol\u00edtica\u00bb","block_context":{"text":"Pol\u00edtica","link":"https:\/\/www.24baires.com\/?cat=51"},"img":{"alt_text":"","src":"https:\/\/i0.wp.com\/www.24baires.com\/wp-content\/uploads\/2012\/11\/randazzo-trenes.jpg?resize=350%2C200","width":350,"height":200,"srcset":"https:\/\/i0.wp.com\/www.24baires.com\/wp-content\/uploads\/2012\/11\/randazzo-trenes.jpg?resize=350%2C200 1x, https:\/\/i0.wp.com\/www.24baires.com\/wp-content\/uploads\/2012\/11\/randazzo-trenes.jpg?resize=525%2C300 1.5x"},"classes":[]}],"jetpack_sharing_enabled":true,"jetpack_likes_enabled":true,"_links":{"self":[{"href":"https:\/\/www.24baires.com\/index.php?rest_route=\/wp\/v2\/posts\/12178","targetHints":{"allow":["GET"]}}],"collection":[{"href":"https:\/\/www.24baires.com\/index.php?rest_route=\/wp\/v2\/posts"}],"about":[{"href":"https:\/\/www.24baires.com\/index.php?rest_route=\/wp\/v2\/types\/post"}],"author":[{"embeddable":true,"href":"https:\/\/www.24baires.com\/index.php?rest_route=\/wp\/v2\/users\/11"}],"replies":[{"embeddable":true,"href":"https:\/\/www.24baires.com\/index.php?rest_route=%2Fwp%2Fv2%2Fcomments&post=12178"}],"version-history":[{"count":3,"href":"https:\/\/www.24baires.com\/index.php?rest_route=\/wp\/v2\/posts\/12178\/revisions"}],"predecessor-version":[{"id":12241,"href":"https:\/\/www.24baires.com\/index.php?rest_route=\/wp\/v2\/posts\/12178\/revisions\/12241"}],"wp:attachment":[{"href":"https:\/\/www.24baires.com\/index.php?rest_route=%2Fwp%2Fv2%2Fmedia&parent=12178"}],"wp:term":[{"taxonomy":"category","embeddable":true,"href":"https:\/\/www.24baires.com\/index.php?rest_route=%2Fwp%2Fv2%2Fcategories&post=12178"},{"taxonomy":"post_tag","embeddable":true,"href":"https:\/\/www.24baires.com\/index.php?rest_route=%2Fwp%2Fv2%2Ftags&post=12178"}],"curies":[{"name":"wp","href":"https:\/\/api.w.org\/{rel}","templated":true}]}}