{"id":121764,"date":"2024-10-23T06:29:27","date_gmt":"2024-10-23T09:29:27","guid":{"rendered":"https:\/\/www.24baires.com\/?p=121764"},"modified":"2024-10-23T06:29:27","modified_gmt":"2024-10-23T09:29:27","slug":"milei-confirmo-que-jose-luis-espert-sera-candidato-a-gobernador-de-buenos-aires","status":"publish","type":"post","link":"https:\/\/www.24baires.com\/?p=121764","title":{"rendered":"Milei confirm\u00f3 que Jos\u00e9 Luis Espert ser\u00e1 candidato a gobernador de Buenos Aires"},"content":{"rendered":"<p><img data-recalc-dims=\"1\" loading=\"lazy\" decoding=\"async\" class=\"aligncenter wp-image-121765\" src=\"https:\/\/i0.wp.com\/www.24baires.com\/wp-content\/uploads\/2024\/10\/milei-espert.webp?resize=720%2C442\" alt=\"\" width=\"720\" height=\"442\" \/>El presidente Javier Milei anticip\u00f3 que el ahora diputado Jos\u00e9 Luis Espert \u00abva a arrasar\u00bb en las pr\u00f3ximas elecciones de 2027.<!--more--><\/p>\n<p>El presidente Javier Milei anticip\u00f3 este martes que el diputado ex \u201cAvanza Libertad\u201d, Jos\u00e9 Luis Espert, se presentar\u00e1 como candidato a gobernador de la provincia de Buenos Aires por La Libertad Avanza, en los comicios que se celebrar\u00e1n en el a\u00f1o 2027.<\/p>\n<p>\u201cTe voy a tirar una primicia: Espert va a arrasar en provincia de Buenos Aires, no tengas dudas\u201d, dispar\u00f3 el Jefe de Estado en un canal de streaming \u201camigo\u201d; al tiempo que calific\u00f3 a esa disputa como \u201cla madre de las batallas\u201d, dado que el territorio provincial es donde se concentra la mayor cantidad de la poblaci\u00f3n del pa\u00eds, adem\u00e1s de su PBI.<\/p>\n<p>Cabe recordar que, como informara este medio, la \u00faltima encuesta de CB Consultora, realizada en la provincia, de cara a las legislativas de 2025, confirm\u00f3 la configuraci\u00f3n de un escenario altamente polarizado donde la ex presidenta Cristina Fern\u00e1ndez de Kirchner y Espert peleaban cabeza a cabeza.<\/p>\n<p>El sondeo advirti\u00f3 que a la l\u00edder peronista la votar\u00eda (sin dudas) un 29,1% de los encuestados, mientras que el n\u00facleo duro del segundo apenas supera el 14,5%. De todos modos, Cristina alcanzaba un techo del 42,3% sin proyecci\u00f3n de indecisos, mientras que Espert la segu\u00eda de cerca con un 42,1%.<\/p>\n","protected":false},"excerpt":{"rendered":"<p>El presidente Javier Milei anticip\u00f3 que el ahora diputado Jos\u00e9 Luis Espert \u00abva a arrasar\u00bb en las pr\u00f3ximas elecciones de 2027.<\/p>\n","protected":false},"author":8,"featured_media":0,"comment_status":"closed","ping_status":"closed","sticky":false,"template":"","format":"standard","meta":{"_jetpack_newsletter_access":"","_jetpack_dont_email_post_to_subs":false,"_jetpack_newsletter_tier_id":0,"_jetpack_memberships_contains_paywalled_content":false,"_jetpack_memberships_contains_paid_content":false,"footnotes":""},"categories":[40],"tags":[],"class_list":["post-121764","post","type-post","status-publish","format-standard","hentry","category-provincia"],"jetpack_featured_media_url":"","jetpack_shortlink":"https:\/\/wp.me\/p2JWE0-vFW","jetpack-related-posts":[{"id":121124,"url":"https:\/\/www.24baires.com\/?p=121124","url_meta":{"origin":121764,"position":0},"title":"Milei sali\u00f3 a bancar la rebeli\u00f3n fiscal en la Provincia","author":"GB","date":"18\/03\/2024","format":false,"excerpt":"El Presidente Javier Milei respald\u00f3 un pedido para dejar de pagar impuestos en la provincia de Buenos Aires. Reacci\u00f3n del peronismo. La idea de \"fundir\" a las provincias, elaborada por el presidente Javier Milei como \"vendetta\" ante la ca\u00edda de la Ley Bases, parece tan vigente como el primer d\u00eda.\u2026","rel":"","context":"En \u00abPol\u00edtica\u00bb","block_context":{"text":"Pol\u00edtica","link":"https:\/\/www.24baires.com\/?cat=51"},"img":{"alt_text":"","src":"https:\/\/i0.wp.com\/www.24baires.com\/wp-content\/uploads\/2024\/01\/javier-milei.jpg?resize=350%2C200","width":350,"height":200,"srcset":"https:\/\/i0.wp.com\/www.24baires.com\/wp-content\/uploads\/2024\/01\/javier-milei.jpg?resize=350%2C200 1x, https:\/\/i0.wp.com\/www.24baires.com\/wp-content\/uploads\/2024\/01\/javier-milei.jpg?resize=525%2C300 1.5x, https:\/\/i0.wp.com\/www.24baires.com\/wp-content\/uploads\/2024\/01\/javier-milei.jpg?resize=700%2C400 2x"},"classes":[]},{"id":122669,"url":"https:\/\/www.24baires.com\/?p=122669","url_meta":{"origin":121764,"position":1},"title":"Milei anunci\u00f3 a Diego Santilli como Ministro del Interior","author":"GB","date":"03\/11\/2025","format":false,"excerpt":"Tras la salida de Catal\u00e1n el Gobierno anunci\u00f3 que el diputado bonaerense asumir\u00e1 la relaci\u00f3n con los gobernadores El presidente Javier Mieli anunci\u00f3 que Diego Santilli asumir\u00e1 como ministro del Interior, un \u00e1rea clave dentro del gabinete nacional, ya que acciona v\u00ednculos con las provincias, y es la figura del\u2026","rel":"","context":"En \u00abPol\u00edtica\u00bb","block_context":{"text":"Pol\u00edtica","link":"https:\/\/www.24baires.com\/?cat=51"},"img":{"alt_text":"","src":"https:\/\/i0.wp.com\/www.24baires.com\/wp-content\/uploads\/2025\/11\/milei-santilli.jpg?resize=350%2C200","width":350,"height":200,"srcset":"https:\/\/i0.wp.com\/www.24baires.com\/wp-content\/uploads\/2025\/11\/milei-santilli.jpg?resize=350%2C200 1x, https:\/\/i0.wp.com\/www.24baires.com\/wp-content\/uploads\/2025\/11\/milei-santilli.jpg?resize=525%2C300 1.5x, https:\/\/i0.wp.com\/www.24baires.com\/wp-content\/uploads\/2025\/11\/milei-santilli.jpg?resize=700%2C400 2x"},"classes":[]},{"id":122047,"url":"https:\/\/www.24baires.com\/?p=122047","url_meta":{"origin":121764,"position":2},"title":"Kicillof: \u00abEst\u00e1n destruyendo la capacidad adquisitiva, la salud y hasta las costumbres del pueblo\u00bb","author":"GB","date":"10\/02\/2025","format":false,"excerpt":"El Gobernador cruz\u00f3 al gobierno nacional y advirti\u00f3 sobre las consecuencias de sus pol\u00edticas econ\u00f3micas. Como es costumbre, Milei por su parte respondi\u00f3 con agravios m\u00e1s que con datos. La disputa entre el presidente Javier Milei y el gobernador de la provincia de Buenos Aires, Axel Kicillof, sum\u00f3 un nuevo\u2026","rel":"","context":"En \u00abProvincia\u00bb","block_context":{"text":"Provincia","link":"https:\/\/www.24baires.com\/?cat=40"},"img":{"alt_text":"","src":"https:\/\/i0.wp.com\/www.24baires.com\/wp-content\/uploads\/2025\/02\/axel-k.webp?resize=350%2C200","width":350,"height":200,"srcset":"https:\/\/i0.wp.com\/www.24baires.com\/wp-content\/uploads\/2025\/02\/axel-k.webp?resize=350%2C200 1x, https:\/\/i0.wp.com\/www.24baires.com\/wp-content\/uploads\/2025\/02\/axel-k.webp?resize=525%2C300 1.5x, https:\/\/i0.wp.com\/www.24baires.com\/wp-content\/uploads\/2025\/02\/axel-k.webp?resize=700%2C400 2x"},"classes":[]},{"id":122589,"url":"https:\/\/www.24baires.com\/?p=122589","url_meta":{"origin":121764,"position":3},"title":"Finalmente Espert renunci\u00f3 a su candidatura por el esc\u00e1ndalo narco","author":"GB","date":"06\/10\/2025","format":false,"excerpt":"A trav\u00e9s de un posteo anunci\u00f3 la decisi\u00f3n de renunciar a su postulaci\u00f3n, que -seg\u00fan dijo- fue presentada por \u00e9l mismo al Presidente Javier Milei Envuelto en un esc\u00e1ndalo, Jos\u00e9 Luis Espert anunci\u00f3 hoy finalmente que desistir\u00e1 de competir en elecciones de octubre pr\u00f3ximo para renovar su banca al frente\u2026","rel":"","context":"En \u00abELECCIONES 2019\u00bb","block_context":{"text":"ELECCIONES 2019","link":"https:\/\/www.24baires.com\/?cat=329"},"img":{"alt_text":"","src":"https:\/\/i0.wp.com\/www.24baires.com\/wp-content\/uploads\/2025\/10\/espert.jpg?resize=350%2C200","width":350,"height":200,"srcset":"https:\/\/i0.wp.com\/www.24baires.com\/wp-content\/uploads\/2025\/10\/espert.jpg?resize=350%2C200 1x, https:\/\/i0.wp.com\/www.24baires.com\/wp-content\/uploads\/2025\/10\/espert.jpg?resize=525%2C300 1.5x, https:\/\/i0.wp.com\/www.24baires.com\/wp-content\/uploads\/2025\/10\/espert.jpg?resize=700%2C400 2x"},"classes":[]},{"id":121378,"url":"https:\/\/www.24baires.com\/?p=121378","url_meta":{"origin":121764,"position":4},"title":"\u00abEn el 27 nos vamos a quedar con la provincia de Buenos Aires\u00bb, amenaza Milei","author":"GB","date":"24\/05\/2024","format":false,"excerpt":"El Presidente se mostr\u00f3 confiado en ganar la gobernaci\u00f3n de la Provincia en 2027 y apunt\u00f3 contra el actual gobernador Axel Kicillof. El presidente Javier Milei sostuvo que La Libertad Avanza (LLA) ganar\u00e1 la provincia de Buenos Aires en 2027 y calific\u00f3 al gobernador de Buenos Aires, Axel Kicillof, como\u2026","rel":"","context":"En \u00abPol\u00edtica\u00bb","block_context":{"text":"Pol\u00edtica","link":"https:\/\/www.24baires.com\/?cat=51"},"img":{"alt_text":"","src":"https:\/\/i0.wp.com\/www.24baires.com\/wp-content\/uploads\/2024\/01\/milei-cabwza.webp?resize=350%2C200","width":350,"height":200,"srcset":"https:\/\/i0.wp.com\/www.24baires.com\/wp-content\/uploads\/2024\/01\/milei-cabwza.webp?resize=350%2C200 1x, https:\/\/i0.wp.com\/www.24baires.com\/wp-content\/uploads\/2024\/01\/milei-cabwza.webp?resize=525%2C300 1.5x, https:\/\/i0.wp.com\/www.24baires.com\/wp-content\/uploads\/2024\/01\/milei-cabwza.webp?resize=700%2C400 2x"},"classes":[]},{"id":121527,"url":"https:\/\/www.24baires.com\/?p=121527","url_meta":{"origin":121764,"position":5},"title":"Bah\u00eda Blanca se adhiri\u00f3 al RIGI de Milei","author":"GB","date":"09\/08\/2024","format":false,"excerpt":"El Concejo Deliberante de Bah\u00eda Blanca, con el apoyo de los ediles que responden al intendente Federico Susbielles, aprob\u00f3 la incorporaci\u00f3n al R\u00e9gimen de Incentivo para las Grandes Inversiones (RIGI). Luego del esc\u00e1ndalo por la mudanza de la planta de GNL del puerto de Bah\u00eda Blanca, el Concejo Deliberante local\u2026","rel":"","context":"En \u00abMunicipios\u00bb","block_context":{"text":"Municipios","link":"https:\/\/www.24baires.com\/?cat=44"},"img":{"alt_text":"","src":"https:\/\/i0.wp.com\/www.24baires.com\/wp-content\/uploads\/2024\/08\/intendnte-bahia.webp?resize=350%2C200","width":350,"height":200,"srcset":"https:\/\/i0.wp.com\/www.24baires.com\/wp-content\/uploads\/2024\/08\/intendnte-bahia.webp?resize=350%2C200 1x, https:\/\/i0.wp.com\/www.24baires.com\/wp-content\/uploads\/2024\/08\/intendnte-bahia.webp?resize=525%2C300 1.5x, https:\/\/i0.wp.com\/www.24baires.com\/wp-content\/uploads\/2024\/08\/intendnte-bahia.webp?resize=700%2C400 2x"},"classes":[]}],"jetpack_sharing_enabled":true,"jetpack_likes_enabled":true,"_links":{"self":[{"href":"https:\/\/www.24baires.com\/index.php?rest_route=\/wp\/v2\/posts\/121764","targetHints":{"allow":["GET"]}}],"collection":[{"href":"https:\/\/www.24baires.com\/index.php?rest_route=\/wp\/v2\/posts"}],"about":[{"href":"https:\/\/www.24baires.com\/index.php?rest_route=\/wp\/v2\/types\/post"}],"author":[{"embeddable":true,"href":"https:\/\/www.24baires.com\/index.php?rest_route=\/wp\/v2\/users\/8"}],"replies":[{"embeddable":true,"href":"https:\/\/www.24baires.com\/index.php?rest_route=%2Fwp%2Fv2%2Fcomments&post=121764"}],"version-history":[{"count":1,"href":"https:\/\/www.24baires.com\/index.php?rest_route=\/wp\/v2\/posts\/121764\/revisions"}],"predecessor-version":[{"id":121766,"href":"https:\/\/www.24baires.com\/index.php?rest_route=\/wp\/v2\/posts\/121764\/revisions\/121766"}],"wp:attachment":[{"href":"https:\/\/www.24baires.com\/index.php?rest_route=%2Fwp%2Fv2%2Fmedia&parent=121764"}],"wp:term":[{"taxonomy":"category","embeddable":true,"href":"https:\/\/www.24baires.com\/index.php?rest_route=%2Fwp%2Fv2%2Fcategories&post=121764"},{"taxonomy":"post_tag","embeddable":true,"href":"https:\/\/www.24baires.com\/index.php?rest_route=%2Fwp%2Fv2%2Ftags&post=121764"}],"curies":[{"name":"wp","href":"https:\/\/api.w.org\/{rel}","templated":true}]}}