{"id":121757,"date":"2024-10-21T06:29:32","date_gmt":"2024-10-21T09:29:32","guid":{"rendered":"https:\/\/www.24baires.com\/?p=121757"},"modified":"2024-10-21T06:32:48","modified_gmt":"2024-10-21T09:32:48","slug":"la-logica-de-sometido-o-traidor-causo-malos-resultados","status":"publish","type":"post","link":"https:\/\/www.24baires.com\/?p=121757","title":{"rendered":"\u00abLa l\u00f3gica de sometido o traidor caus\u00f3 malos resultados\u00bb"},"content":{"rendered":"<p><img data-recalc-dims=\"1\" loading=\"lazy\" decoding=\"async\" class=\"aligncenter wp-image-119124\" src=\"https:\/\/i0.wp.com\/www.24baires.com\/wp-content\/uploads\/2022\/07\/kicillof.jpg?resize=720%2C480\" alt=\"\" width=\"720\" height=\"480\" srcset=\"https:\/\/i0.wp.com\/www.24baires.com\/wp-content\/uploads\/2022\/07\/kicillof.jpg?w=960&amp;ssl=1 960w, https:\/\/i0.wp.com\/www.24baires.com\/wp-content\/uploads\/2022\/07\/kicillof.jpg?resize=300%2C200&amp;ssl=1 300w, https:\/\/i0.wp.com\/www.24baires.com\/wp-content\/uploads\/2022\/07\/kicillof.jpg?resize=768%2C512&amp;ssl=1 768w\" sizes=\"auto, (max-width: 720px) 100vw, 720px\" \/>Axel Kicillof respondi\u00f3 a los \u00abataques\u00bb del kirchnerismo con una extensa carta en la que defiende su prescindencia en la interna. Duro reproche a CFK.<!--more--><\/p>\n<p>El gobernador Axel Kicillof sali\u00f3 a responder los ataques del kirchnerismo y a ratificar su pedido de unidad frente a la interna del PJ Nacional, que tiene a Cristina Kirchner en uno de los rincones y a Ricardo Quintela en el otro.<\/p>\n<p>Kicillof habl\u00f3 de \u00abataques p\u00fablicos\u00bb en su contra y cuestion\u00f3 la \u00abl\u00f3gica del sometido o traidor\u00bb, que, dijo, \u00abentr\u00f3 en crisis y viene causando malos resultados\u00bb.<\/p>\n<p>Es una respuesta directa a Cristina, que ayer habl\u00f3 de \u00ablos Poncio Pilatos y los Judas\u00bb del peronismo, al tiempo que cuestion\u00f3 la \u00abindefinici\u00f3n\u00bb del Gobernador bonaerense.<\/p>\n<p>Adem\u00e1s, reclam\u00f3 \u00abel respeto y el acompa\u00f1amiento a los pocos gobernadores que pudimos revalidar nuestras gestiones y que damos la batalla contra el plan destructivo de Milei\u00bb. Si esa condici\u00f3n, se pregunt\u00f3, \u00ab\u00bfqu\u00e9 tipo de unidad podr\u00eda darse en el PJ?\u00bb.<\/p>\n<p>Kicillof envi\u00f3 un mensaje a La Campora y al PJ Bonaerense. \u00abNo puedo convalidar el equivocado mecanismo de que cualquier diferencia o cr\u00edtica desate el disciplinamiento\u00bb, plante\u00f3, y reclam\u00f3 \u00abel pleno acompa\u00f1amiento del peronismo de mi provincia\u00bb.<\/p>\n<p>Es que, dijo, \u00ab\u00faltimamente sectores de nuestra fuerza pol\u00edtica (&#8230;) han decidido criticarme mucho y acompa\u00f1arme poco\u00bb. Y encaden\u00f3 esa frase con una distinci\u00f3n: \u00abno tuve ni tengo la necesidad de agredir a nadie para expresar el reclamo de un mayor respaldo al gobierno provincial\u00bb.<\/p>\n<p>A pesar de la dureza de su mensaje, llev\u00f3 tranquilidad hacia adentro de su gobierno: \u00abSobre quienes forman parte del gabinete, estoy orgulloso del trabajo que vienen haciendo y que deseo que sigan realizando\u00bb, plante\u00f3, ataj\u00e1ndose ante posibles fugas del camporismo bonaerense.<\/p>\n<p>\u00bfLa interna del peronismo juega para Milei?<br \/>\nMediante un comunicado titulado \u00abConstruir un escudo y una alternativa: para eso, unidad\u00bb, AK se mostr\u00f3 preocupado: \u00abPareciera que no se registra del todo lo que est\u00e1 pasando en el pa\u00eds y en nuestra fuerza pol\u00edtica: hay enojos, diferencias y desacuerdos. Esos reclamos, esos enojos deben ser escuchados con humildad y de ninguna manera pueden ser descalificados como signos de traici\u00f3n\u00bb.<\/p>\n<p>El diagn\u00f3stico pol\u00edtico del Gobernador se\u00f1ala que la divisi\u00f3n del peronismo est\u00e1 siendo funcional a los planes de Javier Milei, quien, sostuvo, \u00abno gan\u00f3 por accidente; es presidente luego de que el peronismo hiciera un gobierno nacional que no cumpli\u00f3 con las expectativas\u00bb.<\/p>\n<p>Tal como hizo en Berisso hace 48 horas, asumi\u00f3 la responsabilidad de \u00abproteger a los bonaerenses del ajuste y de los ataques y, en lo que pueda, tambi\u00e9n al pa\u00eds, construyendo lazos de solidaridad con el resto de los gobernadores de todos los partidos\u00bb. Y volvi\u00f3 a opinar que ve \u00abinoportuna\u00bb a la interna partidaria.<\/p>\n","protected":false},"excerpt":{"rendered":"<p>Axel Kicillof respondi\u00f3 a los \u00abataques\u00bb del kirchnerismo con una extensa carta en la que defiende su prescindencia en la interna. Duro reproche a CFK.<\/p>\n","protected":false},"author":8,"featured_media":0,"comment_status":"closed","ping_status":"closed","sticky":false,"template":"","format":"standard","meta":{"_jetpack_newsletter_access":"","_jetpack_dont_email_post_to_subs":false,"_jetpack_newsletter_tier_id":0,"_jetpack_memberships_contains_paywalled_content":false,"_jetpack_memberships_contains_paid_content":false,"footnotes":""},"categories":[40],"tags":[],"class_list":["post-121757","post","type-post","status-publish","format-standard","hentry","category-provincia"],"jetpack_featured_media_url":"","jetpack_shortlink":"https:\/\/wp.me\/p2JWE0-vFP","jetpack-related-posts":[{"id":122185,"url":"https:\/\/www.24baires.com\/?p=122185","url_meta":{"origin":121757,"position":0},"title":"Kicillof volvi\u00f3 a respaldar el desdoblamiento y dispar\u00f3: \u00abQue nadie vea fantasmas\u00bb","author":"GB","date":"04\/04\/2025","format":false,"excerpt":"Mientras aumenta la tensi\u00f3n en el peronismo, el gobernador bonaerense Axel Kicillof respald\u00f3 el desdoblamiento electoral y cuestion\u00f3 la propuesta impulsada por el kirchnerismo para unificar los comicios. Con la Legislatura pisando la suspensi\u00f3n de las PASO y a solo una hora de la publicaci\u00f3n de una carta abierta de\u2026","rel":"","context":"En \u00abProvincia\u00bb","block_context":{"text":"Provincia","link":"https:\/\/www.24baires.com\/?cat=40"},"img":{"alt_text":"","src":"https:\/\/i0.wp.com\/www.24baires.com\/wp-content\/uploads\/2025\/04\/kiciloff.webp?resize=350%2C200","width":350,"height":200,"srcset":"https:\/\/i0.wp.com\/www.24baires.com\/wp-content\/uploads\/2025\/04\/kiciloff.webp?resize=350%2C200 1x, https:\/\/i0.wp.com\/www.24baires.com\/wp-content\/uploads\/2025\/04\/kiciloff.webp?resize=525%2C300 1.5x, https:\/\/i0.wp.com\/www.24baires.com\/wp-content\/uploads\/2025\/04\/kiciloff.webp?resize=700%2C400 2x"},"classes":[]},{"id":122195,"url":"https:\/\/www.24baires.com\/?p=122195","url_meta":{"origin":121757,"position":1},"title":"Interna de Uni\u00f3n por la Patria: Kicillof se re\u00fane con intendentes leales","author":"GB","date":"11\/04\/2025","format":false,"excerpt":"El Gobernador bonaerense recibir\u00e1 este viernes a los jefes municipales afines, en medio de un clima de tensi\u00f3n extrema tras el desdoblamiento de las elecciones en la Provincia. La ex Presidenta tuvo su c\u00f3nclave con alcaldes propios el mi\u00e9rcoles y no se descarta que sea candidata a la Legislatura. Contin\u00faan\u2026","rel":"","context":"En \u00abProvincia\u00bb","block_context":{"text":"Provincia","link":"https:\/\/www.24baires.com\/?cat=40"},"img":{"alt_text":"","src":"https:\/\/i0.wp.com\/www.24baires.com\/wp-content\/uploads\/2025\/04\/kici-intendentes.png?resize=350%2C200","width":350,"height":200,"srcset":"https:\/\/i0.wp.com\/www.24baires.com\/wp-content\/uploads\/2025\/04\/kici-intendentes.png?resize=350%2C200 1x, https:\/\/i0.wp.com\/www.24baires.com\/wp-content\/uploads\/2025\/04\/kici-intendentes.png?resize=525%2C300 1.5x, https:\/\/i0.wp.com\/www.24baires.com\/wp-content\/uploads\/2025\/04\/kici-intendentes.png?resize=700%2C400 2x"},"classes":[]},{"id":113206,"url":"https:\/\/www.24baires.com\/?p=113206","url_meta":{"origin":121757,"position":2},"title":"Kicillof se sum\u00f3 al pedido para que la declaraci\u00f3n de Cristina sea televisada","author":"GB","date":"02\/12\/2019","format":false,"excerpt":"El gobernador electo Axel Kicillof se sum\u00f3 este lunes al pedido de la dirigencia kirchnerista para que la declaraci\u00f3n de Cristina Fern\u00e1ndez de Kirchner en el marco de la causa que investiga supuestas irregularidades en la concesi\u00f3n de obra p\u00fablica en Santa Cruz sea televisada. \"Durante a\u00f1os la acusaron y\u2026","rel":"","context":"En \u00abProvincia\u00bb","block_context":{"text":"Provincia","link":"https:\/\/www.24baires.com\/?cat=40"},"img":{"alt_text":"","src":"https:\/\/i0.wp.com\/www.24baires.com\/wp-content\/uploads\/2019\/08\/kicillof-1-300x200.jpg?resize=350%2C200","width":350,"height":200},"classes":[]},{"id":121378,"url":"https:\/\/www.24baires.com\/?p=121378","url_meta":{"origin":121757,"position":3},"title":"\u00abEn el 27 nos vamos a quedar con la provincia de Buenos Aires\u00bb, amenaza Milei","author":"GB","date":"24\/05\/2024","format":false,"excerpt":"El Presidente se mostr\u00f3 confiado en ganar la gobernaci\u00f3n de la Provincia en 2027 y apunt\u00f3 contra el actual gobernador Axel Kicillof. El presidente Javier Milei sostuvo que La Libertad Avanza (LLA) ganar\u00e1 la provincia de Buenos Aires en 2027 y calific\u00f3 al gobernador de Buenos Aires, Axel Kicillof, como\u2026","rel":"","context":"En \u00abPol\u00edtica\u00bb","block_context":{"text":"Pol\u00edtica","link":"https:\/\/www.24baires.com\/?cat=51"},"img":{"alt_text":"","src":"https:\/\/i0.wp.com\/www.24baires.com\/wp-content\/uploads\/2024\/01\/milei-cabwza.webp?resize=350%2C200","width":350,"height":200,"srcset":"https:\/\/i0.wp.com\/www.24baires.com\/wp-content\/uploads\/2024\/01\/milei-cabwza.webp?resize=350%2C200 1x, https:\/\/i0.wp.com\/www.24baires.com\/wp-content\/uploads\/2024\/01\/milei-cabwza.webp?resize=525%2C300 1.5x, https:\/\/i0.wp.com\/www.24baires.com\/wp-content\/uploads\/2024\/01\/milei-cabwza.webp?resize=700%2C400 2x"},"classes":[]},{"id":122340,"url":"https:\/\/www.24baires.com\/?p=122340","url_meta":{"origin":121757,"position":4},"title":"Kicillof y Cristina se reunieron y avanzan en una estrategia conjunta electoral","author":"GB","date":"06\/06\/2025","format":false,"excerpt":"Tras una reuni\u00f3n presencial, Cristina y Kicillof acordaron conformar una mesa pol\u00edtica para avanzar en listas de unidad. En un encuentro presencial que acaba de finalizar, el gobernador Axel Kicillof y la expresidenta Cristina Kirchner mantuvieron una reuni\u00f3n clave con el objetivo de encauzar el armado electoral de Uni\u00f3n por\u2026","rel":"","context":"En \u00abLocales\u00bb","block_context":{"text":"Locales","link":"https:\/\/www.24baires.com\/?cat=38"},"img":{"alt_text":"","src":"https:\/\/i0.wp.com\/www.24baires.com\/wp-content\/uploads\/2025\/06\/kici-cristina.jpg?resize=350%2C200","width":350,"height":200,"srcset":"https:\/\/i0.wp.com\/www.24baires.com\/wp-content\/uploads\/2025\/06\/kici-cristina.jpg?resize=350%2C200 1x, https:\/\/i0.wp.com\/www.24baires.com\/wp-content\/uploads\/2025\/06\/kici-cristina.jpg?resize=525%2C300 1.5x, https:\/\/i0.wp.com\/www.24baires.com\/wp-content\/uploads\/2025\/06\/kici-cristina.jpg?resize=700%2C400 2x"},"classes":[]},{"id":122526,"url":"https:\/\/www.24baires.com\/?p=122526","url_meta":{"origin":121757,"position":5},"title":"Kicillof sali\u00f3 fortalecido tras el triunfo bonaerense: \u201cTuvimos una victoria aplastante\u201d","author":"GB","date":"08\/09\/2025","format":false,"excerpt":"Con una victoria en 6 de 8 secciones y ante un bunker repleto en La Plata, el gobernador celebr\u00f3 el triunfo de Fuerza Patria y dej\u00f3 un mensaje al Presidente: \u201cMilei espero el llamado, ten\u00e9 el coraje de reunirte para trabajar y ponerte de acuerdo El gobernador de la provincia\u2026","rel":"","context":"En \u00abProvincia\u00bb","block_context":{"text":"Provincia","link":"https:\/\/www.24baires.com\/?cat=40"},"img":{"alt_text":"","src":"https:\/\/i0.wp.com\/www.24baires.com\/wp-content\/uploads\/2025\/09\/kici-bunker.jpg?resize=350%2C200","width":350,"height":200,"srcset":"https:\/\/i0.wp.com\/www.24baires.com\/wp-content\/uploads\/2025\/09\/kici-bunker.jpg?resize=350%2C200 1x, https:\/\/i0.wp.com\/www.24baires.com\/wp-content\/uploads\/2025\/09\/kici-bunker.jpg?resize=525%2C300 1.5x, https:\/\/i0.wp.com\/www.24baires.com\/wp-content\/uploads\/2025\/09\/kici-bunker.jpg?resize=700%2C400 2x"},"classes":[]}],"jetpack_sharing_enabled":true,"jetpack_likes_enabled":true,"_links":{"self":[{"href":"https:\/\/www.24baires.com\/index.php?rest_route=\/wp\/v2\/posts\/121757","targetHints":{"allow":["GET"]}}],"collection":[{"href":"https:\/\/www.24baires.com\/index.php?rest_route=\/wp\/v2\/posts"}],"about":[{"href":"https:\/\/www.24baires.com\/index.php?rest_route=\/wp\/v2\/types\/post"}],"author":[{"embeddable":true,"href":"https:\/\/www.24baires.com\/index.php?rest_route=\/wp\/v2\/users\/8"}],"replies":[{"embeddable":true,"href":"https:\/\/www.24baires.com\/index.php?rest_route=%2Fwp%2Fv2%2Fcomments&post=121757"}],"version-history":[{"count":3,"href":"https:\/\/www.24baires.com\/index.php?rest_route=\/wp\/v2\/posts\/121757\/revisions"}],"predecessor-version":[{"id":121761,"href":"https:\/\/www.24baires.com\/index.php?rest_route=\/wp\/v2\/posts\/121757\/revisions\/121761"}],"wp:attachment":[{"href":"https:\/\/www.24baires.com\/index.php?rest_route=%2Fwp%2Fv2%2Fmedia&parent=121757"}],"wp:term":[{"taxonomy":"category","embeddable":true,"href":"https:\/\/www.24baires.com\/index.php?rest_route=%2Fwp%2Fv2%2Fcategories&post=121757"},{"taxonomy":"post_tag","embeddable":true,"href":"https:\/\/www.24baires.com\/index.php?rest_route=%2Fwp%2Fv2%2Ftags&post=121757"}],"curies":[{"name":"wp","href":"https:\/\/api.w.org\/{rel}","templated":true}]}}