{"id":121755,"date":"2024-10-17T06:23:21","date_gmt":"2024-10-17T09:23:21","guid":{"rendered":"https:\/\/www.24baires.com\/?p=121755"},"modified":"2024-10-17T06:23:21","modified_gmt":"2024-10-17T09:23:21","slug":"kicillof-encabeza-un-acto-en-berisso-por-el-dia-de-la-lealtad","status":"publish","type":"post","link":"https:\/\/www.24baires.com\/?p=121755","title":{"rendered":"Kicillof encabeza un acto en Berisso por el D\u00eda de la Lealtad"},"content":{"rendered":"<p><img data-recalc-dims=\"1\" loading=\"lazy\" decoding=\"async\" class=\"aligncenter wp-image-120506\" src=\"https:\/\/i0.wp.com\/www.24baires.com\/wp-content\/uploads\/2023\/09\/kicillof.webp?resize=720%2C480\" alt=\"\" width=\"720\" height=\"480\" srcset=\"https:\/\/i0.wp.com\/www.24baires.com\/wp-content\/uploads\/2023\/09\/kicillof.webp?w=887&amp;ssl=1 887w, https:\/\/i0.wp.com\/www.24baires.com\/wp-content\/uploads\/2023\/09\/kicillof.webp?resize=300%2C200&amp;ssl=1 300w, https:\/\/i0.wp.com\/www.24baires.com\/wp-content\/uploads\/2023\/09\/kicillof.webp?resize=768%2C512&amp;ssl=1 768w\" sizes=\"auto, (max-width: 720px) 100vw, 720px\" \/>Kicillof encabezar\u00e1 el 17 de octubre en Berisso, donde la lucha obrera y el legado peronista se entrelazan en el hist\u00f3rico kil\u00f3metro 0 del movimiento.<!--more--><\/p>\n<p>El D\u00eda de la Lealtad Peronista se conmemora ma\u00f1ana en un lugar emblem\u00e1tico: el Kil\u00f3metro 0 del peronismo en Berisso, donde el gobernador Axel Kicillof encabezar\u00e1 un acto en homenaje a los trabajadores que marcaron el inicio del movimiento y en donde se espera que fije posici\u00f3n respecto a la interna del Partido Justicialista (PJ).<\/p>\n<p>Alicia Zubiaga, integrante de la ONG Amigos de la calle Nueva York y descendiente de inmigrantes eslovenos, record\u00f3 la historia de su familia y c\u00f3mo sus abuelos participaron en la vida laboral y social de esta zona, trabajando en los frigor\u00edficos que empleaban a miles de inmigrantes y que fueron parte fundamental en el surgimiento del movimiento peronista.<\/p>\n<p>\u00abMis abuelos llegaron alrededor de 1927 o 1928, y trabajaron en los frigor\u00edficos de la ciudad. Viv\u00edan en el pasaje Wilde, y tanto mi mam\u00e1 como mi t\u00edo crecieron ac\u00e1, en la calle Nueva York. El trabajo era inhumano y las condiciones indignas, sin salubridad, lo que justamente motiv\u00f3 las movilizaciones del 17 de octubre\u00bb, relat\u00f3 Alicia.<\/p>\n<p>Su abuelo trabajaba tanto en la c\u00e1mara fr\u00eda como en la caliente, mientras que su abuela laboraba en la chancher\u00eda, uno de los pocos sectores donde pod\u00edan emplearse las mujeres. La explotaci\u00f3n era la norma, y el sistema de trabajo muchas veces depend\u00eda del azar: \u00abTodos los d\u00edas sal\u00eda el capataz y eleg\u00eda a los que trabajar\u00edan; al resto, no les tocaba\u00bb, coment\u00f3 Zubiaga.<\/p>\n<p>La diversidad cultural caracterizaba a la zona, a la que se le llamaba \u00abla Babel Argentina\u00bb. En pocas cuadras se congregaban personas de diversos pa\u00edses, principalmente europeos, que compart\u00edan las mismas penurias en los frigor\u00edficos. \u00abLos eslavos, por ejemplo, eran destinados a las c\u00e1maras fr\u00edas por su resistencia al fr\u00edo\u00bb, record\u00f3 Alicia, se\u00f1alando que en las calles del barrio se o\u00eda el castellano argentino, aunque en los hogares se hablaban idiomas nativos.<\/p>\n","protected":false},"excerpt":{"rendered":"<p>Kicillof encabezar\u00e1 el 17 de octubre en Berisso, donde la lucha obrera y el legado peronista se entrelazan en el hist\u00f3rico kil\u00f3metro 0 del movimiento.<\/p>\n","protected":false},"author":8,"featured_media":0,"comment_status":"closed","ping_status":"closed","sticky":false,"template":"","format":"standard","meta":{"_jetpack_newsletter_access":"","_jetpack_dont_email_post_to_subs":false,"_jetpack_newsletter_tier_id":0,"_jetpack_memberships_contains_paywalled_content":false,"_jetpack_memberships_contains_paid_content":false,"footnotes":""},"categories":[40],"tags":[],"class_list":["post-121755","post","type-post","status-publish","format-standard","hentry","category-provincia"],"jetpack_featured_media_url":"","jetpack_shortlink":"https:\/\/wp.me\/p2JWE0-vFN","jetpack-related-posts":[{"id":55555,"url":"https:\/\/www.24baires.com\/?p=55555","url_meta":{"origin":121755,"position":0},"title":"17 de Octubre: el PJ conmemora en todo el pa\u00eds el D\u00eda de la Lealtad","author":"GB","date":"17\/10\/2014","format":false,"excerpt":"Con diferentes actos, el Partido Justicialista recordar\u00e1 el 17 de octubre de 1945, cuando el pueblo exigi\u00f3 el regreso de Per\u00f3n. Se esperan diversos homenajes a Antonio Cafiero. El Partido Justicialista conmemorar\u00e1 hoy el D\u00eda de la Lealtad con actos en todo el pa\u00eds entre los que se destacan el\u2026","rel":"","context":"En \u00abPol\u00edtica\u00bb","block_context":{"text":"Pol\u00edtica","link":"https:\/\/www.24baires.com\/?cat=51"},"img":{"alt_text":"d\u00eda de la lealtad","src":"https:\/\/i0.wp.com\/www.24baires.com\/wp-content\/uploads\/2014\/10\/d%C3%ADa-de-la-lealtad.jpg?resize=350%2C200","width":350,"height":200,"srcset":"https:\/\/i0.wp.com\/www.24baires.com\/wp-content\/uploads\/2014\/10\/d%C3%ADa-de-la-lealtad.jpg?resize=350%2C200 1x, https:\/\/i0.wp.com\/www.24baires.com\/wp-content\/uploads\/2014\/10\/d%C3%ADa-de-la-lealtad.jpg?resize=525%2C300 1.5x"},"classes":[]},{"id":114267,"url":"https:\/\/www.24baires.com\/?p=114267","url_meta":{"origin":121755,"position":1},"title":"Kicillof: \u201cEstoy feliz porque hac\u00eda mucho tiempo que no se empezaban las clases el primer d\u00eda\u201d","author":"AF","date":"02\/03\/2020","format":false,"excerpt":"BERISSO - Previo a la apertura de sesiones legislativas, el Gobernador dio inicio al ciclo lectivo 2020 en una escuela del distrito vecino de La Plata. Mientras se palpita el acto de apertura de sesiones legislativas de Provincia, el gobernador Axel Kicillof hizo una escala previa en una escuela de\u2026","rel":"","context":"En \u00abProvincia\u00bb","block_context":{"text":"Provincia","link":"https:\/\/www.24baires.com\/?cat=40"},"img":{"alt_text":"","src":"https:\/\/i0.wp.com\/www.24baires.com\/wp-content\/uploads\/2020\/03\/kicilloff.jpg?resize=350%2C200","width":350,"height":200,"srcset":"https:\/\/i0.wp.com\/www.24baires.com\/wp-content\/uploads\/2020\/03\/kicilloff.jpg?resize=350%2C200 1x, https:\/\/i0.wp.com\/www.24baires.com\/wp-content\/uploads\/2020\/03\/kicilloff.jpg?resize=525%2C300 1.5x"},"classes":[]},{"id":120385,"url":"https:\/\/www.24baires.com\/?p=120385","url_meta":{"origin":121755,"position":2},"title":"Kicillof: \u201cLa derecha tiene muchos candidatos y un solo proyecto: quitar derechos\u201d","author":"AF","date":"16\/08\/2023","format":false,"excerpt":"El gobernador bonaerense inaugur\u00f3 en Berisso el nuevo edificio para el Centro Educativo Complementario N\u00b0 802 y habl\u00f3 sobre el resultado de la PASO, la importancia de ir a votar, lo realizado durante su gesti\u00f3n y las asignaturas pendientes. El gobernador de la provincia de Buenos Aires, Axel Kicillof, asegur\u00f3\u2026","rel":"","context":"En \u00abPol\u00edtica\u00bb","block_context":{"text":"Pol\u00edtica","link":"https:\/\/www.24baires.com\/?cat=51"},"img":{"alt_text":"","src":"https:\/\/i0.wp.com\/www.24baires.com\/wp-content\/uploads\/2023\/01\/axel-kicillofjpg.jpg?resize=350%2C200","width":350,"height":200,"srcset":"https:\/\/i0.wp.com\/www.24baires.com\/wp-content\/uploads\/2023\/01\/axel-kicillofjpg.jpg?resize=350%2C200 1x, https:\/\/i0.wp.com\/www.24baires.com\/wp-content\/uploads\/2023\/01\/axel-kicillofjpg.jpg?resize=525%2C300 1.5x, https:\/\/i0.wp.com\/www.24baires.com\/wp-content\/uploads\/2023\/01\/axel-kicillofjpg.jpg?resize=700%2C400 2x"},"classes":[]},{"id":112515,"url":"https:\/\/www.24baires.com\/?p=112515","url_meta":{"origin":121755,"position":3},"title":"Kicillof: \u201cEstamos escribiendo el final de un cap\u00edtulo negro en la historia argentina\u201d","author":"GB","date":"16\/10\/2019","format":false,"excerpt":"El candidato a gobernador bonaerense por el Frente de Todos estuvo en Magdalena y Berisso y critic\u00f3 la gesti\u00f3n de Mauricio Macri. Axel Kicillof, candidato a gobernador bonaerense por el Frente de Todos, viaj\u00f3 hasta la tercera secci\u00f3n electoral y se reuni\u00f3 con sectores productivos, organizaciones y agrupaciones sociales. Desde\u2026","rel":"","context":"En \u00abProvincia\u00bb","block_context":{"text":"Provincia","link":"https:\/\/www.24baires.com\/?cat=40"},"img":{"alt_text":"","src":"https:\/\/i0.wp.com\/www.24baires.com\/wp-content\/uploads\/2019\/08\/kicillof-1-300x200.jpg?resize=350%2C200","width":350,"height":200},"classes":[]},{"id":120626,"url":"https:\/\/www.24baires.com\/?p=120626","url_meta":{"origin":121755,"position":4},"title":"Kicillof: \u00abNos declaramos en campa\u00f1a permanente\u00bb","author":"AF","date":"06\/11\/2023","format":false,"excerpt":"En La Plata, el gobernador les habl\u00f3 a diez mil personas: \"La pr\u00f3xima elecci\u00f3n es un triunfo que vamos a construir en la provincia de Buenos Aires\". \"No es momento de descansar ni detenerse. Estamos ac\u00e1 porque sabemos bien que el futuro que imaginamos s\u00f3lo tiene sentido si al triunfo\u2026","rel":"","context":"En \u00abPol\u00edtica\u00bb","block_context":{"text":"Pol\u00edtica","link":"https:\/\/www.24baires.com\/?cat=51"},"img":{"alt_text":"","src":"https:\/\/i0.wp.com\/www.24baires.com\/wp-content\/uploads\/2023\/11\/WhatsApp-Image-2023-11-06-at-23.06.35.jpeg?resize=350%2C200","width":350,"height":200,"srcset":"https:\/\/i0.wp.com\/www.24baires.com\/wp-content\/uploads\/2023\/11\/WhatsApp-Image-2023-11-06-at-23.06.35.jpeg?resize=350%2C200 1x, https:\/\/i0.wp.com\/www.24baires.com\/wp-content\/uploads\/2023\/11\/WhatsApp-Image-2023-11-06-at-23.06.35.jpeg?resize=525%2C300 1.5x, https:\/\/i0.wp.com\/www.24baires.com\/wp-content\/uploads\/2023\/11\/WhatsApp-Image-2023-11-06-at-23.06.35.jpeg?resize=700%2C400 2x"},"classes":[]},{"id":121757,"url":"https:\/\/www.24baires.com\/?p=121757","url_meta":{"origin":121755,"position":5},"title":"\u00abLa l\u00f3gica de sometido o traidor caus\u00f3 malos resultados\u00bb","author":"GB","date":"21\/10\/2024","format":false,"excerpt":"Axel Kicillof respondi\u00f3 a los \"ataques\" del kirchnerismo con una extensa carta en la que defiende su prescindencia en la interna. Duro reproche a CFK. El gobernador Axel Kicillof sali\u00f3 a responder los ataques del kirchnerismo y a ratificar su pedido de unidad frente a la interna del PJ Nacional,\u2026","rel":"","context":"En \u00abProvincia\u00bb","block_context":{"text":"Provincia","link":"https:\/\/www.24baires.com\/?cat=40"},"img":{"alt_text":"","src":"https:\/\/i0.wp.com\/www.24baires.com\/wp-content\/uploads\/2022\/07\/kicillof.jpg?resize=350%2C200","width":350,"height":200,"srcset":"https:\/\/i0.wp.com\/www.24baires.com\/wp-content\/uploads\/2022\/07\/kicillof.jpg?resize=350%2C200 1x, https:\/\/i0.wp.com\/www.24baires.com\/wp-content\/uploads\/2022\/07\/kicillof.jpg?resize=525%2C300 1.5x, https:\/\/i0.wp.com\/www.24baires.com\/wp-content\/uploads\/2022\/07\/kicillof.jpg?resize=700%2C400 2x"},"classes":[]}],"jetpack_sharing_enabled":true,"jetpack_likes_enabled":true,"_links":{"self":[{"href":"https:\/\/www.24baires.com\/index.php?rest_route=\/wp\/v2\/posts\/121755","targetHints":{"allow":["GET"]}}],"collection":[{"href":"https:\/\/www.24baires.com\/index.php?rest_route=\/wp\/v2\/posts"}],"about":[{"href":"https:\/\/www.24baires.com\/index.php?rest_route=\/wp\/v2\/types\/post"}],"author":[{"embeddable":true,"href":"https:\/\/www.24baires.com\/index.php?rest_route=\/wp\/v2\/users\/8"}],"replies":[{"embeddable":true,"href":"https:\/\/www.24baires.com\/index.php?rest_route=%2Fwp%2Fv2%2Fcomments&post=121755"}],"version-history":[{"count":1,"href":"https:\/\/www.24baires.com\/index.php?rest_route=\/wp\/v2\/posts\/121755\/revisions"}],"predecessor-version":[{"id":121756,"href":"https:\/\/www.24baires.com\/index.php?rest_route=\/wp\/v2\/posts\/121755\/revisions\/121756"}],"wp:attachment":[{"href":"https:\/\/www.24baires.com\/index.php?rest_route=%2Fwp%2Fv2%2Fmedia&parent=121755"}],"wp:term":[{"taxonomy":"category","embeddable":true,"href":"https:\/\/www.24baires.com\/index.php?rest_route=%2Fwp%2Fv2%2Fcategories&post=121755"},{"taxonomy":"post_tag","embeddable":true,"href":"https:\/\/www.24baires.com\/index.php?rest_route=%2Fwp%2Fv2%2Ftags&post=121755"}],"curies":[{"name":"wp","href":"https:\/\/api.w.org\/{rel}","templated":true}]}}