{"id":121732,"date":"2024-10-14T06:30:46","date_gmt":"2024-10-14T09:30:46","guid":{"rendered":"https:\/\/www.24baires.com\/?p=121732"},"modified":"2024-10-14T06:30:46","modified_gmt":"2024-10-14T09:30:46","slug":"fuerte-caida-de-la-actividad-turistica-en-el-fin-de-semana-largo","status":"publish","type":"post","link":"https:\/\/www.24baires.com\/?p=121732","title":{"rendered":"Fuerte ca\u00edda de la actividad tur\u00edstica en el fin de semana largo"},"content":{"rendered":"<p><img data-recalc-dims=\"1\" loading=\"lazy\" decoding=\"async\" class=\"aligncenter wp-image-121733\" src=\"https:\/\/i0.wp.com\/www.24baires.com\/wp-content\/uploads\/2024\/10\/mar_del_plata.jpg?resize=720%2C457\" alt=\"\" width=\"720\" height=\"457\" srcset=\"https:\/\/i0.wp.com\/www.24baires.com\/wp-content\/uploads\/2024\/10\/mar_del_plata.jpg?w=1024&amp;ssl=1 1024w, https:\/\/i0.wp.com\/www.24baires.com\/wp-content\/uploads\/2024\/10\/mar_del_plata.jpg?resize=300%2C190&amp;ssl=1 300w, https:\/\/i0.wp.com\/www.24baires.com\/wp-content\/uploads\/2024\/10\/mar_del_plata.jpg?resize=768%2C488&amp;ssl=1 768w\" sizes=\"auto, (max-width: 720px) 100vw, 720px\" \/>Seg\u00fan Came, viajaron 1,4 millones de personas por Argentina, 7,1% menos que en la misma fecha de 2023; adem\u00e1s, gastaron $228.479 millones, 33,3% por debajo del a\u00f1o pasado. El encarecimiento del d\u00f3lar complic\u00f3 la llegada de extranjeros.<!--more--><\/p>\n<p>Aproximadamente, 1,4 millones de turistas se movilizaron por el pa\u00eds durante el fin de semana largo por el D\u00eda del Respeto a la Diversidad Cultural. En total, gastaron $228.479 millones en las ciudades que forman parte del circuito tur\u00edstico nacional, se\u00f1al\u00f3 la Confederaci\u00f3n Argentina de la Mediana Empresa (Came).<\/p>\n<p>Comparado al mismo feriado del a\u00f1o pasado, viajaron 7,1% menos de personas y el impacto econ\u00f3mico tuvo una baja real de 33,3%.<\/p>\n<p>De acuerdo al informe, la ca\u00edda de este a\u00f1o \u201cse explica porque el feriado 2023 fue de cuatro d\u00edas (y este de tres), y el tipo de cambio en aquel momento volv\u00eda a la Argentina m\u00e1s conveniente para el visitante internacional\u201d.<\/p>\n<p>\u201cEl visitante este a\u00f1o fue mucho m\u00e1s austero, not\u00e1ndose el menor poder adquisitivo. Viaj\u00f3, pero prioriz\u00f3 las actividades gratuitas y redujo su demanda gastron\u00f3mica. Fue com\u00fan ver ciudades con ocupaci\u00f3n hotelera en niveles muy altos y a la vez, confiter\u00edas y restaurantes semivac\u00edos\u201d, indicaron desde Came.<\/p>\n<p>En la Provincia de Buenos Aires, la costa fue uno de los principales destinos, con Mar del Plata como uno de los polos m\u00e1s visitados.<\/p>\n","protected":false},"excerpt":{"rendered":"<p>Seg\u00fan Came, viajaron 1,4 millones de personas por Argentina, 7,1% menos que en la misma fecha de 2023; adem\u00e1s, gastaron $228.479 millones, 33,3% por debajo del a\u00f1o pasado. El encarecimiento del d\u00f3lar complic\u00f3 la llegada de extranjeros.<\/p>\n","protected":false},"author":8,"featured_media":0,"comment_status":"closed","ping_status":"closed","sticky":false,"template":"","format":"standard","meta":{"_jetpack_newsletter_access":"","_jetpack_dont_email_post_to_subs":false,"_jetpack_newsletter_tier_id":0,"_jetpack_memberships_contains_paywalled_content":false,"_jetpack_memberships_contains_paid_content":false,"footnotes":""},"categories":[1],"tags":[],"class_list":["post-121732","post","type-post","status-publish","format-standard","hentry","category-sociedad"],"jetpack_featured_media_url":"","jetpack_shortlink":"https:\/\/wp.me\/p2JWE0-vFq","jetpack-related-posts":[{"id":35675,"url":"https:\/\/www.24baires.com\/?p=35675","url_meta":{"origin":121732,"position":0},"title":"Pronostican un gasto de $ 1.165 millones por el fin de semana largo","author":"GB","date":"24\/11\/2013","format":false,"excerpt":"El Ministerio de Turismo estim\u00f3 hoy que el fin de semana largo movi\u00f3 1,1 millones de turistas a los destinos de nuestro pa\u00eds, 31,6 por ciento m\u00e1s que en el mismo fin de semana del a\u00f1o pasado, y que los viajeros gastar\u00e1n un total de 1.165 millones de pesos. La\u2026","rel":"","context":"En \u00abEconom\u00eda\u00bb","block_context":{"text":"Econom\u00eda","link":"https:\/\/www.24baires.com\/?cat=45"},"img":{"alt_text":"turistas pinamar","src":"https:\/\/i0.wp.com\/www.24baires.com\/wp-content\/uploads\/2012\/11\/turistas-pinamar-300x168.jpg?resize=350%2C200","width":350,"height":200},"classes":[]},{"id":26662,"url":"https:\/\/www.24baires.com\/?p=26662","url_meta":{"origin":121732,"position":1},"title":"El &#8216;superfinde&#8217; dej\u00f3 cerca de 1.500 millones de pesos en las econom\u00edas regionales","author":"Grupo Sierra","date":"23\/06\/2013","format":false,"excerpt":"El alto movimiento tur\u00edstico impact\u00f3 en un nivel de ventas por bienes y servicios vinculados al sector de entre 1.300 y 2.000 millones de pesos, informaron la Confederaci\u00f3n de la Mediana Empresa y Fedec\u00e1maras. CAME, la entidad que conduce Osvaldo Cornide, se\u00f1al\u00f3 que bajo un clima fr\u00edo pero mayormente soleado,\u2026","rel":"","context":"En \u00abEconom\u00eda\u00bb","block_context":{"text":"Econom\u00eda","link":"https:\/\/www.24baires.com\/?cat=45"},"img":{"alt_text":"paseo sierra","src":"https:\/\/i0.wp.com\/www.24baires.com\/wp-content\/uploads\/2013\/06\/paseo-sierra.jpg?resize=350%2C200","width":350,"height":200,"srcset":"https:\/\/i0.wp.com\/www.24baires.com\/wp-content\/uploads\/2013\/06\/paseo-sierra.jpg?resize=350%2C200 1x, https:\/\/i0.wp.com\/www.24baires.com\/wp-content\/uploads\/2013\/06\/paseo-sierra.jpg?resize=525%2C300 1.5x"},"classes":[]},{"id":76119,"url":"https:\/\/www.24baires.com\/?p=76119","url_meta":{"origin":121732,"position":2},"title":"Los turistas gastaron 1.866,5 millones de pesos durante el fin de semana largo","author":"GB","date":"08\/12\/2015","format":false,"excerpt":"Las ventas minoristas vinculadas al turismo marcaron una suba internanual de 4,5% en este fin de semana largo, en el que 976.000 viajeros gastaron 1.866,5 millones de pesos, seg\u00fan datos difundidos por la CAME. Tambi\u00e9n indicaron que en el a\u00f1o 2015, durante los 9 fines de semana largo, 10,1 millones\u2026","rel":"","context":"En \u00abTurismo\u00bb","block_context":{"text":"Turismo","link":"https:\/\/www.24baires.com\/?cat=69"},"img":{"alt_text":"mar del plata playa","src":"https:\/\/i0.wp.com\/www.24baires.com\/wp-content\/uploads\/2015\/01\/mar-del-plata-playa.jpg?resize=350%2C200","width":350,"height":200,"srcset":"https:\/\/i0.wp.com\/www.24baires.com\/wp-content\/uploads\/2015\/01\/mar-del-plata-playa.jpg?resize=350%2C200 1x, https:\/\/i0.wp.com\/www.24baires.com\/wp-content\/uploads\/2015\/01\/mar-del-plata-playa.jpg?resize=525%2C300 1.5x"},"classes":[]},{"id":78715,"url":"https:\/\/www.24baires.com\/?p=78715","url_meta":{"origin":121732,"position":3},"title":"Turistas gastaron m\u00e1s de $4 mil millones durante los feriados de Carnaval","author":"AF","date":"09\/02\/2016","format":false,"excerpt":"La CAME inform\u00f3 que dos millones de turistas viajaron por la Argentina durante el primer fin de semana largo del a\u00f1o y desembolsaron esa suma, que representa un 1,5% menos que en 2015. La C\u00e1mara Argentina de la Mediana Empresa (CAME) inform\u00f3 que en el feriado de Carnaval, el primer\u2026","rel":"","context":"En \u00abEconom\u00eda\u00bb","block_context":{"text":"Econom\u00eda","link":"https:\/\/www.24baires.com\/?cat=45"},"img":{"alt_text":"turismo fin de a\u00f1o","src":"https:\/\/i0.wp.com\/www.24baires.com\/wp-content\/uploads\/2012\/12\/turismo-fin-de-a%C3%B1o.jpg?resize=350%2C200","width":350,"height":200,"srcset":"https:\/\/i0.wp.com\/www.24baires.com\/wp-content\/uploads\/2012\/12\/turismo-fin-de-a%C3%B1o.jpg?resize=350%2C200 1x, https:\/\/i0.wp.com\/www.24baires.com\/wp-content\/uploads\/2012\/12\/turismo-fin-de-a%C3%B1o.jpg?resize=525%2C300 1.5x"},"classes":[]},{"id":58294,"url":"https:\/\/www.24baires.com\/?p=58294","url_meta":{"origin":121732,"position":4},"title":"M\u00e1s de 750 mil personas se movilizaron por el fin de semana largo","author":"GB","date":"08\/12\/2014","format":false,"excerpt":"Los turistas se orientaron en su mayor\u00eda hacia el interior de Buenos Aires y gastaron 932,6 millones de pesos en comercios, servicios y econom\u00edas regionales, seg\u00fan un relevamiento de la Confederaci\u00f3n Argentina de la Mediana Empresa (CAME). El gasto promedio diario por visitante fue de 440 pesos y la estad\u00eda\u2026","rel":"","context":"En \u00abTurismo\u00bb","block_context":{"text":"Turismo","link":"https:\/\/www.24baires.com\/?cat=69"},"img":{"alt_text":"mdp playa","src":"https:\/\/i0.wp.com\/www.24baires.com\/wp-content\/uploads\/2013\/02\/mdp-playa.jpg?resize=350%2C200","width":350,"height":200,"srcset":"https:\/\/i0.wp.com\/www.24baires.com\/wp-content\/uploads\/2013\/02\/mdp-playa.jpg?resize=350%2C200 1x, https:\/\/i0.wp.com\/www.24baires.com\/wp-content\/uploads\/2013\/02\/mdp-playa.jpg?resize=525%2C300 1.5x"},"classes":[]},{"id":61825,"url":"https:\/\/www.24baires.com\/?p=61825","url_meta":{"origin":121732,"position":5},"title":"En feriado de Carnaval las ventas subieron 4,5%","author":"GB","date":"16\/02\/2015","format":false,"excerpt":"Los m\u00e1s de dos millones de turistas que se desplazan por el pa\u00eds en los tres primeros d\u00edas del Feriado de Carnaval llevan gastados ese dinero, de acuerdo con un informe realizado por la Confederaci\u00f3n Argentina de la Mediana Empresa. \"En medio de un verano con mucho movimiento, el primer\u2026","rel":"","context":"En \u00abEconom\u00eda\u00bb","block_context":{"text":"Econom\u00eda","link":"https:\/\/www.24baires.com\/?cat=45"},"img":{"alt_text":"shopping interior","src":"https:\/\/i0.wp.com\/www.24baires.com\/wp-content\/uploads\/2012\/12\/shopping-interior.jpg?resize=350%2C200","width":350,"height":200,"srcset":"https:\/\/i0.wp.com\/www.24baires.com\/wp-content\/uploads\/2012\/12\/shopping-interior.jpg?resize=350%2C200 1x, https:\/\/i0.wp.com\/www.24baires.com\/wp-content\/uploads\/2012\/12\/shopping-interior.jpg?resize=525%2C300 1.5x"},"classes":[]}],"jetpack_sharing_enabled":true,"jetpack_likes_enabled":true,"_links":{"self":[{"href":"https:\/\/www.24baires.com\/index.php?rest_route=\/wp\/v2\/posts\/121732","targetHints":{"allow":["GET"]}}],"collection":[{"href":"https:\/\/www.24baires.com\/index.php?rest_route=\/wp\/v2\/posts"}],"about":[{"href":"https:\/\/www.24baires.com\/index.php?rest_route=\/wp\/v2\/types\/post"}],"author":[{"embeddable":true,"href":"https:\/\/www.24baires.com\/index.php?rest_route=\/wp\/v2\/users\/8"}],"replies":[{"embeddable":true,"href":"https:\/\/www.24baires.com\/index.php?rest_route=%2Fwp%2Fv2%2Fcomments&post=121732"}],"version-history":[{"count":1,"href":"https:\/\/www.24baires.com\/index.php?rest_route=\/wp\/v2\/posts\/121732\/revisions"}],"predecessor-version":[{"id":121734,"href":"https:\/\/www.24baires.com\/index.php?rest_route=\/wp\/v2\/posts\/121732\/revisions\/121734"}],"wp:attachment":[{"href":"https:\/\/www.24baires.com\/index.php?rest_route=%2Fwp%2Fv2%2Fmedia&parent=121732"}],"wp:term":[{"taxonomy":"category","embeddable":true,"href":"https:\/\/www.24baires.com\/index.php?rest_route=%2Fwp%2Fv2%2Fcategories&post=121732"},{"taxonomy":"post_tag","embeddable":true,"href":"https:\/\/www.24baires.com\/index.php?rest_route=%2Fwp%2Fv2%2Ftags&post=121732"}],"curies":[{"name":"wp","href":"https:\/\/api.w.org\/{rel}","templated":true}]}}