{"id":121726,"date":"2024-10-09T06:28:39","date_gmt":"2024-10-09T09:28:39","guid":{"rendered":"https:\/\/www.24baires.com\/?p=121726"},"modified":"2024-10-09T06:28:39","modified_gmt":"2024-10-09T09:28:39","slug":"el-gobierno-de-kicillof-reabre-paritarias-y-recibe-a-estatales-y-docentes","status":"publish","type":"post","link":"https:\/\/www.24baires.com\/?p=121726","title":{"rendered":"El Gobierno de Kicillof reabre paritarias y recibe a estatales y docentes"},"content":{"rendered":"<p><img data-recalc-dims=\"1\" loading=\"lazy\" decoding=\"async\" class=\"aligncenter wp-image-121727\" src=\"https:\/\/i0.wp.com\/www.24baires.com\/wp-content\/uploads\/2024\/10\/gremios.jpeg?resize=720%2C480\" alt=\"\" width=\"720\" height=\"480\" srcset=\"https:\/\/i0.wp.com\/www.24baires.com\/wp-content\/uploads\/2024\/10\/gremios.jpeg?w=1024&amp;ssl=1 1024w, https:\/\/i0.wp.com\/www.24baires.com\/wp-content\/uploads\/2024\/10\/gremios.jpeg?resize=300%2C200&amp;ssl=1 300w, https:\/\/i0.wp.com\/www.24baires.com\/wp-content\/uploads\/2024\/10\/gremios.jpeg?resize=768%2C512&amp;ssl=1 768w\" sizes=\"auto, (max-width: 720px) 100vw, 720px\" \/>Este mi\u00e9rcoles desde las 10.00, la Provincia se reunir\u00e1 con los gremios de trabajadores del Estado y docentes para discutir incrementos salariales de cara al \u00faltimo tramo del a\u00f1o.<!--more--><\/p>\n<p>Seg\u00fan se prev\u00e9, a las 10.00 Gobernaci\u00f3n recibir\u00e1 a los estatales, y a las 12.00 ser\u00e1 el turno de lo docentes. En tanto, los judiciales aseguran no haber sidos convocados por la Provincia.<\/p>\n<p>M\u00e1s all\u00e1 del encuentro, podr\u00eda no haber una oferta formal este mi\u00e9rcoles.<\/p>\n<p>Vale destacar que la Provincia viene siendo castigada por los recortes y ajustes que bajan desde Naci\u00f3n, a la vez que la crisis econ\u00f3mica tambi\u00e9n golpea en la propia recaudaci\u00f3n.<\/p>\n<p>La intenci\u00f3n del Gobierno bonaerense ser\u00eda que a lo largo de 2025 haya solamente dos encuentros paritarios, con una cl\u00e1usula de revisi\u00f3n que se activar\u00eda en caso de que se dispare la inflaci\u00f3n y los sueldos queden atrasados ante la suba de precios.<\/p>\n","protected":false},"excerpt":{"rendered":"<p>Este mi\u00e9rcoles desde las 10.00, la Provincia se reunir\u00e1 con los gremios de trabajadores del Estado y docentes para discutir incrementos salariales de cara al \u00faltimo tramo del a\u00f1o.<\/p>\n","protected":false},"author":8,"featured_media":0,"comment_status":"closed","ping_status":"closed","sticky":false,"template":"","format":"standard","meta":{"_jetpack_newsletter_access":"","_jetpack_dont_email_post_to_subs":false,"_jetpack_newsletter_tier_id":0,"_jetpack_memberships_contains_paywalled_content":false,"_jetpack_memberships_contains_paid_content":false,"footnotes":""},"categories":[40],"tags":[],"class_list":["post-121726","post","type-post","status-publish","format-standard","hentry","category-provincia"],"jetpack_featured_media_url":"","jetpack_shortlink":"https:\/\/wp.me\/p2JWE0-vFk","jetpack-related-posts":[{"id":121500,"url":"https:\/\/www.24baires.com\/?p=121500","url_meta":{"origin":121726,"position":0},"title":"La Provincia convoc\u00f3 a estatales y docentes a discutir paritarias","author":"GB","date":"02\/08\/2024","format":false,"excerpt":"Luego del pedido de UPCN y la reuni\u00f3n informal de este mi\u00e9rcoles, el Gobierno bonaerense y los gremios estatales y docentes volver\u00e1n a discutir paritarias el pr\u00f3ximo jueves. El Gobierno bonaerense convoc\u00f3 a los gremios estatales y docentes a retomar las negociaciones paritarias de este mes el pr\u00f3ximo jueves, en\u2026","rel":"","context":"En \u00abProvincia\u00bb","block_context":{"text":"Provincia","link":"https:\/\/www.24baires.com\/?cat=40"},"img":{"alt_text":"","src":"https:\/\/i0.wp.com\/www.24baires.com\/wp-content\/uploads\/2024\/03\/paritarias-estatales.webp?resize=350%2C200","width":350,"height":200,"srcset":"https:\/\/i0.wp.com\/www.24baires.com\/wp-content\/uploads\/2024\/03\/paritarias-estatales.webp?resize=350%2C200 1x, https:\/\/i0.wp.com\/www.24baires.com\/wp-content\/uploads\/2024\/03\/paritarias-estatales.webp?resize=525%2C300 1.5x, https:\/\/i0.wp.com\/www.24baires.com\/wp-content\/uploads\/2024\/03\/paritarias-estatales.webp?resize=700%2C400 2x"},"classes":[]},{"id":120629,"url":"https:\/\/www.24baires.com\/?p=120629","url_meta":{"origin":121726,"position":1},"title":"La Provincia recibe a los gremios para discutir paritarias","author":"GB","date":"07\/11\/2023","format":false,"excerpt":"Los gremios que representan a las y los trabajadores estatales fueron llamados a una reuni\u00f3n para rediscutir paritarias. El Gobierno de la Provincia de Buenos Aires convoc\u00f3 a los gremios que representan a las y los trabajadores estatales a una reuni\u00f3n para rediscutir paritarias, una demanda que creci\u00f3 tras las\u2026","rel":"","context":"En \u00abProvincia\u00bb","block_context":{"text":"Provincia","link":"https:\/\/www.24baires.com\/?cat=40"},"img":{"alt_text":"","src":"https:\/\/i0.wp.com\/www.24baires.com\/wp-content\/uploads\/2022\/12\/docentes-y-estatales-bonaerenses.jpeg?resize=350%2C200","width":350,"height":200,"srcset":"https:\/\/i0.wp.com\/www.24baires.com\/wp-content\/uploads\/2022\/12\/docentes-y-estatales-bonaerenses.jpeg?resize=350%2C200 1x, https:\/\/i0.wp.com\/www.24baires.com\/wp-content\/uploads\/2022\/12\/docentes-y-estatales-bonaerenses.jpeg?resize=525%2C300 1.5x, https:\/\/i0.wp.com\/www.24baires.com\/wp-content\/uploads\/2022\/12\/docentes-y-estatales-bonaerenses.jpeg?resize=700%2C400 2x"},"classes":[]},{"id":116308,"url":"https:\/\/www.24baires.com\/?p=116308","url_meta":{"origin":121726,"position":2},"title":"Provincia reabre la paritaria con los docentes","author":"GB","date":"24\/09\/2020","format":false,"excerpt":"Los gremios docentes ser\u00e1n recibidos por la Provincia este jueves para comenzar a desandar la negociaci\u00f3n salarial. Este jueves los docentes bonaerenses comenzar\u00e1n a seguir de cerca la paritaria salarial que comienza entre el Gobierno y los gremios. El mi\u00e9rcoles hubo negociaci\u00f3n con los estatales, pero la Provincia no realiz\u00f3\u2026","rel":"","context":"En \u00abProvincia\u00bb","block_context":{"text":"Provincia","link":"https:\/\/www.24baires.com\/?cat=40"},"img":{"alt_text":"","src":"https:\/\/i0.wp.com\/www.24baires.com\/wp-content\/uploads\/2019\/11\/docentes-bonaerenses.jpg?resize=350%2C200","width":350,"height":200,"srcset":"https:\/\/i0.wp.com\/www.24baires.com\/wp-content\/uploads\/2019\/11\/docentes-bonaerenses.jpg?resize=350%2C200 1x, https:\/\/i0.wp.com\/www.24baires.com\/wp-content\/uploads\/2019\/11\/docentes-bonaerenses.jpg?resize=525%2C300 1.5x"},"classes":[]},{"id":104792,"url":"https:\/\/www.24baires.com\/?p=104792","url_meta":{"origin":121726,"position":3},"title":"Provincia convocan a estatales y docentes","author":"GB","date":"05\/10\/2018","format":false,"excerpt":"Notific\u00f3 a los sindicatos que a lo largo de la pr\u00f3xima semana se sentar\u00e1 a discutir salarios. El ministro de Trabajo, Marcelo Villegas, neg\u00f3 que \u201cen modo alguno\u201d se haya cerrado la paritaria, como afirman desde el Frente de Unidad Docente. El ministro de Trabajo, Marcelo Villegas, neg\u00f3 enf\u00e1ticamente que\u2026","rel":"","context":"En \u00abProvincia\u00bb","block_context":{"text":"Provincia","link":"https:\/\/www.24baires.com\/?cat=40"},"img":{"alt_text":"","src":"https:\/\/i0.wp.com\/www.24baires.com\/wp-content\/uploads\/2018\/10\/marcelo-villegas.jpg?resize=350%2C200","width":350,"height":200,"srcset":"https:\/\/i0.wp.com\/www.24baires.com\/wp-content\/uploads\/2018\/10\/marcelo-villegas.jpg?resize=350%2C200 1x, https:\/\/i0.wp.com\/www.24baires.com\/wp-content\/uploads\/2018\/10\/marcelo-villegas.jpg?resize=525%2C300 1.5x"},"classes":[]},{"id":116276,"url":"https:\/\/www.24baires.com\/?p=116276","url_meta":{"origin":121726,"position":4},"title":"Provincia recibe a estatales, docentes y judiciales para discutir salarios","author":"AF","date":"20\/09\/2020","format":false,"excerpt":"Los encuentros virtuales comenzar\u00e1n el mi\u00e9rcoles y se aceleraron despu\u00e9s del incremento de haberes anunciado para los efectivos de la polic\u00eda. El Gobierno bonaerense y los representantes de los trabajadores estatales, docentes y judiciales reanudar\u00e1n las paritarias esta semana, en una serie de encuentros virtuales a los que convoc\u00f3 la\u2026","rel":"","context":"En \u00abSociedad\u00bb","block_context":{"text":"Sociedad","link":"https:\/\/www.24baires.com\/?cat=1"},"img":{"alt_text":"","src":"https:\/\/i0.wp.com\/www.24baires.com\/wp-content\/uploads\/2019\/03\/docentes.jpg?resize=350%2C200","width":350,"height":200,"srcset":"https:\/\/i0.wp.com\/www.24baires.com\/wp-content\/uploads\/2019\/03\/docentes.jpg?resize=350%2C200 1x, https:\/\/i0.wp.com\/www.24baires.com\/wp-content\/uploads\/2019\/03\/docentes.jpg?resize=525%2C300 1.5x"},"classes":[]},{"id":114079,"url":"https:\/\/www.24baires.com\/?p=114079","url_meta":{"origin":121726,"position":5},"title":"Paritarias: docentes y estatales pidieron a Kicillof \u00abganarle a la inflaci\u00f3n\u00bb","author":"AF","date":"10\/02\/2020","format":false,"excerpt":"Se iniciaron formalmente las paritarias en Provincia y ya hubo pedidos tambi\u00e9n de \"recuperar lo perdido con Vidal\". Este lunes, el Gobierno de Axel Kicillof inici\u00f3 formalmente con las paritarias de la Provincia, con reuniones con los sindicatos estatales por un lado y con los docentes por el otro, encuentros\u2026","rel":"","context":"En \u00abSociedad\u00bb","block_context":{"text":"Sociedad","link":"https:\/\/www.24baires.com\/?cat=1"},"img":{"alt_text":"","src":"https:\/\/i0.wp.com\/www.24baires.com\/wp-content\/uploads\/2018\/09\/baradel.jpg?resize=350%2C200","width":350,"height":200,"srcset":"https:\/\/i0.wp.com\/www.24baires.com\/wp-content\/uploads\/2018\/09\/baradel.jpg?resize=350%2C200 1x, https:\/\/i0.wp.com\/www.24baires.com\/wp-content\/uploads\/2018\/09\/baradel.jpg?resize=525%2C300 1.5x"},"classes":[]}],"jetpack_sharing_enabled":true,"jetpack_likes_enabled":true,"_links":{"self":[{"href":"https:\/\/www.24baires.com\/index.php?rest_route=\/wp\/v2\/posts\/121726","targetHints":{"allow":["GET"]}}],"collection":[{"href":"https:\/\/www.24baires.com\/index.php?rest_route=\/wp\/v2\/posts"}],"about":[{"href":"https:\/\/www.24baires.com\/index.php?rest_route=\/wp\/v2\/types\/post"}],"author":[{"embeddable":true,"href":"https:\/\/www.24baires.com\/index.php?rest_route=\/wp\/v2\/users\/8"}],"replies":[{"embeddable":true,"href":"https:\/\/www.24baires.com\/index.php?rest_route=%2Fwp%2Fv2%2Fcomments&post=121726"}],"version-history":[{"count":1,"href":"https:\/\/www.24baires.com\/index.php?rest_route=\/wp\/v2\/posts\/121726\/revisions"}],"predecessor-version":[{"id":121728,"href":"https:\/\/www.24baires.com\/index.php?rest_route=\/wp\/v2\/posts\/121726\/revisions\/121728"}],"wp:attachment":[{"href":"https:\/\/www.24baires.com\/index.php?rest_route=%2Fwp%2Fv2%2Fmedia&parent=121726"}],"wp:term":[{"taxonomy":"category","embeddable":true,"href":"https:\/\/www.24baires.com\/index.php?rest_route=%2Fwp%2Fv2%2Fcategories&post=121726"},{"taxonomy":"post_tag","embeddable":true,"href":"https:\/\/www.24baires.com\/index.php?rest_route=%2Fwp%2Fv2%2Ftags&post=121726"}],"curies":[{"name":"wp","href":"https:\/\/api.w.org\/{rel}","templated":true}]}}