{"id":121711,"date":"2024-10-03T06:31:11","date_gmt":"2024-10-03T09:31:11","guid":{"rendered":"https:\/\/www.24baires.com\/?p=121711"},"modified":"2024-10-03T06:31:11","modified_gmt":"2024-10-03T09:31:11","slug":"kicillof-firmo-un-convenio-con-mexico-para-impulsar-el-desarrollo-del-litio","status":"publish","type":"post","link":"https:\/\/www.24baires.com\/?p=121711","title":{"rendered":"Kicillof firm\u00f3 un convenio con M\u00e9xico para impulsar el desarrollo del litio"},"content":{"rendered":"<p><img data-recalc-dims=\"1\" loading=\"lazy\" decoding=\"async\" class=\"aligncenter wp-image-121712\" src=\"https:\/\/i0.wp.com\/www.24baires.com\/wp-content\/uploads\/2024\/10\/kici-litio-mex.webp?resize=720%2C481\" alt=\"\" width=\"720\" height=\"481\" \/>El acuerdo firmado por Axel Kicillof en M\u00e9xico impulsa la cooperaci\u00f3n en investigaci\u00f3n sobre el litio, marcando un avance significativo en la ciencia bonaerense.<!--more--><\/p>\n<p>Durante su reciente visita a M\u00e9xico, el gobernador de la provincia de Buenos Aires, Axel Kicillof, firm\u00f3 un convenio de cooperaci\u00f3n que busca fomentar la colaboraci\u00f3n entre investigadores bonaerenses y mexicanos en el \u00e1mbito del desarrollo del litio, uno de los materiales m\u00e1s preciados de nuestro pa\u00eds.<\/p>\n<p>Este acuerdo, que involucra a la Comisi\u00f3n de Investigaciones Cient\u00edficas (CIC) de la provincia y a Litio para M\u00e9xico (LitioMx), se destaca como un hito en la ciencia bonaerense, siendo el primer convenio de la CIC con financiamiento externo.<\/p>\n<p>El convenio cuenta con el respaldo del CAF &#8211; Banco de Desarrollo de Am\u00e9rica Latina y el Caribe, y tiene como objetivo promover el trabajo cient\u00edfico conjunto entre ambas instituciones, centrado en el desarrollo del litio y su cadena de valor. Este esfuerzo se enmarca dentro de las acciones que la provincia de Buenos Aires lleva adelante para potenciar la investigaci\u00f3n y el desarrollo de energ\u00edas renovables.<\/p>\n<p>La CIC se encuentra actualmente abocada a la investigaci\u00f3n y desarrollo en \u00e1reas clave, incluyendo energ\u00edas renovables y tecnolog\u00edas relacionadas con el agregado de valor en el litio. Esto se realiza en colaboraci\u00f3n con investigadores del Conicet y la Universidad Nacional de La Plata (UNLP), concentr\u00e1ndose en temas como la movilidad el\u00e9ctrica y las bater\u00edas de ion litio.<\/p>\n<p>Adem\u00e1s, la provincia de Buenos Aires est\u00e1 avanzando en la construcci\u00f3n de un Centro de Investigaci\u00f3n en Energ\u00edas Renovables en el Campus Tecnol\u00f3gico de la CIC, lo que reforzar\u00e1 a\u00fan m\u00e1s el compromiso con el desarrollo sostenible y la innovaci\u00f3n en el sector energ\u00e9tico.<\/p>\n<p>El convenio firmado por Kicillof representa no solo un avance significativo para la provincia, sino tambi\u00e9n una oportunidad para fortalecer los lazos internacionales en la investigaci\u00f3n cient\u00edfica y el desarrollo de tecnolog\u00edas limpias, en un contexto global que demanda cada vez m\u00e1s soluciones sostenibles.<\/p>\n","protected":false},"excerpt":{"rendered":"<p>El acuerdo firmado por Axel Kicillof en M\u00e9xico impulsa la cooperaci\u00f3n en investigaci\u00f3n sobre el litio, marcando un avance significativo en la ciencia bonaerense.<\/p>\n","protected":false},"author":8,"featured_media":0,"comment_status":"closed","ping_status":"closed","sticky":false,"template":"","format":"standard","meta":{"_jetpack_newsletter_access":"","_jetpack_dont_email_post_to_subs":false,"_jetpack_newsletter_tier_id":0,"_jetpack_memberships_contains_paywalled_content":false,"_jetpack_memberships_contains_paid_content":false,"footnotes":""},"categories":[40],"tags":[],"class_list":["post-121711","post","type-post","status-publish","format-standard","hentry","category-provincia"],"jetpack_featured_media_url":"","jetpack_shortlink":"https:\/\/wp.me\/p2JWE0-vF5","jetpack-related-posts":[{"id":120656,"url":"https:\/\/www.24baires.com\/?p=120656","url_meta":{"origin":121711,"position":0},"title":"Axel Kicillof anunci\u00f3 una mega inversi\u00f3n para el puerto de Bah\u00eda Blanca","author":"GB","date":"15\/11\/2023","format":false,"excerpt":"El gobernador bonaerense, Axel Kicillof, encabez\u00f3 un acto para anunciar inversiones mil millonarias en el puerto de Bah\u00eda Blanca. Junto con autoridades de YPF y el intendente electo de Bah\u00eda Blanca, Federico Susbielles, el gobernador de la provincia de Buenos Aires, Axel Kicillof, anuncia un acuerdo con una empresa china.\u2026","rel":"","context":"En \u00abProvincia\u00bb","block_context":{"text":"Provincia","link":"https:\/\/www.24baires.com\/?cat=40"},"img":{"alt_text":"","src":"https:\/\/i0.wp.com\/www.24baires.com\/wp-content\/uploads\/2023\/11\/kicillof-obras.webp?resize=350%2C200","width":350,"height":200,"srcset":"https:\/\/i0.wp.com\/www.24baires.com\/wp-content\/uploads\/2023\/11\/kicillof-obras.webp?resize=350%2C200 1x, https:\/\/i0.wp.com\/www.24baires.com\/wp-content\/uploads\/2023\/11\/kicillof-obras.webp?resize=525%2C300 1.5x, https:\/\/i0.wp.com\/www.24baires.com\/wp-content\/uploads\/2023\/11\/kicillof-obras.webp?resize=700%2C400 2x"},"classes":[]},{"id":119231,"url":"https:\/\/www.24baires.com\/?p=119231","url_meta":{"origin":121711,"position":1},"title":"YPF industrializar\u00e1 el litio junto a una empresa china","author":"AF","date":"18\/08\/2022","format":false,"excerpt":"El acuerdo establece la exploraci\u00f3n, explotaci\u00f3n, producci\u00f3n, comercializaci\u00f3n e industrializaci\u00f3n del mineral. El convenio se enmarca en la pol\u00edtica de promoci\u00f3n del litio entre ambos pa\u00edses. El embajador argentino en Beijing, Sabino Vaca Narvaja, el presidente de YPF Tecnolog\u00eda, Roberto Salvarezza, y el CEO de Tianqi Lithium \u2013 una de\u2026","rel":"","context":"En \u00abPol\u00edtica\u00bb","block_context":{"text":"Pol\u00edtica","link":"https:\/\/www.24baires.com\/?cat=51"},"img":{"alt_text":"","src":"https:\/\/i0.wp.com\/www.24baires.com\/wp-content\/uploads\/2022\/08\/litio-china.jpg?resize=350%2C200","width":350,"height":200,"srcset":"https:\/\/i0.wp.com\/www.24baires.com\/wp-content\/uploads\/2022\/08\/litio-china.jpg?resize=350%2C200 1x, https:\/\/i0.wp.com\/www.24baires.com\/wp-content\/uploads\/2022\/08\/litio-china.jpg?resize=525%2C300 1.5x, https:\/\/i0.wp.com\/www.24baires.com\/wp-content\/uploads\/2022\/08\/litio-china.jpg?resize=700%2C400 2x"},"classes":[]},{"id":118692,"url":"https:\/\/www.24baires.com\/?p=118692","url_meta":{"origin":121711,"position":2},"title":"Provincia firm\u00f3 convenios para potenciar la producci\u00f3n sustentable de alimentos","author":"GB","date":"30\/03\/2022","format":false,"excerpt":"Fue en una reuni\u00f3n encabezada por el gobernador Axel Kicillof y el ministro de Desarrollo Agrario, Javier Rodr\u00edguez. El gobernador de la provincia de Buenos Aires, Axel Kicillof, junto al ministro de Desarrollo Agrario, Javier Rodr\u00edguez, firm\u00f3 un memorando de entendimiento con el representante de la Organizaci\u00f3n de las Naciones\u2026","rel":"","context":"En \u00abProvincia\u00bb","block_context":{"text":"Provincia","link":"https:\/\/www.24baires.com\/?cat=40"},"img":{"alt_text":"","src":"https:\/\/i0.wp.com\/www.24baires.com\/wp-content\/uploads\/2022\/03\/Kici-300x214.jpg?resize=350%2C200","width":350,"height":200},"classes":[]},{"id":122425,"url":"https:\/\/www.24baires.com\/?p=122425","url_meta":{"origin":121711,"position":3},"title":"Kicillof le don\u00f3 un medicamento a la provincia de Entre R\u00edos y mostr\u00f3 su capacidad bonaerense de fabricarlo","author":"GB","date":"05\/08\/2025","format":false,"excerpt":"Axel Kicillof y Rogelio Frigerio firmaorn un convenio para que la provincia de Buenos Aires done un suero anti botulismo que fabrica en La Plata. La donaci\u00f3n fue a principios de junio, pero tom\u00f3 estado p\u00fablico este martes con la publicaci\u00f3n del Decreto 1648\/25 en el que se hizo oficial.\u2026","rel":"","context":"En \u00abProvincia\u00bb","block_context":{"text":"Provincia","link":"https:\/\/www.24baires.com\/?cat=40"},"img":{"alt_text":"","src":"https:\/\/i0.wp.com\/www.24baires.com\/wp-content\/uploads\/2025\/05\/kici-saludo.webp?resize=350%2C200","width":350,"height":200,"srcset":"https:\/\/i0.wp.com\/www.24baires.com\/wp-content\/uploads\/2025\/05\/kici-saludo.webp?resize=350%2C200 1x, https:\/\/i0.wp.com\/www.24baires.com\/wp-content\/uploads\/2025\/05\/kici-saludo.webp?resize=525%2C300 1.5x, https:\/\/i0.wp.com\/www.24baires.com\/wp-content\/uploads\/2025\/05\/kici-saludo.webp?resize=700%2C400 2x"},"classes":[]},{"id":119384,"url":"https:\/\/www.24baires.com\/?p=119384","url_meta":{"origin":121711,"position":4},"title":"Kicillof oficializar\u00e1 la hora extra de clases en escuelas primarias","author":"GB","date":"26\/09\/2022","format":false,"excerpt":"Esta tarde el gobernador Axel Kicillof y el ministro de Educaci\u00f3n Jaime Perczyk firmar\u00e1n el convenio para la extensi\u00f3n de la jornada escolar. Este lunes el gobernador Axel Kicillof oficializar\u00e1 la extensi\u00f3n de la jornada escolar en el nivel primario. Lo har\u00e1 en un acto junto al ministro de Educaci\u00f3n\u2026","rel":"","context":"En \u00abProvincia\u00bb","block_context":{"text":"Provincia","link":"https:\/\/www.24baires.com\/?cat=40"},"img":{"alt_text":"","src":"https:\/\/i0.wp.com\/www.24baires.com\/wp-content\/uploads\/2022\/09\/axel-kicillof-alumnos-escuela.jpg?resize=350%2C200","width":350,"height":200,"srcset":"https:\/\/i0.wp.com\/www.24baires.com\/wp-content\/uploads\/2022\/09\/axel-kicillof-alumnos-escuela.jpg?resize=350%2C200 1x, https:\/\/i0.wp.com\/www.24baires.com\/wp-content\/uploads\/2022\/09\/axel-kicillof-alumnos-escuela.jpg?resize=525%2C300 1.5x, https:\/\/i0.wp.com\/www.24baires.com\/wp-content\/uploads\/2022\/09\/axel-kicillof-alumnos-escuela.jpg?resize=700%2C400 2x"},"classes":[]},{"id":117692,"url":"https:\/\/www.24baires.com\/?p=117692","url_meta":{"origin":121711,"position":5},"title":"Provincia firm\u00f3 un acuerdo para acceder a vacunas Covaxin y las ceder\u00e1 a Naci\u00f3n","author":"AF","date":"04\/06\/2021","format":false,"excerpt":"El gobernador Kicillof anunci\u00f3 la compra de 10 millones de dosis al laboratorio indio Bharat Biotech, con la posibilidad de acceder a cinco millones m\u00e1s. El gobierno de la provincia de Buenos Aires anunci\u00f3 que firm\u00f3 un acuerdo para acceder a vacunas Covaxin, del laboratorio indio Bharat Biotech, seg\u00fan inform\u00f3\u2026","rel":"","context":"En \u00abProvincia\u00bb","block_context":{"text":"Provincia","link":"https:\/\/www.24baires.com\/?cat=40"},"img":{"alt_text":"","src":"https:\/\/i0.wp.com\/www.24baires.com\/wp-content\/uploads\/2021\/06\/60ba539964058_1004x565.jpg?resize=350%2C200","width":350,"height":200,"srcset":"https:\/\/i0.wp.com\/www.24baires.com\/wp-content\/uploads\/2021\/06\/60ba539964058_1004x565.jpg?resize=350%2C200 1x, https:\/\/i0.wp.com\/www.24baires.com\/wp-content\/uploads\/2021\/06\/60ba539964058_1004x565.jpg?resize=525%2C300 1.5x"},"classes":[]}],"jetpack_sharing_enabled":true,"jetpack_likes_enabled":true,"_links":{"self":[{"href":"https:\/\/www.24baires.com\/index.php?rest_route=\/wp\/v2\/posts\/121711","targetHints":{"allow":["GET"]}}],"collection":[{"href":"https:\/\/www.24baires.com\/index.php?rest_route=\/wp\/v2\/posts"}],"about":[{"href":"https:\/\/www.24baires.com\/index.php?rest_route=\/wp\/v2\/types\/post"}],"author":[{"embeddable":true,"href":"https:\/\/www.24baires.com\/index.php?rest_route=\/wp\/v2\/users\/8"}],"replies":[{"embeddable":true,"href":"https:\/\/www.24baires.com\/index.php?rest_route=%2Fwp%2Fv2%2Fcomments&post=121711"}],"version-history":[{"count":1,"href":"https:\/\/www.24baires.com\/index.php?rest_route=\/wp\/v2\/posts\/121711\/revisions"}],"predecessor-version":[{"id":121713,"href":"https:\/\/www.24baires.com\/index.php?rest_route=\/wp\/v2\/posts\/121711\/revisions\/121713"}],"wp:attachment":[{"href":"https:\/\/www.24baires.com\/index.php?rest_route=%2Fwp%2Fv2%2Fmedia&parent=121711"}],"wp:term":[{"taxonomy":"category","embeddable":true,"href":"https:\/\/www.24baires.com\/index.php?rest_route=%2Fwp%2Fv2%2Fcategories&post=121711"},{"taxonomy":"post_tag","embeddable":true,"href":"https:\/\/www.24baires.com\/index.php?rest_route=%2Fwp%2Fv2%2Ftags&post=121711"}],"curies":[{"name":"wp","href":"https:\/\/api.w.org\/{rel}","templated":true}]}}