{"id":121686,"date":"2024-09-30T06:28:52","date_gmt":"2024-09-30T09:28:52","guid":{"rendered":"https:\/\/www.24baires.com\/?p=121686"},"modified":"2024-09-30T06:28:52","modified_gmt":"2024-09-30T09:28:52","slug":"kicillof-participara-en-la-proxima-marcha-universitaria","status":"publish","type":"post","link":"https:\/\/www.24baires.com\/?p=121686","title":{"rendered":"Kicillof participar\u00e1 en la pr\u00f3xima marcha universitaria"},"content":{"rendered":"<p><img data-recalc-dims=\"1\" loading=\"lazy\" decoding=\"async\" class=\"aligncenter wp-image-121687\" src=\"https:\/\/i0.wp.com\/www.24baires.com\/wp-content\/uploads\/2024\/09\/axel-marcha.webp?resize=720%2C480\" alt=\"\" width=\"720\" height=\"480\" \/>Axel Kicillof encabezar\u00e1 la columna bonaerense en la marcha en defensa de la universidad p\u00fablica el pr\u00f3ximo mi\u00e9rcoles 2 de octubre.<!--more--><\/p>\n<p>El gobernador de la provincia de Buenos Aires, Axel Kicillof, anunci\u00f3 que se sumar\u00e1 a la segunda Marcha Federal Universitaria que se llevar\u00e1 adelante este mi\u00e9rcoles y que fue convocada por la Federaci\u00f3n Universitaria Argentina, el Frente Sindical de Universidades Nacionales y el Consejo Interuniversitario Nacional.<\/p>\n<p>A cinco meses de la masiva movilizaci\u00f3n que colm\u00f3 las calles, se realizar\u00e1 una nueva manifestaci\u00f3n contra el desfinanciamiento a la educaci\u00f3n.<\/p>\n<p>\u00abMilei decidi\u00f3 asfixiar a la universidad p\u00fablica, gratuita y de calidad de Argentina. Uno de los grandes orgullos que tiene nuestro pa\u00eds y de los m\u00e1s poderosos instrumentos de movilidad social ascendente\u00bb, dispar\u00f3 Axel Kicillof.<\/p>\n<p>En ese orden, remarc\u00f3 que en la provincia de Buenos Aires \u00abcontamos con 25 universidades nacionales y 2 provinciales con cientos de miles de estudiantes y sostenidas por sus trabajadores y trabajadoras\u00bb.<\/p>\n<p>\u00abAdem\u00e1s impulsamos el programa PUENTES, con el que posibilitamos que los pibes y pibas de 56 municipios puedan estudiar 127 carreras sin tener que viajar lejos de sus hogares. No hay lugar de la PBA donde much\u00edsimos j\u00f3venes y sus familias no aspiren a estudiar en la universidad\u00bb, valor\u00f3.<\/p>\n<p>Finalmente, sentenci\u00f3 al se\u00f1alar que \u00ablo que quiere Milei es quebrar su futuro y no lo podemos permitir. Por eso marcharemos junto con docentes, no docentes, estudiantes y el pueblo en su conjunto para defender la universidad argentina\u00bb.<\/p>\n","protected":false},"excerpt":{"rendered":"<p>Axel Kicillof encabezar\u00e1 la columna bonaerense en la marcha en defensa de la universidad p\u00fablica el pr\u00f3ximo mi\u00e9rcoles 2 de octubre.<\/p>\n","protected":false},"author":8,"featured_media":0,"comment_status":"closed","ping_status":"closed","sticky":false,"template":"","format":"standard","meta":{"_jetpack_newsletter_access":"","_jetpack_dont_email_post_to_subs":false,"_jetpack_newsletter_tier_id":0,"_jetpack_memberships_contains_paywalled_content":false,"_jetpack_memberships_contains_paid_content":false,"footnotes":""},"categories":[40],"tags":[],"class_list":["post-121686","post","type-post","status-publish","format-standard","hentry","category-provincia"],"jetpack_shortlink":"https:\/\/wp.me\/p2JWE0-vEG","jetpack-related-posts":[{"id":123067,"url":"https:\/\/www.24baires.com\/?p=123067","url_meta":{"origin":121686,"position":0},"title":"Marcha Universitaria: \u00abLa defensa de la universidad p\u00fablica es una lucha de todo el pueblo\u00bb","author":"GB","date":"13\/05\/2026","format":false,"excerpt":"El gobernador, Axel Kicillof, estuvo acompa\u00f1ando la manifestaci\u00f3n con miembros del gabinete e intendentes. \u201cEl Presidente ataca a la universidad libre y gratuita porque es la mejor herramienta de movilidad social ascendente\", sostuvo. El gobernador Axel Kicillof particip\u00f3 este martes de la Marcha Federal Universitaria realizada en la Ciudad de\u2026","rel":"","context":"En \u00abSociedad\u00bb","block_context":{"text":"Sociedad","link":"https:\/\/www.24baires.com\/?cat=1"},"img":{"alt_text":"","src":"https:\/\/i0.wp.com\/www.24baires.com\/wp-content\/uploads\/2026\/05\/marcha-uni.webp?resize=350%2C200","width":350,"height":200,"srcset":"https:\/\/i0.wp.com\/www.24baires.com\/wp-content\/uploads\/2026\/05\/marcha-uni.webp?resize=350%2C200 1x, https:\/\/i0.wp.com\/www.24baires.com\/wp-content\/uploads\/2026\/05\/marcha-uni.webp?resize=525%2C300 1.5x, https:\/\/i0.wp.com\/www.24baires.com\/wp-content\/uploads\/2026\/05\/marcha-uni.webp?resize=700%2C400 2x"},"classes":[]},{"id":123146,"url":"https:\/\/www.24baires.com\/?p=123146","url_meta":{"origin":121686,"position":1},"title":"General Belgrano: Kicillof entreg\u00f3 viviendas e inaugur\u00f3 un nuevo Centro Universitario Puente","author":"GB","date":"18\/06\/2026","format":false,"excerpt":"El Gobernador bonaerense encabez\u00f3 este mi\u00e9rcoles en el distrito que gestiona el Intendente Osvaldo Din\u00e1poli el acto de entrega de 10 viviendas destinadas a personal de la Polic\u00eda provincial. Tambi\u00e9n puso en marcha un nuevo centro universitario del Programa Puentes. \"En este contexto tan dif\u00edcil para nuestro pa\u00eds, estamos orgullosos\u2026","rel":"","context":"En \u00abPol\u00edtica\u00bb","block_context":{"text":"Pol\u00edtica","link":"https:\/\/www.24baires.com\/?cat=51"},"img":{"alt_text":"","src":"https:\/\/i0.wp.com\/www.24baires.com\/wp-content\/uploads\/2026\/06\/kicillof_belgrano.webp?resize=350%2C200","width":350,"height":200,"srcset":"https:\/\/i0.wp.com\/www.24baires.com\/wp-content\/uploads\/2026\/06\/kicillof_belgrano.webp?resize=350%2C200 1x, https:\/\/i0.wp.com\/www.24baires.com\/wp-content\/uploads\/2026\/06\/kicillof_belgrano.webp?resize=525%2C300 1.5x, https:\/\/i0.wp.com\/www.24baires.com\/wp-content\/uploads\/2026\/06\/kicillof_belgrano.webp?resize=700%2C400 2x"},"classes":[]},{"id":119342,"url":"https:\/\/www.24baires.com\/?p=119342","url_meta":{"origin":121686,"position":2},"title":"El boleto gratuito para estudiantes universitarios se aplicar\u00e1 en Interior de la Provincia","author":"GB","date":"15\/09\/2022","format":false,"excerpt":"El gobernador Axel Kicillof anunci\u00f3 la ampliaci\u00f3n del boleto estudiantil universitario para los bonaerenses que viven en el interior de la provincia En el marco del Encuentro con Juventudes de la Provincia de Buenos Aires que se llev\u00f3 a cabo en Tecn\u00f3polis, el gobernador Axel Kicillof anunci\u00f3 la ampliaci\u00f3n del\u2026","rel":"","context":"En \u00abProvincia\u00bb","block_context":{"text":"Provincia","link":"https:\/\/www.24baires.com\/?cat=40"},"img":{"alt_text":"","src":"","width":0,"height":0},"classes":[]},{"id":75891,"url":"https:\/\/www.24baires.com\/?p=75891","url_meta":{"origin":121686,"position":3},"title":"Kicillof y Prat Gay mantuvieron una reuni\u00f3n \u00ablarga y productiva\u00bb","author":"GB","date":"02\/12\/2015","format":false,"excerpt":"El designado ministro de Hacienda y Finanzas, Alfonso Prat-Gay, confirm\u00f3 en su cuenta de Twitter que este mi\u00e9rcoles mantuvo un encuentro en la sede del Ministerio de Econom\u00eda con el titular saliente del \u00e1rea, Axel Kicillof, reuni\u00f3n a la que calific\u00f3 de \"larga y productiva\". \"Saliendo del Ministerio de Econom\u00eda\u2026","rel":"","context":"En \u00abEconom\u00eda\u00bb","block_context":{"text":"Econom\u00eda","link":"https:\/\/www.24baires.com\/?cat=45"},"img":{"alt_text":"prat gay y kicillof","src":"https:\/\/i0.wp.com\/www.24baires.com\/wp-content\/uploads\/2015\/12\/prat-gay-y-kicillof.jpg?resize=350%2C200","width":350,"height":200,"srcset":"https:\/\/i0.wp.com\/www.24baires.com\/wp-content\/uploads\/2015\/12\/prat-gay-y-kicillof.jpg?resize=350%2C200 1x, https:\/\/i0.wp.com\/www.24baires.com\/wp-content\/uploads\/2015\/12\/prat-gay-y-kicillof.jpg?resize=525%2C300 1.5x"},"classes":[]},{"id":119572,"url":"https:\/\/www.24baires.com\/?p=119572","url_meta":{"origin":121686,"position":4},"title":"Kicillof pidi\u00f3 discutir el rol del Estado","author":"GB","date":"23\/11\/2022","format":false,"excerpt":"En el marco de la presentaci\u00f3n de Axel Kicillof en la Facultad de Derecho de la UNLP, el Gobernador pidi\u00f3 discutir si se quiere \u201cun Estado que ampl\u00ede derechos o uno al servicio de minor\u00edas\u201d Este martes, el gobernador de la Provincia, Axel Kicillof, particip\u00f3 de la presentaci\u00f3n de \u201cBuenos\u2026","rel":"","context":"En \u00abProvincia\u00bb","block_context":{"text":"Provincia","link":"https:\/\/www.24baires.com\/?cat=40"},"img":{"alt_text":"","src":"https:\/\/i0.wp.com\/www.24baires.com\/wp-content\/uploads\/2022\/11\/GOB_7224-1024x683-1.jpg?resize=350%2C200","width":350,"height":200,"srcset":"https:\/\/i0.wp.com\/www.24baires.com\/wp-content\/uploads\/2022\/11\/GOB_7224-1024x683-1.jpg?resize=350%2C200 1x, https:\/\/i0.wp.com\/www.24baires.com\/wp-content\/uploads\/2022\/11\/GOB_7224-1024x683-1.jpg?resize=525%2C300 1.5x, https:\/\/i0.wp.com\/www.24baires.com\/wp-content\/uploads\/2022\/11\/GOB_7224-1024x683-1.jpg?resize=700%2C400 2x"},"classes":[]},{"id":48554,"url":"https:\/\/www.24baires.com\/?p=48554","url_meta":{"origin":121686,"position":5},"title":"Fondos Buitre: Argentina pedir\u00e1 suspender la cautelar para abrir la negociaci\u00f3n","author":"GB","date":"23\/06\/2014","format":false,"excerpt":"Lo anunci\u00f3 el ministro de Econom\u00eda, Axel Kicillof, quien asegur\u00f3 que \"es esencial que el juez otorgue esta medida para que la Argentina pueda continuar pagando\". El ministro de Econom\u00eda, Axel Kicillof, anunci\u00f3 que el gobierno nacional presentar\u00e1 un escrito al juez Thomas Griesa pidiendo una suspensi\u00f3n de la medida\u2026","rel":"","context":"En \u00abEconom\u00eda\u00bb","block_context":{"text":"Econom\u00eda","link":"https:\/\/www.24baires.com\/?cat=45"},"img":{"alt_text":"kicillof2","src":"https:\/\/i0.wp.com\/www.24baires.com\/wp-content\/uploads\/2014\/01\/kicillof2.jpg?resize=350%2C200","width":350,"height":200,"srcset":"https:\/\/i0.wp.com\/www.24baires.com\/wp-content\/uploads\/2014\/01\/kicillof2.jpg?resize=350%2C200 1x, https:\/\/i0.wp.com\/www.24baires.com\/wp-content\/uploads\/2014\/01\/kicillof2.jpg?resize=525%2C300 1.5x"},"classes":[]}],"jetpack_sharing_enabled":true,"jetpack_likes_enabled":true,"jetpack_featured_media_url":"","_links":{"self":[{"href":"https:\/\/www.24baires.com\/index.php?rest_route=\/wp\/v2\/posts\/121686","targetHints":{"allow":["GET"]}}],"collection":[{"href":"https:\/\/www.24baires.com\/index.php?rest_route=\/wp\/v2\/posts"}],"about":[{"href":"https:\/\/www.24baires.com\/index.php?rest_route=\/wp\/v2\/types\/post"}],"author":[{"embeddable":true,"href":"https:\/\/www.24baires.com\/index.php?rest_route=\/wp\/v2\/users\/8"}],"replies":[{"embeddable":true,"href":"https:\/\/www.24baires.com\/index.php?rest_route=%2Fwp%2Fv2%2Fcomments&post=121686"}],"version-history":[{"count":1,"href":"https:\/\/www.24baires.com\/index.php?rest_route=\/wp\/v2\/posts\/121686\/revisions"}],"predecessor-version":[{"id":121688,"href":"https:\/\/www.24baires.com\/index.php?rest_route=\/wp\/v2\/posts\/121686\/revisions\/121688"}],"wp:attachment":[{"href":"https:\/\/www.24baires.com\/index.php?rest_route=%2Fwp%2Fv2%2Fmedia&parent=121686"}],"wp:term":[{"taxonomy":"category","embeddable":true,"href":"https:\/\/www.24baires.com\/index.php?rest_route=%2Fwp%2Fv2%2Fcategories&post=121686"},{"taxonomy":"post_tag","embeddable":true,"href":"https:\/\/www.24baires.com\/index.php?rest_route=%2Fwp%2Fv2%2Ftags&post=121686"}],"curies":[{"name":"wp","href":"https:\/\/api.w.org\/{rel}","templated":true}]}}