{"id":121681,"date":"2024-09-27T06:29:30","date_gmt":"2024-09-27T09:29:30","guid":{"rendered":"https:\/\/www.24baires.com\/?p=121681"},"modified":"2024-09-27T06:29:30","modified_gmt":"2024-09-27T09:29:30","slug":"la-provincia-anuncio-aumentos-en-becas-y-programas-alimentarios","status":"publish","type":"post","link":"https:\/\/www.24baires.com\/?p=121681","title":{"rendered":"La Provincia anunci\u00f3 aumentos en becas y programas alimentarios"},"content":{"rendered":"<p><img data-recalc-dims=\"1\" loading=\"lazy\" decoding=\"async\" class=\"aligncenter wp-image-121668\" src=\"https:\/\/i0.wp.com\/www.24baires.com\/wp-content\/uploads\/2024\/09\/kici.webp?resize=720%2C404\" alt=\"\" width=\"720\" height=\"404\" \/>En medio de una crisis social, la Provincia fortalece las becas que benefician a m\u00e1s de 2.500.000 estudiantes, reflejando el compromiso del gobierno provincial con la ni\u00f1ez y adolescencia.<!--more--><\/p>\n<p>El ministro de Desarrollo de la Comunidad de Buenos Aires, Andr\u00e9s Larroque, junto al gobernador Axel Kicillof, anunci\u00f3 hoy un incremento del 20% en las becas destinadas a los programas del Organismo Provincial de la Ni\u00f1ez y Adolescencia (OPNyA), aplicable a partir de septiembre. Este ajuste se suma al aumento del 118,7% de marzo, acumulando un alza total de 162,4%.<\/p>\n<p>Durante su intervenci\u00f3n, Larroque evalu\u00f3 las pol\u00edticas sociales de su cartera, describiendo la situaci\u00f3n actual como \u201cuna tragedia social\u201d. El ministro expres\u00f3: \u201cNo hay precedentes de una situaci\u00f3n social tan dram\u00e1tica, por lo menos en el tiempo democr\u00e1tico\u201d, en referencia al impacto de las pol\u00edticas de ajuste del gobierno nacional. Adem\u00e1s, remarc\u00f3 el compromiso de la provincia: \u201cPor decisi\u00f3n del Gobernador, venimos sosteniendo pol\u00edticas prioritarias, con actualizaciones presupuestarias necesarias por el deterioro econ\u00f3mico que enfrentamos\u201d.<\/p>\n<p>En su discurso, Larroque destac\u00f3 que en 2019, las becas de Hogares y Casas de Abrigo eran de $12.460, y las territoriales apenas alcanzaban $1.800. Con los incrementos aplicados desde el inicio de la gesti\u00f3n y los programados para 2024, las becas ahora alcanzan $429.051 para Hogares y Casas de Abrigo, y $32.988 para las territoriales, demostrando la prioridad otorgada a la infancia y adolescencia en Buenos Aires.<\/p>\n","protected":false},"excerpt":{"rendered":"<p>En medio de una crisis social, la Provincia fortalece las becas que benefician a m\u00e1s de 2.500.000 estudiantes, reflejando el compromiso del gobierno provincial con la ni\u00f1ez y adolescencia.<\/p>\n","protected":false},"author":8,"featured_media":0,"comment_status":"closed","ping_status":"closed","sticky":false,"template":"","format":"standard","meta":{"_jetpack_newsletter_access":"","_jetpack_dont_email_post_to_subs":false,"_jetpack_newsletter_tier_id":0,"_jetpack_memberships_contains_paywalled_content":false,"_jetpack_memberships_contains_paid_content":false,"footnotes":""},"categories":[40],"tags":[],"class_list":["post-121681","post","type-post","status-publish","format-standard","hentry","category-provincia"],"jetpack_featured_media_url":"","jetpack_shortlink":"https:\/\/wp.me\/p2JWE0-vEB","jetpack-related-posts":[{"id":123006,"url":"https:\/\/www.24baires.com\/?p=123006","url_meta":{"origin":121681,"position":0},"title":"La Provincia firm\u00f3 convenios con Castelli para obras y programas sociales","author":"GB","date":"17\/04\/2026","format":false,"excerpt":"Los acuerdos incluyen fondos para un club, becas para personas mayores y refuerzo a espacios de ni\u00f1ez. El gobierno bonaerense avanz\u00f3 con una nueva tanda de convenios en Castelli que implican una inversi\u00f3n superior a los 130 millones de pesos, con foco en infraestructura comunitaria y programas sociales. Los acuerdos\u2026","rel":"","context":"En \u00abProvincia\u00bb","block_context":{"text":"Provincia","link":"https:\/\/www.24baires.com\/?cat=40"},"img":{"alt_text":"","src":"https:\/\/i0.wp.com\/www.24baires.com\/wp-content\/uploads\/2026\/04\/castelli.webp?resize=350%2C200","width":350,"height":200,"srcset":"https:\/\/i0.wp.com\/www.24baires.com\/wp-content\/uploads\/2026\/04\/castelli.webp?resize=350%2C200 1x, https:\/\/i0.wp.com\/www.24baires.com\/wp-content\/uploads\/2026\/04\/castelli.webp?resize=525%2C300 1.5x, https:\/\/i0.wp.com\/www.24baires.com\/wp-content\/uploads\/2026\/04\/castelli.webp?resize=700%2C400 2x"},"classes":[]},{"id":116248,"url":"https:\/\/www.24baires.com\/?p=116248","url_meta":{"origin":121681,"position":1},"title":"Las becas para j\u00f3venes bonaerenses tendr\u00e1n un aumento","author":"GB","date":"16\/09\/2020","format":false,"excerpt":"El Gobierno bonaerense anunci\u00f3 aumento en el monto de las becas de Envi\u00f3n, Centros Juveniles y Casas de Abrigo y Hogares Convivenciales. En el marco del D\u00eda Nacional de la Juventud por la conmemoraci\u00f3n de la Noche de los L\u00e1pices, el Gobierno bonaerense anunci\u00f3 aumentos en los montos de las\u2026","rel":"","context":"En \u00abProvincia\u00bb","block_context":{"text":"Provincia","link":"https:\/\/www.24baires.com\/?cat=40"},"img":{"alt_text":"","src":"https:\/\/i0.wp.com\/www.24baires.com\/wp-content\/uploads\/2019\/09\/gobernacion.jpg?resize=350%2C200","width":350,"height":200,"srcset":"https:\/\/i0.wp.com\/www.24baires.com\/wp-content\/uploads\/2019\/09\/gobernacion.jpg?resize=350%2C200 1x, https:\/\/i0.wp.com\/www.24baires.com\/wp-content\/uploads\/2019\/09\/gobernacion.jpg?resize=525%2C300 1.5x"},"classes":[]},{"id":529,"url":"https:\/\/www.24baires.com\/?p=529","url_meta":{"origin":121681,"position":2},"title":"\u201cEl Gobierno provincial abandona a los ni\u00f1os y adolescentes\u201d","author":"Grupo Sierra","date":"26\/09\/2012","format":false,"excerpt":"Tras la manifestaci\u00f3n realizada esta tarde en La Plata para denunciar un \u201cdesfinanciamiento sistem\u00e1tico e integral\u201d del programa para chicos en situaci\u00f3n de vulnerabilidad, una de las operadoras del Envi\u00f3n en La Matanza, Rosaura Barletta, habl\u00f3 de la crisis que atraviesan en medio de persecuciones y despidos. Los operadores del\u2026","rel":"","context":"En \u00abProvincia\u00bb","block_context":{"text":"Provincia","link":"https:\/\/www.24baires.com\/?cat=40"},"img":{"alt_text":"","src":"https:\/\/i0.wp.com\/www.24baires.com\/wp-content\/uploads\/2012\/09\/Marcha-Envion.jpg?resize=350%2C200","width":350,"height":200,"srcset":"https:\/\/i0.wp.com\/www.24baires.com\/wp-content\/uploads\/2012\/09\/Marcha-Envion.jpg?resize=350%2C200 1x, https:\/\/i0.wp.com\/www.24baires.com\/wp-content\/uploads\/2012\/09\/Marcha-Envion.jpg?resize=525%2C300 1.5x"},"classes":[]},{"id":22946,"url":"https:\/\/www.24baires.com\/?p=22946","url_meta":{"origin":121681,"position":3},"title":"Exigen a Scioli que pague becas adeudadas a Hogares de Menores","author":"Grupo Sierra","date":"07\/05\/2013","format":false,"excerpt":"Mediante la presentaci\u00f3n de un proyecto de resoluci\u00f3n, el diputado provincial y vicepresidente del bloque PRO-Peronismo Gustavo Ferri le reclam\u00f3 al gobernador Daniel Scioli que \u201cproceda de manera urgente a regularizar el pago de las becas convenidas con los Hogares Convivenciales y Centros de D\u00eda que albergan ni\u00f1os, ni\u00f1as y\u2026","rel":"","context":"En \u00abProvincia\u00bb","block_context":{"text":"Provincia","link":"https:\/\/www.24baires.com\/?cat=40"},"img":{"alt_text":"","src":"","width":0,"height":0},"classes":[]},{"id":14144,"url":"https:\/\/www.24baires.com\/?p=14144","url_meta":{"origin":121681,"position":4},"title":"Comedores y transportes escolares en la Provincia: solicitan declarar la Emergencia","author":"AF","date":"31\/01\/2013","format":false,"excerpt":"El proyecto de ley es impulsado por la senadora bonaerense, Mar\u00eda Isabel Gainza, y pretende declarar por doce meses la emergencia de los comedores escolares y los transportes de alumnos. La senadora provincial Mar\u00eda Isabel Gainza, manifest\u00f3 que desde su bloque \u201chemos denunciado en forma permanente la falta de ejecuci\u00f3n\u2026","rel":"","context":"En \u00abSociedad\u00bb","block_context":{"text":"Sociedad","link":"https:\/\/www.24baires.com\/?cat=1"},"img":{"alt_text":"","src":"","width":0,"height":0},"classes":[]},{"id":8504,"url":"https:\/\/www.24baires.com\/?p=8504","url_meta":{"origin":121681,"position":5},"title":"Le piden a Scioli que no abandone a los ni\u00f1os","author":"Grupo Sierra","date":"09\/12\/2012","format":false,"excerpt":"La diputada provincial Nancy Monz\u00f3n le solicit\u00f3 al gobernador Daniel Scioli que informe acerca del incumplimiento en cuestiones relacionadas a la situaci\u00f3n de los hogares de ni\u00f1os, ni\u00f1as y adolescentes de la Provincia de Buenos Aires con los cuales el Poder Ejecutivo provincial mantiene convenios. \u201cDurante el transcurso del a\u00f1o\u2026","rel":"","context":"En \u00abProvincia\u00bb","block_context":{"text":"Provincia","link":"https:\/\/www.24baires.com\/?cat=40"},"img":{"alt_text":"","src":"","width":0,"height":0},"classes":[]}],"jetpack_sharing_enabled":true,"jetpack_likes_enabled":true,"_links":{"self":[{"href":"https:\/\/www.24baires.com\/index.php?rest_route=\/wp\/v2\/posts\/121681","targetHints":{"allow":["GET"]}}],"collection":[{"href":"https:\/\/www.24baires.com\/index.php?rest_route=\/wp\/v2\/posts"}],"about":[{"href":"https:\/\/www.24baires.com\/index.php?rest_route=\/wp\/v2\/types\/post"}],"author":[{"embeddable":true,"href":"https:\/\/www.24baires.com\/index.php?rest_route=\/wp\/v2\/users\/8"}],"replies":[{"embeddable":true,"href":"https:\/\/www.24baires.com\/index.php?rest_route=%2Fwp%2Fv2%2Fcomments&post=121681"}],"version-history":[{"count":1,"href":"https:\/\/www.24baires.com\/index.php?rest_route=\/wp\/v2\/posts\/121681\/revisions"}],"predecessor-version":[{"id":121682,"href":"https:\/\/www.24baires.com\/index.php?rest_route=\/wp\/v2\/posts\/121681\/revisions\/121682"}],"wp:attachment":[{"href":"https:\/\/www.24baires.com\/index.php?rest_route=%2Fwp%2Fv2%2Fmedia&parent=121681"}],"wp:term":[{"taxonomy":"category","embeddable":true,"href":"https:\/\/www.24baires.com\/index.php?rest_route=%2Fwp%2Fv2%2Fcategories&post=121681"},{"taxonomy":"post_tag","embeddable":true,"href":"https:\/\/www.24baires.com\/index.php?rest_route=%2Fwp%2Fv2%2Ftags&post=121681"}],"curies":[{"name":"wp","href":"https:\/\/api.w.org\/{rel}","templated":true}]}}