{"id":121670,"date":"2024-09-20T07:25:01","date_gmt":"2024-09-20T10:25:01","guid":{"rendered":"https:\/\/www.24baires.com\/?p=121670"},"modified":"2024-09-20T07:25:01","modified_gmt":"2024-09-20T10:25:01","slug":"avanza-el-proyecto-para-limitar-el-uso-de-celulares-en-escuelas-bonaerenses","status":"publish","type":"post","link":"https:\/\/www.24baires.com\/?p=121670","title":{"rendered":"Avanza el proyecto para limitar el uso de celulares en escuelas bonaerenses"},"content":{"rendered":"<p><img data-recalc-dims=\"1\" loading=\"lazy\" decoding=\"async\" class=\"aligncenter wp-image-121671\" src=\"https:\/\/i0.wp.com\/www.24baires.com\/wp-content\/uploads\/2024\/09\/celulares.webp?resize=720%2C417\" alt=\"\" width=\"720\" height=\"417\" \/>La iniciativa de los senadores bonaerenses, Emmanuel Santaolalla y Lorena Mandagar\u00e1n, obtuvo media sanci\u00f3n en la C\u00e1mara alta. La normativa busca fomentar el uso responsable de la tecnolog\u00eda en escuelas primarias.<!--more--><\/p>\n<p>El Senado bonaerense otorg\u00f3 en las \u00faltimas horas media sanci\u00f3n al proyecto resultante de la unificaci\u00f3n de las propuestas de los legisladores de Uni\u00f3n por la Patria, Emannuel Santalla, y de la UCR+Cambio Radical, Lorena Mandagar\u00e1n, para fomentar el uso responsable de la tecnolog\u00eda en \u00e1mbitos pedag\u00f3gicos. La iniciativa establece restricciones a los estudiantes de escuelas primarias para utilizar dispositivos m\u00f3viles personales.<\/p>\n<p>Santalla destac\u00f3 que la propuesta \u00abbusca mejorar la concentraci\u00f3n en las aulas, promover el juego libre y la interacci\u00f3n entre pares\u00bb y asegur\u00f3 que fue elaborada junto a especialistas en educaci\u00f3n y crianza. \u00abCuando discutimos esto con especialistas, docentes y en las comisiones de esta C\u00e1mara, concluimos que el \u00fanico problema no es el uso excesivo de las pantallas, sino el retiro de los adultos en el acompa\u00f1amiento de esos ni\u00f1os\u00bb sostuvo.<\/p>\n<p>\u00abNosotros planteamos la responsabilidad en las escuelas primarias porque nos parece el primer paso, pero esta problem\u00e1tica se debe atender en el conjunto de la sociedad\u00bb agreg\u00f3 el senador. En este sentido, vincul\u00f3 la necesidad de imponer un l\u00edmite al uso de celulares con los debates recientes sobre ludopat\u00eda, ya que el \u00e1mbito digital ofrece m\u00faltiples opciones de apuesta de f\u00e1cil acceso entre los j\u00f3venes.<\/p>\n<p>\u00abMuchos nos agarramos la cabeza con los problemas de ludopat\u00eda infantil, pero nos parece lo m\u00e1s normal del mundo poner una pantalla en la mano de los chicos en muy temprana edad. La ludopat\u00eda es una consecuencia m\u00e1s del mal uso de los celulares en los ni\u00f1os y ni\u00f1as\u00bb indic\u00f3.<\/p>\n","protected":false},"excerpt":{"rendered":"<p>La iniciativa de los senadores bonaerenses, Emmanuel Santaolalla y Lorena Mandagar\u00e1n, obtuvo media sanci\u00f3n en la C\u00e1mara alta. La normativa busca fomentar el uso responsable de la tecnolog\u00eda en escuelas primarias.<\/p>\n","protected":false},"author":8,"featured_media":0,"comment_status":"closed","ping_status":"closed","sticky":false,"template":"","format":"standard","meta":{"_jetpack_newsletter_access":"","_jetpack_dont_email_post_to_subs":false,"_jetpack_newsletter_tier_id":0,"_jetpack_memberships_contains_paywalled_content":false,"_jetpack_memberships_contains_paid_content":false,"footnotes":""},"categories":[40],"tags":[],"class_list":["post-121670","post","type-post","status-publish","format-standard","hentry","category-provincia"],"jetpack_featured_media_url":"","jetpack_shortlink":"https:\/\/wp.me\/p2JWE0-vEq","jetpack-related-posts":[{"id":121556,"url":"https:\/\/www.24baires.com\/?p=121556","url_meta":{"origin":121670,"position":0},"title":"Buscan hacer obligatoria la educaci\u00f3n financiera en secundarias bonaerenses","author":"GB","date":"19\/08\/2024","format":false,"excerpt":"Avanz\u00f3 en la Legislatura bonaerense un proyecto para fomentar la ense\u00f1anza financiera en escuelas secundarias. Algunos t\u00f3picos incorporados en clase ser\u00edan gesti\u00f3n de bienes y cuentas personales, pensamiento de ahorro y manejo de herramientas financieras digitales. Por amplio consenso, la C\u00e1mara de Diputados de la Provincia de Buenos Aires otorg\u00f3\u2026","rel":"","context":"En \u00abProvincia\u00bb","block_context":{"text":"Provincia","link":"https:\/\/www.24baires.com\/?cat=40"},"img":{"alt_text":"","src":"https:\/\/i0.wp.com\/www.24baires.com\/wp-content\/uploads\/2024\/06\/escuela-sec.webp?resize=350%2C200","width":350,"height":200,"srcset":"https:\/\/i0.wp.com\/www.24baires.com\/wp-content\/uploads\/2024\/06\/escuela-sec.webp?resize=350%2C200 1x, https:\/\/i0.wp.com\/www.24baires.com\/wp-content\/uploads\/2024\/06\/escuela-sec.webp?resize=525%2C300 1.5x, https:\/\/i0.wp.com\/www.24baires.com\/wp-content\/uploads\/2024\/06\/escuela-sec.webp?resize=700%2C400 2x"},"classes":[]},{"id":102033,"url":"https:\/\/www.24baires.com\/?p=102033","url_meta":{"origin":121670,"position":1},"title":"Capacitaci\u00f3n docente e incorporaci\u00f3n de tecnolog\u00eda en escuelas de General Pueyrredon","author":"GB","date":"09\/05\/2018","format":false,"excerpt":"Las mejoras forman parte del programa \"Red de Escuelas de Aprendizaje\". \"Hay herramientas que el sistema no les est\u00e1 dando a los chicos\", explic\u00f3 el subsecretario de educaci\u00f3n bonaerense, Sergio Siciliano. Las mejoras forman parte del programa \"Red de Escuelas de Aprendizaje\". \"Hay herramientas que el sistema no les est\u00e1\u2026","rel":"","context":"En \u00abMunicipios\u00bb","block_context":{"text":"Municipios","link":"https:\/\/www.24baires.com\/?cat=44"},"img":{"alt_text":"","src":"https:\/\/i0.wp.com\/www.24baires.com\/wp-content\/uploads\/2013\/02\/aula-vac%C3%ADa.jpg?resize=350%2C200","width":350,"height":200,"srcset":"https:\/\/i0.wp.com\/www.24baires.com\/wp-content\/uploads\/2013\/02\/aula-vac%C3%ADa.jpg?resize=350%2C200 1x, https:\/\/i0.wp.com\/www.24baires.com\/wp-content\/uploads\/2013\/02\/aula-vac%C3%ADa.jpg?resize=525%2C300 1.5x"},"classes":[]},{"id":47810,"url":"https:\/\/www.24baires.com\/?p=47810","url_meta":{"origin":121670,"position":2},"title":"Firman acuerdo en materia de Salud entre Ramallo y San Isidro","author":"AF","date":"11\/06\/2014","format":false,"excerpt":"El intendente de Ramallo, Ariel Santalla, firm\u00f3 con su par de San Isidro Gustavo Posse, un acuerdo de cooperaci\u00f3n y colaboraci\u00f3n en salud p\u00fablica, desarrollo y turismo. \u201cEl municipio de San Isidro es un modelo en lo que respecta a salud p\u00fablica. Entre otras cosas cuenta con tres hospitales p\u00fablicos,\u2026","rel":"","context":"En \u00abLocales\u00bb","block_context":{"text":"Locales","link":"https:\/\/www.24baires.com\/?cat=38"},"img":{"alt_text":"","src":"","width":0,"height":0},"classes":[]},{"id":107377,"url":"https:\/\/www.24baires.com\/?p=107377","url_meta":{"origin":121670,"position":3},"title":"Provincia impulsa un proyecto para penalizar el vandalismo en las escuelas","author":"GB","date":"26\/03\/2019","format":false,"excerpt":"Prev\u00e9 penas de arresto y multas para los atacantes y tambi\u00e9n castiga a los padres en caso de que los contraventores sean menores de edad. En lo que va de 2019 ya se registraron 117 casos. El gobierno de Mar\u00eda Eugenia Vidal presentar\u00e1 en las pr\u00f3ximas horas en la Legislatura\u2026","rel":"","context":"En \u00abProvincia\u00bb","block_context":{"text":"Provincia","link":"https:\/\/www.24baires.com\/?cat=40"},"img":{"alt_text":"","src":"https:\/\/i0.wp.com\/www.24baires.com\/wp-content\/uploads\/2017\/08\/escuela-la-plata.jpg?resize=350%2C200","width":350,"height":200,"srcset":"https:\/\/i0.wp.com\/www.24baires.com\/wp-content\/uploads\/2017\/08\/escuela-la-plata.jpg?resize=350%2C200 1x, https:\/\/i0.wp.com\/www.24baires.com\/wp-content\/uploads\/2017\/08\/escuela-la-plata.jpg?resize=525%2C300 1.5x"},"classes":[]},{"id":121602,"url":"https:\/\/www.24baires.com\/?p=121602","url_meta":{"origin":121670,"position":4},"title":"Provincia profundizar\u00e1 controles de seguridad en escuelas","author":"GB","date":"04\/09\/2024","format":false,"excerpt":"El Gobernador bonaerense inaugur\u00f3 este martes un programa de fortalecimiento de protecci\u00f3n y seguridad en las zonas cercanas a instituciones educativas. Se incorporar\u00e1n patrullajes, c\u00e1maras y botones de alerta. El Gobierno bonaerense present\u00f3 en las \u00faltimas horas el programa \"Escuelas cuidadas\", que apunta a fortalecer los controles de seguridad en\u2026","rel":"","context":"En \u00abProvincia\u00bb","block_context":{"text":"Provincia","link":"https:\/\/www.24baires.com\/?cat=40"},"img":{"alt_text":"","src":"https:\/\/i0.wp.com\/www.24baires.com\/wp-content\/uploads\/2024\/09\/escuelas.webp?resize=350%2C200","width":350,"height":200,"srcset":"https:\/\/i0.wp.com\/www.24baires.com\/wp-content\/uploads\/2024\/09\/escuelas.webp?resize=350%2C200 1x, https:\/\/i0.wp.com\/www.24baires.com\/wp-content\/uploads\/2024\/09\/escuelas.webp?resize=525%2C300 1.5x, https:\/\/i0.wp.com\/www.24baires.com\/wp-content\/uploads\/2024\/09\/escuelas.webp?resize=700%2C400 2x"},"classes":[]},{"id":23708,"url":"https:\/\/www.24baires.com\/?p=23708","url_meta":{"origin":121670,"position":5},"title":"Jun\u00edn es reconocido por su avance en la inclusi\u00f3n digital","author":"AF","date":"17\/05\/2013","format":false,"excerpt":"El municipio de Jun\u00edn sigue impulsando el proyecto \u201cInclusi\u00f3n digital: Laboratorio inform\u00e1tico JAB y laboratorio m\u00f3vil JAB\u201d, que es un espacio de acceso libre a las nuevas tecnolog\u00edas para que los chicos de escuelas primarias puedan acceder a Internet, aprender y estudiar online, considerando que no todos los hogares y\u2026","rel":"","context":"En \u00abLocales\u00bb","block_context":{"text":"Locales","link":"https:\/\/www.24baires.com\/?cat=38"},"img":{"alt_text":"","src":"","width":0,"height":0},"classes":[]}],"jetpack_sharing_enabled":true,"jetpack_likes_enabled":true,"_links":{"self":[{"href":"https:\/\/www.24baires.com\/index.php?rest_route=\/wp\/v2\/posts\/121670","targetHints":{"allow":["GET"]}}],"collection":[{"href":"https:\/\/www.24baires.com\/index.php?rest_route=\/wp\/v2\/posts"}],"about":[{"href":"https:\/\/www.24baires.com\/index.php?rest_route=\/wp\/v2\/types\/post"}],"author":[{"embeddable":true,"href":"https:\/\/www.24baires.com\/index.php?rest_route=\/wp\/v2\/users\/8"}],"replies":[{"embeddable":true,"href":"https:\/\/www.24baires.com\/index.php?rest_route=%2Fwp%2Fv2%2Fcomments&post=121670"}],"version-history":[{"count":1,"href":"https:\/\/www.24baires.com\/index.php?rest_route=\/wp\/v2\/posts\/121670\/revisions"}],"predecessor-version":[{"id":121672,"href":"https:\/\/www.24baires.com\/index.php?rest_route=\/wp\/v2\/posts\/121670\/revisions\/121672"}],"wp:attachment":[{"href":"https:\/\/www.24baires.com\/index.php?rest_route=%2Fwp%2Fv2%2Fmedia&parent=121670"}],"wp:term":[{"taxonomy":"category","embeddable":true,"href":"https:\/\/www.24baires.com\/index.php?rest_route=%2Fwp%2Fv2%2Fcategories&post=121670"},{"taxonomy":"post_tag","embeddable":true,"href":"https:\/\/www.24baires.com\/index.php?rest_route=%2Fwp%2Fv2%2Ftags&post=121670"}],"curies":[{"name":"wp","href":"https:\/\/api.w.org\/{rel}","templated":true}]}}