{"id":121667,"date":"2024-09-20T07:22:01","date_gmt":"2024-09-20T10:22:01","guid":{"rendered":"https:\/\/www.24baires.com\/?p=121667"},"modified":"2024-09-20T07:22:01","modified_gmt":"2024-09-20T10:22:01","slug":"siguen-los-conflicos-con-ioma-los-medicos-de-la-femeba-pidieron-audiencia-con-axel-kicillof","status":"publish","type":"post","link":"https:\/\/www.24baires.com\/?p=121667","title":{"rendered":"Siguen los conflicos con IOMA: Los m\u00e9dicos de la FEMEBA pidieron audiencia con Axel Kicillof"},"content":{"rendered":"<p><img data-recalc-dims=\"1\" loading=\"lazy\" decoding=\"async\" class=\"aligncenter wp-image-121668\" src=\"https:\/\/i0.wp.com\/www.24baires.com\/wp-content\/uploads\/2024\/09\/kici.webp?resize=720%2C404\" alt=\"\" width=\"720\" height=\"404\" \/>En el af\u00e1n de encontrar una soluci\u00f3n definitiva, la FEMEBA pidi\u00f3 p\u00fablicamente una audiencia con el gobernador Kicillof.<!--more--><\/p>\n<p>La Federaci\u00f3n M\u00e9dica de la provincia de Buenos Aires (FEMEBA) present\u00f3 un pedido de audiencia con Axel Kicillof en la mesa de entradas de Gobernaci\u00f3n. Quieren reunirse con el mandatario para solucionar el conflicto que mantienen con IOMA en Jun\u00edn y su zona de influencia. \u00bfLo lograr\u00e1n?<\/p>\n<p>La solicitud de la FEMEBA fue presentada ayer. El d\u00eda anterior, la entidad hab\u00eda anunciado \u00abla apertura de un canal de comunicaci\u00f3n\u00bb con la obra social bonaerense. Al parecer ese di\u00e1logo con el IOMA no fue fruct\u00edfero y los m\u00e9dicos decidieron acudir directamente a Kicillof.<\/p>\n<p>En di\u00e1logo con el Canal 10 de Jun\u00edn, el vicepresidente de la obra social, Mariano Cardelli, confirm\u00f3 ayer que \u00abla decisi\u00f3n de IOMA es irreversible\u00bb. \u00abSi el problema estaba en FEMEBA decidimos correr a FEMEBA, ya no es m\u00e1s prestadora de IOMA en Jun\u00edn\u00bb, declar\u00f3.<\/p>\n<p>En este escenario adverso lleg\u00f3 el pedido de audiencia entre la FEMEBA y Kicillof. \u00abSe\u00f1or Gobernador, no escapa a su buen criterio que la mejor soluci\u00f3n para resolver los conflictos es el di\u00e1logo y es por eso que solicitamos a usted una audiencia a la brevedad, con el prop\u00f3sito de solucionar estas diferencias en beneficio de la salud de los afiliados\u00bb, indicaron los m\u00e9dicos.<\/p>\n<p>Habr\u00e1 que esperar la respuesta oficial. Por lo pronto, vale recordar que el ministro de Salud de la Provincia, Nicol\u00e1s Kreplak, sali\u00f3 al cruce de la FEMEBA por hacer una medida de fuerza \u00abirracional\u00bb y \u00abextorsiva\u00bb.<\/p>\n","protected":false},"excerpt":{"rendered":"<p>En el af\u00e1n de encontrar una soluci\u00f3n definitiva, la FEMEBA pidi\u00f3 p\u00fablicamente una audiencia con el gobernador Kicillof.<\/p>\n","protected":false},"author":8,"featured_media":0,"comment_status":"closed","ping_status":"closed","sticky":false,"template":"","format":"standard","meta":{"_jetpack_newsletter_access":"","_jetpack_dont_email_post_to_subs":false,"_jetpack_newsletter_tier_id":0,"_jetpack_memberships_contains_paywalled_content":false,"_jetpack_memberships_contains_paid_content":false,"footnotes":""},"categories":[40],"tags":[],"class_list":["post-121667","post","type-post","status-publish","format-standard","hentry","category-provincia"],"jetpack_featured_media_url":"","jetpack_shortlink":"https:\/\/wp.me\/p2JWE0-vEn","jetpack-related-posts":[{"id":120800,"url":"https:\/\/www.24baires.com\/?p=120800","url_meta":{"origin":121667,"position":0},"title":"FEMEBA pide reunirse con Axel Kicillof por el funcionamiento del IOMA y los hospitales","author":"GB","date":"28\/12\/2023","format":false,"excerpt":"El presidente de la FEMEBA solicit\u00f3 una audiencia con el gobernador bonaerense, Axel Kicillof. Hubo cr\u00edticas al IOMA y sus autoridades. Un nuevo episodio de conflicto entre la Federaci\u00f3n M\u00e9dica de la provincia de Buenos Aires (FEMEBA) y el IOMA est\u00e1 por comenzar. Es que el presidente de la entidad,\u2026","rel":"","context":"En \u00abProvincia\u00bb","block_context":{"text":"Provincia","link":"https:\/\/www.24baires.com\/?cat=40"},"img":{"alt_text":"","src":"https:\/\/i0.wp.com\/www.24baires.com\/wp-content\/uploads\/2023\/12\/femba.webp?resize=350%2C200","width":350,"height":200,"srcset":"https:\/\/i0.wp.com\/www.24baires.com\/wp-content\/uploads\/2023\/12\/femba.webp?resize=350%2C200 1x, https:\/\/i0.wp.com\/www.24baires.com\/wp-content\/uploads\/2023\/12\/femba.webp?resize=525%2C300 1.5x, https:\/\/i0.wp.com\/www.24baires.com\/wp-content\/uploads\/2023\/12\/femba.webp?resize=700%2C400 2x"},"classes":[]},{"id":121094,"url":"https:\/\/www.24baires.com\/?p=121094","url_meta":{"origin":121667,"position":1},"title":"Un gremio de estatales apura el llamado a paritarias y pide respuestas por IOMA","author":"GB","date":"07\/03\/2024","format":false,"excerpt":"FEGEPPBA pidi\u00f3 a la provincia aplicar el acuerdo de reuniones mensuales para revisar paritarias. Preocupaci\u00f3n del gremio estatal por la crisis en IOMA. La Federaci\u00f3n de Gremios Estatales y Particulares de la Provincia de Buenos Aires, (FEGEPPBA) pic\u00f3 en punta y se convirti\u00f3 en el primer gremio de estatales en\u2026","rel":"","context":"En \u00abProvincia\u00bb","block_context":{"text":"Provincia","link":"https:\/\/www.24baires.com\/?cat=40"},"img":{"alt_text":"","src":"https:\/\/i0.wp.com\/www.24baires.com\/wp-content\/uploads\/2024\/03\/paritarias-estatales.webp?resize=350%2C200","width":350,"height":200,"srcset":"https:\/\/i0.wp.com\/www.24baires.com\/wp-content\/uploads\/2024\/03\/paritarias-estatales.webp?resize=350%2C200 1x, https:\/\/i0.wp.com\/www.24baires.com\/wp-content\/uploads\/2024\/03\/paritarias-estatales.webp?resize=525%2C300 1.5x, https:\/\/i0.wp.com\/www.24baires.com\/wp-content\/uploads\/2024\/03\/paritarias-estatales.webp?resize=700%2C400 2x"},"classes":[]},{"id":121291,"url":"https:\/\/www.24baires.com\/?p=121291","url_meta":{"origin":121667,"position":2},"title":"IOMA analiza la apertura de una cl\u00ednica propia en Mar del Plata","author":"GB","date":"06\/05\/2024","format":false,"excerpt":"Tras el cese del convenio entre la obra social y tres instituciones sanitarias locales, Homero Giles revel\u00f3 que est\u00e1n buscando una alternativa para solucionar el conflicto por las prestaciones. Frente a los conflictos entre el Instituto de Obra M\u00e9dico Asistencial (IOMA) y tres instituciones de salud en Mar del Plata,\u2026","rel":"","context":"En \u00abProvincia\u00bb","block_context":{"text":"Provincia","link":"https:\/\/www.24baires.com\/?cat=40"},"img":{"alt_text":"","src":"https:\/\/i0.wp.com\/www.24baires.com\/wp-content\/uploads\/2024\/05\/ioma-mdp.webp?resize=350%2C200","width":350,"height":200,"srcset":"https:\/\/i0.wp.com\/www.24baires.com\/wp-content\/uploads\/2024\/05\/ioma-mdp.webp?resize=350%2C200 1x, https:\/\/i0.wp.com\/www.24baires.com\/wp-content\/uploads\/2024\/05\/ioma-mdp.webp?resize=525%2C300 1.5x, https:\/\/i0.wp.com\/www.24baires.com\/wp-content\/uploads\/2024\/05\/ioma-mdp.webp?resize=700%2C400 2x"},"classes":[]},{"id":112368,"url":"https:\/\/www.24baires.com\/?p=112368","url_meta":{"origin":121667,"position":3},"title":"M\u00e9dicos bonaerenses acampan frente a Gobernaci\u00f3n","author":"GB","date":"04\/10\/2019","format":false,"excerpt":"Cansados de esperar las respuestas de la gobernadora Mar\u00eda Eugenia Vidal y de las autoridades de IOMA, los profesionales de la Salud decidieron protestar frente a la Cada de Gobierno, en calle 6 entre 51 y 53, de La Plata. Los m\u00e9dicos agrupados en la Agremiaci\u00f3n M\u00e9dica Platense (AMP) y\u2026","rel":"","context":"En \u00abProvincia\u00bb","block_context":{"text":"Provincia","link":"https:\/\/www.24baires.com\/?cat=40"},"img":{"alt_text":"","src":"https:\/\/i0.wp.com\/www.24baires.com\/wp-content\/uploads\/2019\/10\/acampe-medicos.png?resize=350%2C200","width":350,"height":200,"srcset":"https:\/\/i0.wp.com\/www.24baires.com\/wp-content\/uploads\/2019\/10\/acampe-medicos.png?resize=350%2C200 1x, https:\/\/i0.wp.com\/www.24baires.com\/wp-content\/uploads\/2019\/10\/acampe-medicos.png?resize=525%2C300 1.5x"},"classes":[]},{"id":100195,"url":"https:\/\/www.24baires.com\/?p=100195","url_meta":{"origin":121667,"position":4},"title":"M\u00e9dicos bonaerenses amenazan con cortar IOMA por demoras en los pagos","author":"AF","date":"26\/01\/2018","format":false,"excerpt":"La Agremiaci\u00f3n M\u00e9dica Platense y el Cemibo advirtieron hoy que peligra nuevamente la atenci\u00f3n a los afiliados a IOMA, como consecuencia de un nuevo \"incumplimiento\" en los pagos correspondientes al mes de noviembre. En tanto, desde la obra social aseguraron que \"no hay ning\u00fan atraso\" y que se abonar\u00e1 la\u2026","rel":"","context":"En \u00abSociedad\u00bb","block_context":{"text":"Sociedad","link":"https:\/\/www.24baires.com\/?cat=1"},"img":{"alt_text":"","src":"https:\/\/i0.wp.com\/www.24baires.com\/wp-content\/uploads\/2017\/10\/ioma.jpg?resize=350%2C200","width":350,"height":200,"srcset":"https:\/\/i0.wp.com\/www.24baires.com\/wp-content\/uploads\/2017\/10\/ioma.jpg?resize=350%2C200 1x, https:\/\/i0.wp.com\/www.24baires.com\/wp-content\/uploads\/2017\/10\/ioma.jpg?resize=525%2C300 1.5x"},"classes":[]},{"id":116188,"url":"https:\/\/www.24baires.com\/?p=116188","url_meta":{"origin":121667,"position":5},"title":"Tras el anuncio de Kicillof, estatales reclaman mejoras salariales","author":"AF","date":"10\/09\/2020","format":false,"excerpt":"Luego que el Gobernador anunciara un aumento para los efectivos policiales de la Provincia, m\u00e9dicos, trabajadores del estado, judiciales y docentes exigieron nuevas paritarias. Esta ma\u00f1ana, el gobernador bonaerense Axel Kicillof anunci\u00f3 una bater\u00eda de medidas para la Polic\u00eda de la Provincia de Buenos Aires, entre ellas un aumento salarial.\u2026","rel":"","context":"En \u00abSociedad\u00bb","block_context":{"text":"Sociedad","link":"https:\/\/www.24baires.com\/?cat=1"},"img":{"alt_text":"","src":"https:\/\/i0.wp.com\/www.24baires.com\/wp-content\/uploads\/2020\/09\/cicop.jpeg?resize=350%2C200","width":350,"height":200,"srcset":"https:\/\/i0.wp.com\/www.24baires.com\/wp-content\/uploads\/2020\/09\/cicop.jpeg?resize=350%2C200 1x, https:\/\/i0.wp.com\/www.24baires.com\/wp-content\/uploads\/2020\/09\/cicop.jpeg?resize=525%2C300 1.5x"},"classes":[]}],"jetpack_sharing_enabled":true,"jetpack_likes_enabled":true,"_links":{"self":[{"href":"https:\/\/www.24baires.com\/index.php?rest_route=\/wp\/v2\/posts\/121667","targetHints":{"allow":["GET"]}}],"collection":[{"href":"https:\/\/www.24baires.com\/index.php?rest_route=\/wp\/v2\/posts"}],"about":[{"href":"https:\/\/www.24baires.com\/index.php?rest_route=\/wp\/v2\/types\/post"}],"author":[{"embeddable":true,"href":"https:\/\/www.24baires.com\/index.php?rest_route=\/wp\/v2\/users\/8"}],"replies":[{"embeddable":true,"href":"https:\/\/www.24baires.com\/index.php?rest_route=%2Fwp%2Fv2%2Fcomments&post=121667"}],"version-history":[{"count":1,"href":"https:\/\/www.24baires.com\/index.php?rest_route=\/wp\/v2\/posts\/121667\/revisions"}],"predecessor-version":[{"id":121669,"href":"https:\/\/www.24baires.com\/index.php?rest_route=\/wp\/v2\/posts\/121667\/revisions\/121669"}],"wp:attachment":[{"href":"https:\/\/www.24baires.com\/index.php?rest_route=%2Fwp%2Fv2%2Fmedia&parent=121667"}],"wp:term":[{"taxonomy":"category","embeddable":true,"href":"https:\/\/www.24baires.com\/index.php?rest_route=%2Fwp%2Fv2%2Fcategories&post=121667"},{"taxonomy":"post_tag","embeddable":true,"href":"https:\/\/www.24baires.com\/index.php?rest_route=%2Fwp%2Fv2%2Ftags&post=121667"}],"curies":[{"name":"wp","href":"https:\/\/api.w.org\/{rel}","templated":true}]}}