{"id":121665,"date":"2024-09-19T06:31:19","date_gmt":"2024-09-19T09:31:19","guid":{"rendered":"https:\/\/www.24baires.com\/?p=121665"},"modified":"2024-09-19T06:31:19","modified_gmt":"2024-09-19T09:31:19","slug":"baradel-confirmo-que-preparan-una-intersindical-que-defienda-a-los-bonaerenses","status":"publish","type":"post","link":"https:\/\/www.24baires.com\/?p=121665","title":{"rendered":"Baradel confirm\u00f3 que preparan \u201cuna intersindical que defienda a los bonaerenses\u201d"},"content":{"rendered":"<p><img data-recalc-dims=\"1\" loading=\"lazy\" decoding=\"async\" class=\"aligncenter wp-image-104436\" src=\"https:\/\/i0.wp.com\/www.24baires.com\/wp-content\/uploads\/2018\/09\/baradel.jpg?resize=720%2C405\" alt=\"\" width=\"720\" height=\"405\" srcset=\"https:\/\/i0.wp.com\/www.24baires.com\/wp-content\/uploads\/2018\/09\/baradel.jpg?w=560&amp;ssl=1 560w, https:\/\/i0.wp.com\/www.24baires.com\/wp-content\/uploads\/2018\/09\/baradel.jpg?resize=300%2C169&amp;ssl=1 300w\" sizes=\"auto, (max-width: 720px) 100vw, 720px\" \/>Tras el encuentro de las CTA, Baradel analiz\u00f3 el contexto social y la necesidad de \u201cdejar de lado los personalismos\u201d. Los nuevos trabajos en la agenda sindical.<!--more--><br \/>\nLuego de la reuni\u00f3n que mantuvieron los Secretarios Generales de las dos CTA de la Provincia, el l\u00edder sindical, Roberto Baradel, asegur\u00f3 que est\u00e1n trabajando \u201cen una agenda com\u00fan\u201d y preparan \u201cuna intersindical\u201d con gremios de la CGT y movimientos sociales en territorio bonaerense.<\/p>\n<p>\u201cLa decisi\u00f3n de las dos CTA tiene que ver con fijar una agenda en com\u00fan, y que lo que tenemos enfrente es muy poderoso para andar discutiendo protagonismo\u201d, se\u00f1al\u00f3 Baradel en di\u00e1logo con C\u00f3digo Baires y agreg\u00f3 \u201chay que ser capaces de mirar por el inter\u00e9s general para defender los derechos y que es lo mejor para el conjunto, y lo mejor para el conjunto es la unidad\u201d.<\/p>\n<p>Sobre el plenario de los secretarios generales, Baradel remarc\u00f3 que \u201cvenimos transitando un camino inclusive de acuerdos y procesando los desacuerdos tambi\u00e9n\u201d y que \u201cla provincia de Buenos Aires da el punto inicial en esta tarea de fijar una agenda en com\u00fan, y tiene como resultado que el martes que viene va a haber una reuni\u00f3n de las dos mesas de la CTA a nivel nacional\u201d.<\/p>\n<p>\u201cTenemos que seguir ampliando la unidad, y ah\u00ed estamos con Walter Correa, con diferentes sectores sindicales de la CGT, con las regionales, intentando tambi\u00e9n establecer, por lo menos en provincia de Buenos Aires, una suerte de intersindical de un movimiento de unidad de las centrales para poder enfrentar esto, y adem\u00e1s defender a la provincia de Buenos Aires\u201d, adelant\u00f3 Baradel y explic\u00f3 \u201ccuando digo defender a la provincia de Buenos Aires, de los ataques del gobierno nacional, y afortunadamente al frente de esa defensa est\u00e1 el gobernador de la provincia de Buenos Aires, que se ha plantado frente a Milei, no permitiendo ser extorsionado, y denunciando la pol\u00edtica de ajuste\u201d.<\/p>\n","protected":false},"excerpt":{"rendered":"<p>Tras el encuentro de las CTA, Baradel analiz\u00f3 el contexto social y la necesidad de \u201cdejar de lado los personalismos\u201d. Los nuevos trabajos en la agenda sindical.<\/p>\n","protected":false},"author":8,"featured_media":0,"comment_status":"closed","ping_status":"closed","sticky":false,"template":"","format":"standard","meta":{"_jetpack_newsletter_access":"","_jetpack_dont_email_post_to_subs":false,"_jetpack_newsletter_tier_id":0,"_jetpack_memberships_contains_paywalled_content":false,"_jetpack_memberships_contains_paid_content":false,"footnotes":""},"categories":[40],"tags":[],"class_list":["post-121665","post","type-post","status-publish","format-standard","hentry","category-provincia"],"jetpack_featured_media_url":"","jetpack_shortlink":"https:\/\/wp.me\/p2JWE0-vEl","jetpack-related-posts":[{"id":56262,"url":"https:\/\/www.24baires.com\/?p=56262","url_meta":{"origin":121665,"position":0},"title":"La CTA de Baradel posterg\u00f3 la marcha a la Legislatura","author":"AF","date":"30\/10\/2014","format":false,"excerpt":"La CTA de los Trabajadores, que a nivel bonaerense conduce el docente Roberto Baradel, decidi\u00f3 postergar la marcha convocada para ma\u00f1ana a la Legislatura provincial para reclamar un aumento de presupuesto en \u00e1reas sociales, debido a las consecuencias del temporal de lluvia y viento que castiga a muchos distritos de\u2026","rel":"","context":"En \u00abSociedad\u00bb","block_context":{"text":"Sociedad","link":"https:\/\/www.24baires.com\/?cat=1"},"img":{"alt_text":"baradel declaraciones","src":"https:\/\/i0.wp.com\/www.24baires.com\/wp-content\/uploads\/2012\/12\/baradel-declaraciones.jpg?resize=350%2C200","width":350,"height":200,"srcset":"https:\/\/i0.wp.com\/www.24baires.com\/wp-content\/uploads\/2012\/12\/baradel-declaraciones.jpg?resize=350%2C200 1x, https:\/\/i0.wp.com\/www.24baires.com\/wp-content\/uploads\/2012\/12\/baradel-declaraciones.jpg?resize=525%2C300 1.5x"},"classes":[]},{"id":59075,"url":"https:\/\/www.24baires.com\/?p=59075","url_meta":{"origin":121665,"position":1},"title":"P\u00e9rez y Baradel se reunieron con la CTA provincial","author":"GB","date":"23\/12\/2014","format":false,"excerpt":"El jefe de Gabinete, Alberto P\u00e9rez, encabez\u00f3 una reuni\u00f3n de trabajo en la que junto al Ministro de Salud, Alejandro Collia; la Directora General de Cultura y Educaci\u00f3n, Nora De Luc\u00eda; la ministra de Econom\u00eda, Silvina Batakis; el titular de la cartera de Trabajo, Oscar Cuartango y el secretario de\u2026","rel":"","context":"En \u00abPol\u00edtica\u00bb","block_context":{"text":"Pol\u00edtica","link":"https:\/\/www.24baires.com\/?cat=51"},"img":{"alt_text":"","src":"","width":0,"height":0},"classes":[]},{"id":106536,"url":"https:\/\/www.24baires.com\/?p=106536","url_meta":{"origin":121665,"position":2},"title":"Mar del Plata march\u00f3 contra el tarifazo","author":"AF","date":"24\/01\/2019","format":false,"excerpt":"Las dos CTA, el Frente Sindical para el Modelo Nacional, la Multisectorial 21F y organizaciones de consumidores realizaron la edici\u00f3n balnearia de la movilizaci\u00f3n contra la suba de los servicios. Detr\u00e1s de una bandera con la consigna \"No a los tarifazos\" avanz\u00f3 por el centro de Mar del Plata la\u2026","rel":"","context":"En \u00abSociedad\u00bb","block_context":{"text":"Sociedad","link":"https:\/\/www.24baires.com\/?cat=1"},"img":{"alt_text":"","src":"https:\/\/i0.wp.com\/www.24baires.com\/wp-content\/uploads\/2019\/01\/tarifazo-mar-del-plata.jpg?resize=350%2C200","width":350,"height":200,"srcset":"https:\/\/i0.wp.com\/www.24baires.com\/wp-content\/uploads\/2019\/01\/tarifazo-mar-del-plata.jpg?resize=350%2C200 1x, https:\/\/i0.wp.com\/www.24baires.com\/wp-content\/uploads\/2019\/01\/tarifazo-mar-del-plata.jpg?resize=525%2C300 1.5x"},"classes":[]},{"id":3141,"url":"https:\/\/www.24baires.com\/?p=3141","url_meta":{"origin":121665,"position":3},"title":"Baradel, contento: \u00abFue un parazo\u00bb","author":"AF","date":"24\/10\/2012","format":false,"excerpt":"Mas de 15 mil trabajadores de la administraci\u00f3n estatal, judiciales, auxiliares de la educaci\u00f3n y docentes nucleados en la CTA Provincia de Buenos Aires, se movilizaron este mi\u00e9rcoles a la Casa de Gobierno, en el marco de una serie de reclamos laborales, sociales y pol\u00edticos. La marcha arranco a las\u2026","rel":"","context":"En \u00abSociedad\u00bb","block_context":{"text":"Sociedad","link":"https:\/\/www.24baires.com\/?cat=1"},"img":{"alt_text":"","src":"https:\/\/i0.wp.com\/www.24baires.com\/wp-content\/uploads\/2012\/10\/paro-300x198.jpg?resize=350%2C200","width":350,"height":200},"classes":[]},{"id":87036,"url":"https:\/\/www.24baires.com\/?p=87036","url_meta":{"origin":121665,"position":4},"title":"Baradel asegura que la Marcha Federal llegar\u00e1 \u00abcon mucha gente\u00bb a Plaza de Mayo","author":"AF","date":"01\/09\/2016","format":false,"excerpt":"El jefe del sindicato de docentes bonaerense SUTEBA, Roberto Baradel, advirti\u00f3 hoy que la \"Marcha Federal\" contra \"los tarifazos, los despidos y el ajuste\" llegar\u00e1 a las 17 de ma\u00f1ana a Plaza de Mayo, con \"much\u00edsima gente organizada\" y otro gran n\u00famero de personas que se sumar\u00e1n \"espont\u00e1neamente\" a ra\u00edz\u2026","rel":"","context":"En \u00abSociedad\u00bb","block_context":{"text":"Sociedad","link":"https:\/\/www.24baires.com\/?cat=1"},"img":{"alt_text":"baradel declaraciones","src":"https:\/\/i0.wp.com\/www.24baires.com\/wp-content\/uploads\/2012\/12\/baradel-declaraciones.jpg?resize=350%2C200","width":350,"height":200,"srcset":"https:\/\/i0.wp.com\/www.24baires.com\/wp-content\/uploads\/2012\/12\/baradel-declaraciones.jpg?resize=350%2C200 1x, https:\/\/i0.wp.com\/www.24baires.com\/wp-content\/uploads\/2012\/12\/baradel-declaraciones.jpg?resize=525%2C300 1.5x"},"classes":[]},{"id":7386,"url":"https:\/\/www.24baires.com\/?p=7386","url_meta":{"origin":121665,"position":5},"title":"Sigue el culebr\u00f3n: Ahora De Luc\u00eda le pide a Baradel \u00abque deje de extorsionar\u00bb","author":"Grupo Sierra","date":"30\/11\/2012","format":false,"excerpt":"El secretario general del SUTEBA hab\u00eda anticipado que en las actuales condiciones de di\u00e1logo con el Gobierno bonaerense \"no comenzar\u00e1 el ciclo lectivo\". Tras reiterar que este a\u00f1o \"no habr\u00e1n negociaciones salariales\", la ministra consider\u00f3 que el sindicalista \"quiere intimidarnos\", y destac\u00f3 \"la disposici\u00f3n constante al di\u00e1logo del gobernador y\u2026","rel":"","context":"En \u00abProvincia\u00bb","block_context":{"text":"Provincia","link":"https:\/\/www.24baires.com\/?cat=40"},"img":{"alt_text":"","src":"https:\/\/i0.wp.com\/www.24baires.com\/wp-content\/uploads\/2012\/11\/de-luc%C3%ADa-300x200.jpg?resize=350%2C200","width":350,"height":200},"classes":[]}],"jetpack_sharing_enabled":true,"jetpack_likes_enabled":true,"_links":{"self":[{"href":"https:\/\/www.24baires.com\/index.php?rest_route=\/wp\/v2\/posts\/121665","targetHints":{"allow":["GET"]}}],"collection":[{"href":"https:\/\/www.24baires.com\/index.php?rest_route=\/wp\/v2\/posts"}],"about":[{"href":"https:\/\/www.24baires.com\/index.php?rest_route=\/wp\/v2\/types\/post"}],"author":[{"embeddable":true,"href":"https:\/\/www.24baires.com\/index.php?rest_route=\/wp\/v2\/users\/8"}],"replies":[{"embeddable":true,"href":"https:\/\/www.24baires.com\/index.php?rest_route=%2Fwp%2Fv2%2Fcomments&post=121665"}],"version-history":[{"count":1,"href":"https:\/\/www.24baires.com\/index.php?rest_route=\/wp\/v2\/posts\/121665\/revisions"}],"predecessor-version":[{"id":121666,"href":"https:\/\/www.24baires.com\/index.php?rest_route=\/wp\/v2\/posts\/121665\/revisions\/121666"}],"wp:attachment":[{"href":"https:\/\/www.24baires.com\/index.php?rest_route=%2Fwp%2Fv2%2Fmedia&parent=121665"}],"wp:term":[{"taxonomy":"category","embeddable":true,"href":"https:\/\/www.24baires.com\/index.php?rest_route=%2Fwp%2Fv2%2Fcategories&post=121665"},{"taxonomy":"post_tag","embeddable":true,"href":"https:\/\/www.24baires.com\/index.php?rest_route=%2Fwp%2Fv2%2Ftags&post=121665"}],"curies":[{"name":"wp","href":"https:\/\/api.w.org\/{rel}","templated":true}]}}