{"id":121626,"date":"2024-09-10T06:41:42","date_gmt":"2024-09-10T09:41:42","guid":{"rendered":"https:\/\/www.24baires.com\/?p=121626"},"modified":"2024-09-10T06:41:42","modified_gmt":"2024-09-10T09:41:42","slug":"kicillof-propuso-hacer-obligatoria-la-sala-de-tres-anos","status":"publish","type":"post","link":"https:\/\/www.24baires.com\/?p=121626","title":{"rendered":"Kicillof propuso hacer obligatoria la sala de tres a\u00f1os"},"content":{"rendered":"<p><img data-recalc-dims=\"1\" loading=\"lazy\" decoding=\"async\" class=\"aligncenter wp-image-121627\" src=\"https:\/\/i0.wp.com\/www.24baires.com\/wp-content\/uploads\/2024\/09\/kici-sileoni.webp?resize=720%2C532\" alt=\"\" width=\"720\" height=\"532\" \/>El gobernador bonaerense, Axel Kicillof, anunci\u00f3 que envi\u00f3 a la Legislatura un proyecto de ley para extender la obligatoriedad del ciclo educativo desde los tres a\u00f1os de edad.<!--more--><\/p>\n<p>En el marco del D\u00eda del Maestro, el gobernador bonaerense, Axel Kicillof, realiz\u00f3 dos anuncios claves para mejorar la educaci\u00f3n en el territorio provincial: la construcci\u00f3n de 19 nuevas escuelas en 11 municipios y el env\u00edo a la Legislatura de un proyecto de ley para volver obligatoria la sala de tres a\u00f1os en los jardines de infantes.<\/p>\n<p>\u201cEn medio de la paralizaci\u00f3n de obras del Gobierno nacional, en la provincia de Buenos Aires entendemos que el mandato es otro, as\u00ed que vamos a anunciar la construcci\u00f3n de 19 nuevos edificios escolares en 11 municipios\u201d, comenz\u00f3 afirmando el mandatario.<\/p>\n<p>Y continu\u00f3: \u201cEl otro anuncio es algo muy esperado que venimos trabajando hace a\u00f1os y tiene que ver con el nivel inicial donde, de los 230 edificios que inauguramos 106 son jardines de infantes\u201d.<\/p>\n<p>\u201cLo queremos informar es sobre el cambio en el dise\u00f1o de la curr\u00edcula del nivel inicial, que ya tuvo la expansi\u00f3n de la jornada en una hora m\u00e1s. Pero tiene un impacto pol\u00edtico, por eso nos acompa\u00f1a el presidente de las C\u00e1mara de Diputados\u201d, a\u00f1adi\u00f3.<\/p>\n<p>\u201cEs algo muy esperado. El \u00faltimo censo del a\u00f1o 2022 marc\u00f3 en el pa\u00eds una tasa de asistencia a la educaci\u00f3n inicial del 64%, en ni\u00f1os de 3 a\u00f1os. En la provincia, la cobertura es mayor 74%, pero hemos resuelto enviar un proyecto de ley para hacer obligatoria, en la provincia, a la sala de tres a\u00f1os\u201d, indic\u00f3.<\/p>\n<p>En este marco, Kicillof destac\u00f3 que la modificaci\u00f3n, una vez que se convierta en ley, permitir\u00e1 \u201cconsolidar y extender el derecho a la educaci\u00f3n\u201d y que a fin de este a\u00f1o la provincia de Buenos Aires logre tener \u201cel 80%\u201d de los ni\u00f1os dentro del sistema.<\/p>\n<p>\u201cNo hay mejor manera de festejar el d\u00eda del maestro que anunciando nuevas escuelas y extendiendo el ciclo educativo a los tres a\u00f1os\u201d, concluy\u00f3.<\/p>\n","protected":false},"excerpt":{"rendered":"<p>El gobernador bonaerense, Axel Kicillof, anunci\u00f3 que envi\u00f3 a la Legislatura un proyecto de ley para extender la obligatoriedad del ciclo educativo desde los tres a\u00f1os de edad.<\/p>\n","protected":false},"author":8,"featured_media":0,"comment_status":"closed","ping_status":"closed","sticky":false,"template":"","format":"standard","meta":{"_jetpack_newsletter_access":"","_jetpack_dont_email_post_to_subs":false,"_jetpack_newsletter_tier_id":0,"_jetpack_memberships_contains_paywalled_content":false,"_jetpack_memberships_contains_paid_content":false,"footnotes":""},"categories":[40],"tags":[],"class_list":["post-121626","post","type-post","status-publish","format-standard","hentry","category-provincia"],"jetpack_featured_media_url":"","jetpack_shortlink":"https:\/\/wp.me\/p2JWE0-vDI","jetpack-related-posts":[{"id":121070,"url":"https:\/\/www.24baires.com\/?p=121070","url_meta":{"origin":121626,"position":0},"title":"\u00abNuestro pacto es con el pueblo\u00bb, sentenci\u00f3 Axel Kicillof ante la Legislatura","author":"GB","date":"04\/03\/2024","format":false,"excerpt":"Axel Kicillof brind\u00f3 ante la Legislatura el primer discurso de su segundo mandato. El estado de la Provincia, sus planes y el contraste con Javier Milei. Axel Kicillof abri\u00f3 este lunes por la tarde las sesiones ordinarias en la Legislatura bonaerense. Su discurso, es el primero de su segundo mandato\u2026","rel":"","context":"En \u00abProvincia\u00bb","block_context":{"text":"Provincia","link":"https:\/\/www.24baires.com\/?cat=40"},"img":{"alt_text":"","src":"https:\/\/i0.wp.com\/www.24baires.com\/wp-content\/uploads\/2024\/03\/axel-discurso.webp?resize=350%2C200","width":350,"height":200,"srcset":"https:\/\/i0.wp.com\/www.24baires.com\/wp-content\/uploads\/2024\/03\/axel-discurso.webp?resize=350%2C200 1x, https:\/\/i0.wp.com\/www.24baires.com\/wp-content\/uploads\/2024\/03\/axel-discurso.webp?resize=525%2C300 1.5x, https:\/\/i0.wp.com\/www.24baires.com\/wp-content\/uploads\/2024\/03\/axel-discurso.webp?resize=700%2C400 2x"},"classes":[]},{"id":120810,"url":"https:\/\/www.24baires.com\/?p=120810","url_meta":{"origin":121626,"position":1},"title":"Axel Kicillof celebr\u00f3 la aprobaci\u00f3n de la Ley Impositiva y el endeudamiento","author":"GB","date":"29\/12\/2023","format":false,"excerpt":"El gobernador bonaerense, Axel Kicillof, emiti\u00f3 un mensaje luego de que la Legislatura Bonaerense aprobara la Ley Impositiva 2024 y el pedido de endeudamiento. a Legislatura Bonaerense aprob\u00f3 dos iniciativas fundamentales para el gobierno de Axel Kicillof: la Ley Impositiva 2024 y el endeudamiento. El mandatario celebr\u00f3 el visto bueno\u2026","rel":"","context":"En \u00abProvincia\u00bb","block_context":{"text":"Provincia","link":"https:\/\/www.24baires.com\/?cat=40"},"img":{"alt_text":"","src":"https:\/\/i0.wp.com\/www.24baires.com\/wp-content\/uploads\/2023\/12\/axel-rosas.webp?resize=350%2C200","width":350,"height":200,"srcset":"https:\/\/i0.wp.com\/www.24baires.com\/wp-content\/uploads\/2023\/12\/axel-rosas.webp?resize=350%2C200 1x, https:\/\/i0.wp.com\/www.24baires.com\/wp-content\/uploads\/2023\/12\/axel-rosas.webp?resize=525%2C300 1.5x, https:\/\/i0.wp.com\/www.24baires.com\/wp-content\/uploads\/2023\/12\/axel-rosas.webp?resize=700%2C400 2x"},"classes":[]},{"id":116440,"url":"https:\/\/www.24baires.com\/?p=116440","url_meta":{"origin":121626,"position":2},"title":"Kicillof anunciar\u00e1 este s\u00e1bado c\u00f3mo contin\u00faa el aislamiento","author":"AF","date":"09\/10\/2020","format":false,"excerpt":"El gobernador bonaerense har\u00e1 los anuncios desde la casa de Gobierno provincial, en La Plata, a trav\u00e9s de una videoconferencia, a partir de las 10. El gobernador bonaerense Axel Kicillof dar\u00e1 a conocer este s\u00e1bado c\u00f3mo continuar\u00e1 la nueva etapa del aislamiento social preventivo y obligatorio y la de distanciamiento\u2026","rel":"","context":"En \u00abLocales\u00bb","block_context":{"text":"Locales","link":"https:\/\/www.24baires.com\/?cat=38"},"img":{"alt_text":"","src":"https:\/\/i0.wp.com\/www.24baires.com\/wp-content\/uploads\/2020\/08\/kicillof-industria.jpeg?resize=350%2C200","width":350,"height":200,"srcset":"https:\/\/i0.wp.com\/www.24baires.com\/wp-content\/uploads\/2020\/08\/kicillof-industria.jpeg?resize=350%2C200 1x, https:\/\/i0.wp.com\/www.24baires.com\/wp-content\/uploads\/2020\/08\/kicillof-industria.jpeg?resize=525%2C300 1.5x"},"classes":[]},{"id":122147,"url":"https:\/\/www.24baires.com\/?p=122147","url_meta":{"origin":121626,"position":3},"title":"La Provincia ya fij\u00f3 la fecha para las PASO bonaerenses","author":"GB","date":"17\/03\/2025","format":false,"excerpt":"Mientras tanto, el Gobernador espera que la Legislatura defina si suspender\u00e1 las primarias provinciales, tras la pol\u00e9mica decisi\u00f3n del Gobierno Nacional de suspenderlas a nivel nacional. El Gobernador de la Provincia de Buenos Aires, Axel Kicillof, firm\u00f3 el Decreto 367\/2025, que convoca a las Elecciones Primarias, Abiertas, Simult\u00e1neas y Obligatorias\u2026","rel":"","context":"En \u00abProvincia\u00bb","block_context":{"text":"Provincia","link":"https:\/\/www.24baires.com\/?cat=40"},"img":{"alt_text":"","src":"https:\/\/i0.wp.com\/www.24baires.com\/wp-content\/uploads\/2025\/03\/kici-perfil.webp?resize=350%2C200","width":350,"height":200,"srcset":"https:\/\/i0.wp.com\/www.24baires.com\/wp-content\/uploads\/2025\/03\/kici-perfil.webp?resize=350%2C200 1x, https:\/\/i0.wp.com\/www.24baires.com\/wp-content\/uploads\/2025\/03\/kici-perfil.webp?resize=525%2C300 1.5x, https:\/\/i0.wp.com\/www.24baires.com\/wp-content\/uploads\/2025\/03\/kici-perfil.webp?resize=700%2C400 2x"},"classes":[]},{"id":118304,"url":"https:\/\/www.24baires.com\/?p=118304","url_meta":{"origin":121626,"position":4},"title":"Kicillof crea dos ministerios y tiene nuevas ministras","author":"GB","date":"07\/12\/2021","format":false,"excerpt":"Florencia Saintout y Daniela Vilar ser\u00e1n las ministras de cultura y de ambiente, respectivamente, de los nuevos ministerios de Axel Kicillof. A poco m\u00e1s de tres semanas y seis d\u00edas para que termine el a\u00f1o en curso, el gobernador de la Provincia de Buenos Aires, Axel Kicillof, reconocerle m\u00e1s grado\u2026","rel":"","context":"En \u00abProvincia\u00bb","block_context":{"text":"Provincia","link":"https:\/\/www.24baires.com\/?cat=40"},"img":{"alt_text":"","src":"https:\/\/i0.wp.com\/www.24baires.com\/wp-content\/uploads\/2021\/12\/axel-kicillof-1jpg-300x200.jpg?resize=350%2C200","width":350,"height":200},"classes":[]},{"id":122470,"url":"https:\/\/www.24baires.com\/?p=122470","url_meta":{"origin":121626,"position":5},"title":"Provincia reclamar\u00e1 al Ejecutivo nacional la reactivaci\u00f3n de la obra p\u00fablica","author":"GB","date":"19\/08\/2025","format":false,"excerpt":"Tras casi dos a\u00f1os de paralizaci\u00f3n, el gobernador anunci\u00f3 un proyecto para reactivar la obra p\u00fablica y afrontar la situaci\u00f3n cr\u00edtica de la provincia. El gobernador de la provincia de Buenos Aires realiz\u00f3 una conferencia de prensa, donde anunci\u00f3 que enviar\u00e1 un proyecto a la Legislatura para reactivar la obra\u2026","rel":"","context":"En \u00abProvincia\u00bb","block_context":{"text":"Provincia","link":"https:\/\/www.24baires.com\/?cat=40"},"img":{"alt_text":"","src":"https:\/\/i0.wp.com\/www.24baires.com\/wp-content\/uploads\/2025\/08\/kici-gabinete.webp?resize=350%2C200","width":350,"height":200,"srcset":"https:\/\/i0.wp.com\/www.24baires.com\/wp-content\/uploads\/2025\/08\/kici-gabinete.webp?resize=350%2C200 1x, https:\/\/i0.wp.com\/www.24baires.com\/wp-content\/uploads\/2025\/08\/kici-gabinete.webp?resize=525%2C300 1.5x, https:\/\/i0.wp.com\/www.24baires.com\/wp-content\/uploads\/2025\/08\/kici-gabinete.webp?resize=700%2C400 2x"},"classes":[]}],"jetpack_sharing_enabled":true,"jetpack_likes_enabled":true,"_links":{"self":[{"href":"https:\/\/www.24baires.com\/index.php?rest_route=\/wp\/v2\/posts\/121626","targetHints":{"allow":["GET"]}}],"collection":[{"href":"https:\/\/www.24baires.com\/index.php?rest_route=\/wp\/v2\/posts"}],"about":[{"href":"https:\/\/www.24baires.com\/index.php?rest_route=\/wp\/v2\/types\/post"}],"author":[{"embeddable":true,"href":"https:\/\/www.24baires.com\/index.php?rest_route=\/wp\/v2\/users\/8"}],"replies":[{"embeddable":true,"href":"https:\/\/www.24baires.com\/index.php?rest_route=%2Fwp%2Fv2%2Fcomments&post=121626"}],"version-history":[{"count":1,"href":"https:\/\/www.24baires.com\/index.php?rest_route=\/wp\/v2\/posts\/121626\/revisions"}],"predecessor-version":[{"id":121628,"href":"https:\/\/www.24baires.com\/index.php?rest_route=\/wp\/v2\/posts\/121626\/revisions\/121628"}],"wp:attachment":[{"href":"https:\/\/www.24baires.com\/index.php?rest_route=%2Fwp%2Fv2%2Fmedia&parent=121626"}],"wp:term":[{"taxonomy":"category","embeddable":true,"href":"https:\/\/www.24baires.com\/index.php?rest_route=%2Fwp%2Fv2%2Fcategories&post=121626"},{"taxonomy":"post_tag","embeddable":true,"href":"https:\/\/www.24baires.com\/index.php?rest_route=%2Fwp%2Fv2%2Ftags&post=121626"}],"curies":[{"name":"wp","href":"https:\/\/api.w.org\/{rel}","templated":true}]}}