{"id":121621,"date":"2024-09-06T09:01:32","date_gmt":"2024-09-06T12:01:32","guid":{"rendered":"https:\/\/www.24baires.com\/?p=121621"},"modified":"2024-09-06T09:01:32","modified_gmt":"2024-09-06T12:01:32","slug":"segun-un-informe-el-93-de-los-argentinos-no-estan-de-acuerdo-con-el-recorte-en-educacion","status":"publish","type":"post","link":"https:\/\/www.24baires.com\/?p=121621","title":{"rendered":"Seg\u00fan un informe, el 93% de los argentinos no est\u00e1n de acuerdo con el recorte en Educaci\u00f3n"},"content":{"rendered":"<p><img data-recalc-dims=\"1\" loading=\"lazy\" decoding=\"async\" class=\"aligncenter wp-image-121427\" src=\"https:\/\/i0.wp.com\/www.24baires.com\/wp-content\/uploads\/2024\/06\/escuela-sec.webp?resize=720%2C405\" alt=\"\" width=\"720\" height=\"405\" \/>En medio de los reclamos salariales docentes y el tratamiento del financiamiento universitario en la Legislatura, un informe reciente revel\u00f3 que la mayor\u00eda de la poblaci\u00f3n no cree que el Estado deba reducir gastos en Educaci\u00f3n, Salud, Ciencia y Tecnolog\u00eda.<!--more--><\/p>\n<p>El Observatorio Pulsar de la Universidad de Buenos Aires (UBA) lanz\u00f3 un relevamiento de opini\u00f3n p\u00fablica que demostr\u00f3 las creencias de los argentinos sobre diversos aspectos del Estado, entre ellos, el gasto p\u00fablico, y revel\u00f3 que m\u00e1s del 70% de los encuestados est\u00e1 en desacuerdo con los recortes en Educaci\u00f3n, Cultura, Salud, Ciencia y Tecnolog\u00eda.<\/p>\n<p>El estudio cont\u00f3 con los aportes de 1.250 personas consultadas en junio de 2024 con el objetivo de conocer en profundidad \u00ablas tendencias culturales, los conocimientos sociales y los valores de la sociedad argentina, en particular, y latinoamericana, en general\u00bb. En el informe, los analistas indicaron que \u00abhay algunos consensos sociales que est\u00e1n por encima de la polarizaci\u00f3n partidaria. Valores que, por cierto, se han convertido en pilares importantes de la sociedad argentina\u00bb.<\/p>\n<p>En este sentido, se\u00f1alaron que, si bien existe una demanda por reducir el gasto p\u00fablico en algunas dimensiones, el 93% de los consultados coincidieron en que los recortes no deben ser en materia de Educaci\u00f3n, mientras que un 86% se opuso a achicar el gasto en Salud. En simult\u00e1neo, s\u00f3lo un 14% consider\u00f3 que el Estado deber\u00eda reducir el gasto en Ciencia y Tecnolog\u00eda, mientras que el 25% coincidi\u00f3 en recortar en Cultura.<\/p>\n<p>Por otra parte, hubo un consenso significativo en disminuir los costos estatales en Pol\u00edtica, con un 69% de los encuestados afirmando estar \u00abmuy de acuerdo\u00bb, y, en menor medida, hubo acuerdo reducir gastos en Planes Sociales, con un 49% coincidiendo en esta variable.<\/p>\n<p>\u00abEstas preferencias contrastan fuertemente con otras posturas respecto del gasto estatal. La provisi\u00f3n de estos servicios por los gobiernos de turno sigue siendo bien valorada por la sociedad\u00bb explicaron desde Pulsar. Asimismo, remarcaron que \u00ablos niveles de acuerdo atraviesan a todos los segmentos pol\u00edticos. Salvo por una peque\u00f1a diferencia en lo que respecta a la cultura, en el resto de las \u00e1reas hay importantes consensos entre votantes de Uni\u00f3n por la Patria y de La Libertad Avanza en el ballotage 2023\u00bb.<\/p>\n","protected":false},"excerpt":{"rendered":"<p>En medio de los reclamos salariales docentes y el tratamiento del financiamiento universitario en la Legislatura, un informe reciente revel\u00f3 que la mayor\u00eda de la poblaci\u00f3n no cree que el Estado deba reducir gastos en Educaci\u00f3n, Salud, Ciencia y Tecnolog\u00eda.<\/p>\n","protected":false},"author":8,"featured_media":0,"comment_status":"closed","ping_status":"closed","sticky":false,"template":"","format":"standard","meta":{"_jetpack_newsletter_access":"","_jetpack_dont_email_post_to_subs":false,"_jetpack_newsletter_tier_id":0,"_jetpack_memberships_contains_paywalled_content":false,"_jetpack_memberships_contains_paid_content":false,"footnotes":""},"categories":[1],"tags":[],"class_list":["post-121621","post","type-post","status-publish","format-standard","hentry","category-sociedad"],"jetpack_featured_media_url":"","jetpack_shortlink":"https:\/\/wp.me\/p2JWE0-vDD","jetpack-related-posts":[{"id":104755,"url":"https:\/\/www.24baires.com\/?p=104755","url_meta":{"origin":121621,"position":0},"title":"El Gobierno planea recortar 18,9% la inversi\u00f3n educativa","author":"AF","date":"03\/10\/2018","format":false,"excerpt":"A partir del proyecto de ley del macrismo, la Ctera elabor\u00f3 un informe que revela el ajuste brutal previsto para el sector. Infraestructura escolar y jardines de infantes sufrir\u00e1n una reducci\u00f3n de casi 70% si se aprueba el texto. En su proyecto de ley de Presupuesto 2019, el gobierno nacional\u2026","rel":"","context":"En \u00abSociedad\u00bb","block_context":{"text":"Sociedad","link":"https:\/\/www.24baires.com\/?cat=1"},"img":{"alt_text":"","src":"https:\/\/i0.wp.com\/www.24baires.com\/wp-content\/uploads\/2018\/09\/macri.jpg?resize=350%2C200","width":350,"height":200,"srcset":"https:\/\/i0.wp.com\/www.24baires.com\/wp-content\/uploads\/2018\/09\/macri.jpg?resize=350%2C200 1x, https:\/\/i0.wp.com\/www.24baires.com\/wp-content\/uploads\/2018\/09\/macri.jpg?resize=525%2C300 1.5x"},"classes":[]},{"id":107369,"url":"https:\/\/www.24baires.com\/?p=107369","url_meta":{"origin":121621,"position":1},"title":"El pa\u00eds ya paga m\u00e1s de un mill\u00f3n de pesos por minuto s\u00f3lo en intereses de deuda","author":"GB","date":"26\/03\/2019","format":false,"excerpt":"El costo de las obligaciones contra\u00eddas durante el primer bimestre del a\u00f1o represent\u00f3 el 39% de lo asignado para Educaci\u00f3n en todo el a\u00f1o, 59% de lo corresponde a Salud, 133% de lo destinado a protecci\u00f3n social y 191% de lo que equivalente a Ciencia y T\u00e9cnica. El Observatorio de\u2026","rel":"","context":"En \u00abPol\u00edtica\u00bb","block_context":{"text":"Pol\u00edtica","link":"https:\/\/www.24baires.com\/?cat=51"},"img":{"alt_text":"","src":"https:\/\/i0.wp.com\/www.24baires.com\/wp-content\/uploads\/2019\/03\/macri-deuda.jpg?resize=350%2C200","width":350,"height":200,"srcset":"https:\/\/i0.wp.com\/www.24baires.com\/wp-content\/uploads\/2019\/03\/macri-deuda.jpg?resize=350%2C200 1x, https:\/\/i0.wp.com\/www.24baires.com\/wp-content\/uploads\/2019\/03\/macri-deuda.jpg?resize=525%2C300 1.5x"},"classes":[]},{"id":119473,"url":"https:\/\/www.24baires.com\/?p=119473","url_meta":{"origin":121621,"position":2},"title":"Diputados debate el Presupuesto 2023 en una sesi\u00f3n marat\u00f3nica","author":"AF","date":"25\/10\/2022","format":false,"excerpt":"El tratamiento de la ley se da en medio de un fuerte debate por la inclusi\u00f3n de un art\u00edculo que elimina la exenci\u00f3n en el pago del impuesto a las Ganancias que gozan los miembros del Poder Judicial. La C\u00e1mara de Diputados inici\u00f3 esta tarde la sesi\u00f3n especial para debatir\u2026","rel":"","context":"En \u00abEconom\u00eda\u00bb","block_context":{"text":"Econom\u00eda","link":"https:\/\/www.24baires.com\/?cat=45"},"img":{"alt_text":"","src":"https:\/\/i0.wp.com\/www.24baires.com\/wp-content\/uploads\/2022\/10\/diputados.jpg?resize=350%2C200","width":350,"height":200,"srcset":"https:\/\/i0.wp.com\/www.24baires.com\/wp-content\/uploads\/2022\/10\/diputados.jpg?resize=350%2C200 1x, https:\/\/i0.wp.com\/www.24baires.com\/wp-content\/uploads\/2022\/10\/diputados.jpg?resize=525%2C300 1.5x, https:\/\/i0.wp.com\/www.24baires.com\/wp-content\/uploads\/2022\/10\/diputados.jpg?resize=700%2C400 2x"},"classes":[]},{"id":118360,"url":"https:\/\/www.24baires.com\/?p=118360","url_meta":{"origin":121621,"position":3},"title":"\u00abMientras sea Presidente voy a invertir todo lo que haga falta en educaci\u00f3n p\u00fablica\u00bb","author":"AF","date":"20\/12\/2021","format":false,"excerpt":"\"En el mundo en el que vivimos la riqueza est\u00e1 en el conocimiento y en el desarrollo de la ciencia y la tecnolog\u00eda\", afirm\u00f3 el Presidente, al encabezar la ceremonia de asunci\u00f3n de las nuevas autoridades de la Universidad Tecnol\u00f3gica Nacional. El presidente Alberto Fern\u00e1ndez asegur\u00f3 este lunes que dedicar\u00e1\u2026","rel":"","context":"En \u00abPol\u00edtica\u00bb","block_context":{"text":"Pol\u00edtica","link":"https:\/\/www.24baires.com\/?cat=51"},"img":{"alt_text":"","src":"https:\/\/i0.wp.com\/www.24baires.com\/wp-content\/uploads\/2021\/12\/61c0d8c7f2a64_900.jpg?resize=350%2C200","width":350,"height":200,"srcset":"https:\/\/i0.wp.com\/www.24baires.com\/wp-content\/uploads\/2021\/12\/61c0d8c7f2a64_900.jpg?resize=350%2C200 1x, https:\/\/i0.wp.com\/www.24baires.com\/wp-content\/uploads\/2021\/12\/61c0d8c7f2a64_900.jpg?resize=525%2C300 1.5x"},"classes":[]},{"id":113153,"url":"https:\/\/www.24baires.com\/?p=113153","url_meta":{"origin":121621,"position":4},"title":"El presupuesto educativo cay\u00f3 un 35% desde que asumi\u00f3 Macri","author":"AF","date":"26\/11\/2019","format":false,"excerpt":"Un informe elaborado por equipos de investigadores de siete universidades analiza el recorte de fondos que sufri\u00f3 el sistema educativo en el per\u00edodo 2016-2019 y destaca c\u00f3mo se desfinanciaron especialmente las pol\u00edticas dirigidas a enfrentar las desigualdades socioeducativas. El presupuesto que el gobierno nacional destina a la educaci\u00f3n disminuy\u00f3 un\u2026","rel":"","context":"En \u00abPol\u00edtica\u00bb","block_context":{"text":"Pol\u00edtica","link":"https:\/\/www.24baires.com\/?cat=51"},"img":{"alt_text":"","src":"https:\/\/i0.wp.com\/www.24baires.com\/wp-content\/uploads\/2018\/12\/escuela-tomada.jpg?resize=350%2C200","width":350,"height":200,"srcset":"https:\/\/i0.wp.com\/www.24baires.com\/wp-content\/uploads\/2018\/12\/escuela-tomada.jpg?resize=350%2C200 1x, https:\/\/i0.wp.com\/www.24baires.com\/wp-content\/uploads\/2018\/12\/escuela-tomada.jpg?resize=525%2C300 1.5x"},"classes":[]},{"id":103054,"url":"https:\/\/www.24baires.com\/?p=103054","url_meta":{"origin":121621,"position":5},"title":"La UCA se\u00f1ala que la pobreza alcanza a casi la mitad de los ni\u00f1os del pa\u00eds","author":"AF","date":"28\/06\/2018","format":false,"excerpt":"Las pol\u00edticas de ajuste de Cambiemos impactan especialmente sobre los chicos: seg\u00fan el Bar\u00f3metro de Deuda Social de la Infancia de la UCA, el 48,1 por ciento de los ni\u00f1os y ni\u00f1as argentinos vive en condiciones de pobreza. El 33,8 por ciento desayuna, almuerza y merienda en comedores escolares o\u2026","rel":"","context":"En \u00abSociedad\u00bb","block_context":{"text":"Sociedad","link":"https:\/\/www.24baires.com\/?cat=1"},"img":{"alt_text":"","src":"https:\/\/i0.wp.com\/www.24baires.com\/wp-content\/uploads\/2016\/06\/pobreza.jpg?resize=350%2C200","width":350,"height":200,"srcset":"https:\/\/i0.wp.com\/www.24baires.com\/wp-content\/uploads\/2016\/06\/pobreza.jpg?resize=350%2C200 1x, https:\/\/i0.wp.com\/www.24baires.com\/wp-content\/uploads\/2016\/06\/pobreza.jpg?resize=525%2C300 1.5x"},"classes":[]}],"jetpack_sharing_enabled":true,"jetpack_likes_enabled":true,"_links":{"self":[{"href":"https:\/\/www.24baires.com\/index.php?rest_route=\/wp\/v2\/posts\/121621","targetHints":{"allow":["GET"]}}],"collection":[{"href":"https:\/\/www.24baires.com\/index.php?rest_route=\/wp\/v2\/posts"}],"about":[{"href":"https:\/\/www.24baires.com\/index.php?rest_route=\/wp\/v2\/types\/post"}],"author":[{"embeddable":true,"href":"https:\/\/www.24baires.com\/index.php?rest_route=\/wp\/v2\/users\/8"}],"replies":[{"embeddable":true,"href":"https:\/\/www.24baires.com\/index.php?rest_route=%2Fwp%2Fv2%2Fcomments&post=121621"}],"version-history":[{"count":1,"href":"https:\/\/www.24baires.com\/index.php?rest_route=\/wp\/v2\/posts\/121621\/revisions"}],"predecessor-version":[{"id":121622,"href":"https:\/\/www.24baires.com\/index.php?rest_route=\/wp\/v2\/posts\/121621\/revisions\/121622"}],"wp:attachment":[{"href":"https:\/\/www.24baires.com\/index.php?rest_route=%2Fwp%2Fv2%2Fmedia&parent=121621"}],"wp:term":[{"taxonomy":"category","embeddable":true,"href":"https:\/\/www.24baires.com\/index.php?rest_route=%2Fwp%2Fv2%2Fcategories&post=121621"},{"taxonomy":"post_tag","embeddable":true,"href":"https:\/\/www.24baires.com\/index.php?rest_route=%2Fwp%2Fv2%2Ftags&post=121621"}],"curies":[{"name":"wp","href":"https:\/\/api.w.org\/{rel}","templated":true}]}}