{"id":121602,"date":"2024-09-04T06:35:06","date_gmt":"2024-09-04T09:35:06","guid":{"rendered":"https:\/\/www.24baires.com\/?p=121602"},"modified":"2024-09-04T06:35:06","modified_gmt":"2024-09-04T09:35:06","slug":"provincia-profundizara-controles-de-seguridad-en-escuelas","status":"publish","type":"post","link":"https:\/\/www.24baires.com\/?p=121602","title":{"rendered":"Provincia profundizar\u00e1 controles de seguridad en escuelas"},"content":{"rendered":"<p><img data-recalc-dims=\"1\" loading=\"lazy\" decoding=\"async\" class=\"aligncenter wp-image-121603\" src=\"https:\/\/i0.wp.com\/www.24baires.com\/wp-content\/uploads\/2024\/09\/escuelas.webp?resize=720%2C428\" alt=\"\" width=\"720\" height=\"428\" \/>El Gobernador bonaerense inaugur\u00f3 este martes un programa de fortalecimiento de protecci\u00f3n y seguridad en las zonas cercanas a instituciones educativas. Se incorporar\u00e1n patrullajes, c\u00e1maras y botones de alerta.<!--more--><\/p>\n<p>El Gobierno bonaerense present\u00f3 en las \u00faltimas horas el programa \u00abEscuelas cuidadas\u00bb, que apunta a fortalecer los controles de seguridad en varios distritos y profundizar la protecci\u00f3n de las comunidades educativas en las zonas cercanas a los establecimientos.<\/p>\n<p>\u00abA trav\u00e9s de este programa, articulado entre las \u00e1reas de seguridad y educaci\u00f3n, estamos fomentando un v\u00ednculo mucho m\u00e1s cercano entre las fuerzas y la comunidad en cada uno de los barrios\u00bb detall\u00f3 Axel Kicillof, que encabez\u00f3 el acto de presentaci\u00f3n en Florencio Varela. Durante la jornada, estuvo acompa\u00f1ado por el ministro de Seguridad, Javier Alonso; el director general de Cultura y Educaci\u00f3n, Alberto Sileoni; el intendente local, Andr\u00e9s Watson; y la directora de la Escuela Secundaria N\u00ba14, donde se hizo el encuentro, Lorena Dal Bo.<\/p>\n<p>En este marco, el gobernador remarc\u00f3 que \u00abdesde la Provincia estamos convencidos de que la seguridad requiere una mirada integral: involucra a la polic\u00eda, pero tambi\u00e9n al sistema educativo, al de salud y a las distintas organizaciones de la sociedad\u00bb.<\/p>\n<p>El programa incluir\u00e1 la incorporaci\u00f3n de c\u00e1maras de seguridad y botones de alerta en las proximidades de las escuelas y patrullajes en puntos y horarios estrat\u00e9gicos. Tambi\u00e9n contemplar\u00e1 obras de mejoramiento urbano en las zonas donde est\u00e9n ubicados los establecimientos, entre los que se optimizar\u00e1 el alumbrado p\u00fablico, se realizar\u00e1n tareas de mantenimiento de espacios verdes y para la erradicaci\u00f3n de basurales.<\/p>\n","protected":false},"excerpt":{"rendered":"<p>El Gobernador bonaerense inaugur\u00f3 este martes un programa de fortalecimiento de protecci\u00f3n y seguridad en las zonas cercanas a instituciones educativas. Se incorporar\u00e1n patrullajes, c\u00e1maras y botones de alerta.<\/p>\n","protected":false},"author":8,"featured_media":0,"comment_status":"closed","ping_status":"closed","sticky":false,"template":"","format":"standard","meta":{"_jetpack_newsletter_access":"","_jetpack_dont_email_post_to_subs":false,"_jetpack_newsletter_tier_id":0,"_jetpack_memberships_contains_paywalled_content":false,"_jetpack_memberships_contains_paid_content":false,"footnotes":""},"categories":[40],"tags":[],"class_list":["post-121602","post","type-post","status-publish","format-standard","hentry","category-provincia"],"jetpack_featured_media_url":"","jetpack_shortlink":"https:\/\/wp.me\/p2JWE0-vDk","jetpack-related-posts":[{"id":116431,"url":"https:\/\/www.24baires.com\/?p=116431","url_meta":{"origin":121602,"position":0},"title":"Provincia avanza con la vuelta \u00abprogresiva\u00bb a clases","author":"GB","date":"09\/10\/2020","format":false,"excerpt":"Los alumnos volver\u00e1n a las aulas en aquellos distritos en los que la situaci\u00f3n epidemiol\u00f3gica represente un riesgo \"bajo\" de contagio de COVID-19, y en otras regiones se desarrollar\u00e1n estrategias alternativas Los alumnos volver\u00e1n a las aulas en aquellos distritos en los que la situaci\u00f3n epidemiol\u00f3gica represente un riesgo \"bajo\"\u2026","rel":"","context":"En \u00abProvincia\u00bb","block_context":{"text":"Provincia","link":"https:\/\/www.24baires.com\/?cat=40"},"img":{"alt_text":"","src":"https:\/\/i0.wp.com\/www.24baires.com\/wp-content\/uploads\/2020\/10\/20201009084925_multimedia-normal-bc4980f80578c21c-7675656c74612d636c617365732d6275656e6f732d61697265732d636f72646f5f6e6f726d616c2e6a7067.jpg?resize=350%2C200","width":350,"height":200,"srcset":"https:\/\/i0.wp.com\/www.24baires.com\/wp-content\/uploads\/2020\/10\/20201009084925_multimedia-normal-bc4980f80578c21c-7675656c74612d636c617365732d6275656e6f732d61697265732d636f72646f5f6e6f726d616c2e6a7067.jpg?resize=350%2C200 1x, https:\/\/i0.wp.com\/www.24baires.com\/wp-content\/uploads\/2020\/10\/20201009084925_multimedia-normal-bc4980f80578c21c-7675656c74612d636c617365732d6275656e6f732d61697265732d636f72646f5f6e6f726d616c2e6a7067.jpg?resize=525%2C300 1.5x"},"classes":[]},{"id":113922,"url":"https:\/\/www.24baires.com\/?p=113922","url_meta":{"origin":121602,"position":1},"title":"El primer plan de infraestructura que anunciar\u00e1 Kicillof estar\u00e1 orientado a escuelas","author":"AF","date":"25\/01\/2020","format":false,"excerpt":"El programa se llama \"Escuelas a la obra\" y ser\u00e1 presentado el pr\u00f3ximo lunes 27 de enero en Merlo. El gobernador bonaerense, Axel Kicillof, tiene que atender los compromisos de deuda que tiene la Provincia con los bonistas, pero adem\u00e1s las deudas que hay con los bonaerenses. En clara diferenciaci\u00f3n\u2026","rel":"","context":"En \u00abProvincia\u00bb","block_context":{"text":"Provincia","link":"https:\/\/www.24baires.com\/?cat=40"},"img":{"alt_text":"","src":"https:\/\/i0.wp.com\/www.24baires.com\/wp-content\/uploads\/2019\/10\/escuela-quilmes.jpg?resize=350%2C200","width":350,"height":200,"srcset":"https:\/\/i0.wp.com\/www.24baires.com\/wp-content\/uploads\/2019\/10\/escuela-quilmes.jpg?resize=350%2C200 1x, https:\/\/i0.wp.com\/www.24baires.com\/wp-content\/uploads\/2019\/10\/escuela-quilmes.jpg?resize=525%2C300 1.5x"},"classes":[]},{"id":116144,"url":"https:\/\/www.24baires.com\/?p=116144","url_meta":{"origin":121602,"position":2},"title":"Intendentes apoyaron la implementaci\u00f3n de un plan de seguridad para la Provincia","author":"AF","date":"04\/09\/2020","format":false,"excerpt":"Fernando Espinoza, Gustavo Posse, Alberto Descalzo y Gustavo Men\u00e9ndez, entre otros jefes comunales, tomaron parte del lanzamiento del Programa de Fortalecimiento de la Seguridad y apoyaron la iniciativa que se desarrollar\u00e1 en el Conurbano con una inversi\u00f3n de 10.000 millones de pesos. Intendentes del \u00c1rea Metropolitana de Buenos Aires celebraron\u2026","rel":"","context":"En \u00abProvincia\u00bb","block_context":{"text":"Provincia","link":"https:\/\/www.24baires.com\/?cat=40"},"img":{"alt_text":"","src":"https:\/\/i0.wp.com\/www.24baires.com\/wp-content\/uploads\/2020\/08\/gines-espinoza.jpeg?resize=350%2C200","width":350,"height":200,"srcset":"https:\/\/i0.wp.com\/www.24baires.com\/wp-content\/uploads\/2020\/08\/gines-espinoza.jpeg?resize=350%2C200 1x, https:\/\/i0.wp.com\/www.24baires.com\/wp-content\/uploads\/2020\/08\/gines-espinoza.jpeg?resize=525%2C300 1.5x"},"classes":[]},{"id":117049,"url":"https:\/\/www.24baires.com\/?p=117049","url_meta":{"origin":121602,"position":3},"title":"Trotta: \u00abCon protocolos, la escuela es un lugar seguro\u00bb","author":"GB","date":"21\/01\/2021","format":false,"excerpt":"El ministro de Educaci\u00f3n, Nicol\u00e1s Trotta, insisti\u00f3 con los protocolos para garantizar que la escuela sea un espacio seguro para retomar la presencialidad. El ministro de Educaci\u00f3n de la Naci\u00f3n, Nicol\u00e1s Trotta, se refiri\u00f3 al retorno de las clases presenciales en todo el pa\u00eds en el marco de la pandemia\u2026","rel":"","context":"En \u00abPol\u00edtica\u00bb","block_context":{"text":"Pol\u00edtica","link":"https:\/\/www.24baires.com\/?cat=51"},"img":{"alt_text":"","src":"https:\/\/i0.wp.com\/www.24baires.com\/wp-content\/uploads\/2014\/03\/aula-vac%C3%ADa.jpg?resize=350%2C200","width":350,"height":200,"srcset":"https:\/\/i0.wp.com\/www.24baires.com\/wp-content\/uploads\/2014\/03\/aula-vac%C3%ADa.jpg?resize=350%2C200 1x, https:\/\/i0.wp.com\/www.24baires.com\/wp-content\/uploads\/2014\/03\/aula-vac%C3%ADa.jpg?resize=525%2C300 1.5x"},"classes":[]},{"id":115007,"url":"https:\/\/www.24baires.com\/?p=115007","url_meta":{"origin":121602,"position":4},"title":"Provincia no calificar\u00e1 a los estudiantes sino que har\u00e1 valoraci\u00f3n pedag\u00f3gica","author":"AF","date":"13\/05\/2020","format":false,"excerpt":"\"No se calificar\u00e1 el primer bimestre, trimestre o cuatrimestre, seg\u00fan corresponda, en las instituciones educativas tanto estatales como privadas\", informaron desde la cartera educativa bonaerense. La Direcci\u00f3n General de Cultura y Educaci\u00f3n bonaerense anunci\u00f3 este mi\u00e9rcoles que para la continuidad educativa durante la pandemia por coronavirus, har\u00e1 \u00e9nfasis en la\u2026","rel":"","context":"En \u00abProvincia\u00bb","block_context":{"text":"Provincia","link":"https:\/\/www.24baires.com\/?cat=40"},"img":{"alt_text":"","src":"https:\/\/i0.wp.com\/www.24baires.com\/wp-content\/uploads\/2020\/05\/692d22d0f120c37fc0f7c41e3586e5e0.jpg?resize=350%2C200","width":350,"height":200,"srcset":"https:\/\/i0.wp.com\/www.24baires.com\/wp-content\/uploads\/2020\/05\/692d22d0f120c37fc0f7c41e3586e5e0.jpg?resize=350%2C200 1x, https:\/\/i0.wp.com\/www.24baires.com\/wp-content\/uploads\/2020\/05\/692d22d0f120c37fc0f7c41e3586e5e0.jpg?resize=525%2C300 1.5x"},"classes":[]},{"id":115563,"url":"https:\/\/www.24baires.com\/?p=115563","url_meta":{"origin":121602,"position":5},"title":"El gobierno bonaerense comienza a estudiar el protocolo para la vuelta a las clases","author":"GB","date":"07\/07\/2020","format":false,"excerpt":"Desde el ministerio de Educaci\u00f3n de la provincia se comenz\u00f3 a delinear lo que ser\u00e1 el protocolo \u00fanico de seguridad e higiene que buscar\u00e1 establecer diferentes normas ante la vuelta de las clases. Aunque todav\u00eda sin fecha, el gobierno de la provincia comienza a prepararse para el retorno de las\u2026","rel":"","context":"En \u00abProvincia\u00bb","block_context":{"text":"Provincia","link":"https:\/\/www.24baires.com\/?cat=40"},"img":{"alt_text":"","src":"https:\/\/i0.wp.com\/www.24baires.com\/wp-content\/uploads\/2020\/07\/escuelas.jpg?resize=350%2C200","width":350,"height":200,"srcset":"https:\/\/i0.wp.com\/www.24baires.com\/wp-content\/uploads\/2020\/07\/escuelas.jpg?resize=350%2C200 1x, https:\/\/i0.wp.com\/www.24baires.com\/wp-content\/uploads\/2020\/07\/escuelas.jpg?resize=525%2C300 1.5x"},"classes":[]}],"jetpack_sharing_enabled":true,"jetpack_likes_enabled":true,"_links":{"self":[{"href":"https:\/\/www.24baires.com\/index.php?rest_route=\/wp\/v2\/posts\/121602","targetHints":{"allow":["GET"]}}],"collection":[{"href":"https:\/\/www.24baires.com\/index.php?rest_route=\/wp\/v2\/posts"}],"about":[{"href":"https:\/\/www.24baires.com\/index.php?rest_route=\/wp\/v2\/types\/post"}],"author":[{"embeddable":true,"href":"https:\/\/www.24baires.com\/index.php?rest_route=\/wp\/v2\/users\/8"}],"replies":[{"embeddable":true,"href":"https:\/\/www.24baires.com\/index.php?rest_route=%2Fwp%2Fv2%2Fcomments&post=121602"}],"version-history":[{"count":1,"href":"https:\/\/www.24baires.com\/index.php?rest_route=\/wp\/v2\/posts\/121602\/revisions"}],"predecessor-version":[{"id":121604,"href":"https:\/\/www.24baires.com\/index.php?rest_route=\/wp\/v2\/posts\/121602\/revisions\/121604"}],"wp:attachment":[{"href":"https:\/\/www.24baires.com\/index.php?rest_route=%2Fwp%2Fv2%2Fmedia&parent=121602"}],"wp:term":[{"taxonomy":"category","embeddable":true,"href":"https:\/\/www.24baires.com\/index.php?rest_route=%2Fwp%2Fv2%2Fcategories&post=121602"},{"taxonomy":"post_tag","embeddable":true,"href":"https:\/\/www.24baires.com\/index.php?rest_route=%2Fwp%2Fv2%2Ftags&post=121602"}],"curies":[{"name":"wp","href":"https:\/\/api.w.org\/{rel}","templated":true}]}}