{"id":121598,"date":"2024-09-03T06:41:40","date_gmt":"2024-09-03T09:41:40","guid":{"rendered":"https:\/\/www.24baires.com\/?p=121598"},"modified":"2024-09-03T06:41:40","modified_gmt":"2024-09-03T09:41:40","slug":"provincia-lanzo-el-rigi-bonaerense-para-la-industria","status":"publish","type":"post","link":"https:\/\/www.24baires.com\/?p=121598","title":{"rendered":"Provincia lanz\u00f3 el \u00abRIGI Bonaerense\u00bb para la industria"},"content":{"rendered":"<p><img data-recalc-dims=\"1\" loading=\"lazy\" decoding=\"async\" class=\"aligncenter wp-image-121599\" src=\"https:\/\/i0.wp.com\/www.24baires.com\/wp-content\/uploads\/2024\/09\/rigi-bona.webp?resize=720%2C480\" alt=\"\" width=\"720\" height=\"480\" \/>El gobierno de Axel Kicillof present\u00f3 los lineamientos del \u00abRIGI bonaerense\u00bb. Ser\u00e1 para quienes \u00abcumplan con los objetivos de la provincia\u00bb. <!--more--><\/p>\n<p>En el marco de una jornada en defensa de la industria nacional &#8211; coincidente con el D\u00eda de la Industria- llevada a cabo en Ituzaing\u00f3, el gobierno de Axel Kicillof present\u00f3 en sociedad los lineamientos del \u00abr\u00e9gimen de fomento para inversiones estrat\u00e9gicas en Buenos Aires\u00bb, tambi\u00e9n conocido como \u00abRIGI bonaerense\u00bb.<\/p>\n<p>El proyecto que hab\u00eda sido anunciado en medio de la pulseada por la localizaci\u00f3n de la planta de GNL entre Bah\u00eda Blanca y R\u00edo Negro y que promet\u00eda llegar a la Legislatura como alternativa a la exigencia de Javier Milei e YPF de adhesi\u00f3n al RIGI nacional, finalmente no lleg\u00f3 a las C\u00e1maras. Tras la decisi\u00f3n desfavorable para la provincia, el ministro Carlos Bianco mencion\u00f3 que se trabajaba en la correcta redacci\u00f3n del proyecto y en la viabilidad pol\u00edtica para conseguir el respaldo mayoritario a la propuesta.<\/p>\n<p>Finalmente los lineamientos del programa fueron anticipados este lunes por el ministro de Producci\u00f3n, Augusto Costa, quien adelant\u00f3 que \u00abnuestro r\u00e9gimen provincial es de industrializaci\u00f3n, producci\u00f3n y generaci\u00f3n de trabajo. No es otra cosa\u00bb dijo.<\/p>\n<p>En ese l\u00ednea y en clara contraposici\u00f3n al RIGI nacional, el funcionario bonaerense advirti\u00f3 que \u00abno hay que ser absolutamente generosos y realizar enormes esfuerzos fiscales\u00bb sin que la radicaci\u00f3n de inversiones responsan a los objetivos trazados por la provincia.<\/p>\n","protected":false},"excerpt":{"rendered":"<p>El gobierno de Axel Kicillof present\u00f3 los lineamientos del \u00abRIGI bonaerense\u00bb. Ser\u00e1 para quienes \u00abcumplan con los objetivos de la provincia\u00bb.<\/p>\n","protected":false},"author":8,"featured_media":0,"comment_status":"closed","ping_status":"closed","sticky":false,"template":"","format":"standard","meta":{"_jetpack_newsletter_access":"","_jetpack_dont_email_post_to_subs":false,"_jetpack_newsletter_tier_id":0,"_jetpack_memberships_contains_paywalled_content":false,"_jetpack_memberships_contains_paid_content":false,"footnotes":""},"categories":[40],"tags":[],"class_list":["post-121598","post","type-post","status-publish","format-standard","hentry","category-provincia"],"jetpack_featured_media_url":"","jetpack_shortlink":"https:\/\/wp.me\/p2JWE0-vDg","jetpack-related-posts":[{"id":121470,"url":"https:\/\/www.24baires.com\/?p=121470","url_meta":{"origin":121598,"position":0},"title":"Tres de Febrero adhiri\u00f3 al RIGI","author":"GB","date":"11\/07\/2024","format":false,"excerpt":"El intendente de Tres de Febrero, Diego Valenzuela, es el segundo alcalde amarillo de la provincia de Buenos Aires que busca incorporar el RIGI a su distrito. Otro intendente bonaerense del PRO dio luz verde en su distrito al R\u00e9gimen de Incentivos para Grandes Inversiones (RIGI). Este mi\u00e9rcoles, al visto\u2026","rel":"","context":"En \u00abMunicipios\u00bb","block_context":{"text":"Municipios","link":"https:\/\/www.24baires.com\/?cat=44"},"img":{"alt_text":"","src":"https:\/\/i0.wp.com\/www.24baires.com\/wp-content\/uploads\/2024\/07\/e-de-feb-rigi.webp?resize=350%2C200","width":350,"height":200,"srcset":"https:\/\/i0.wp.com\/www.24baires.com\/wp-content\/uploads\/2024\/07\/e-de-feb-rigi.webp?resize=350%2C200 1x, https:\/\/i0.wp.com\/www.24baires.com\/wp-content\/uploads\/2024\/07\/e-de-feb-rigi.webp?resize=525%2C300 1.5x, https:\/\/i0.wp.com\/www.24baires.com\/wp-content\/uploads\/2024\/07\/e-de-feb-rigi.webp?resize=700%2C400 2x"},"classes":[]},{"id":121527,"url":"https:\/\/www.24baires.com\/?p=121527","url_meta":{"origin":121598,"position":1},"title":"Bah\u00eda Blanca se adhiri\u00f3 al RIGI de Milei","author":"GB","date":"09\/08\/2024","format":false,"excerpt":"El Concejo Deliberante de Bah\u00eda Blanca, con el apoyo de los ediles que responden al intendente Federico Susbielles, aprob\u00f3 la incorporaci\u00f3n al R\u00e9gimen de Incentivo para las Grandes Inversiones (RIGI). Luego del esc\u00e1ndalo por la mudanza de la planta de GNL del puerto de Bah\u00eda Blanca, el Concejo Deliberante local\u2026","rel":"","context":"En \u00abMunicipios\u00bb","block_context":{"text":"Municipios","link":"https:\/\/www.24baires.com\/?cat=44"},"img":{"alt_text":"","src":"https:\/\/i0.wp.com\/www.24baires.com\/wp-content\/uploads\/2024\/08\/intendnte-bahia.webp?resize=350%2C200","width":350,"height":200,"srcset":"https:\/\/i0.wp.com\/www.24baires.com\/wp-content\/uploads\/2024\/08\/intendnte-bahia.webp?resize=350%2C200 1x, https:\/\/i0.wp.com\/www.24baires.com\/wp-content\/uploads\/2024\/08\/intendnte-bahia.webp?resize=525%2C300 1.5x, https:\/\/i0.wp.com\/www.24baires.com\/wp-content\/uploads\/2024\/08\/intendnte-bahia.webp?resize=700%2C400 2x"},"classes":[]},{"id":121488,"url":"https:\/\/www.24baires.com\/?p=121488","url_meta":{"origin":121598,"position":2},"title":"Bianco confirm\u00f3 que el RIGI bonaerense: \u00abEst\u00e1 avanzado\u00bb","author":"GB","date":"30\/07\/2024","format":false,"excerpt":"El ministro Carlos Bianco defendi\u00f3 la elecci\u00f3n de Bah\u00eda Blanca para la planta de Gas Natural Licuado (GNL) y anunci\u00f3 una invitaci\u00f3n a los bloques opositores para visitar la ciudad y conocer de cerca el proyecto. Los ministros bonaerenses del Gabinete del gobernador Axel Kicillof participaron nuevamente de la conferencia\u2026","rel":"","context":"En \u00abPol\u00edtica\u00bb","block_context":{"text":"Pol\u00edtica","link":"https:\/\/www.24baires.com\/?cat=51"},"img":{"alt_text":"","src":"https:\/\/i0.wp.com\/www.24baires.com\/wp-content\/uploads\/2020\/06\/bianco-1.jpg?resize=350%2C200","width":350,"height":200,"srcset":"https:\/\/i0.wp.com\/www.24baires.com\/wp-content\/uploads\/2020\/06\/bianco-1.jpg?resize=350%2C200 1x, https:\/\/i0.wp.com\/www.24baires.com\/wp-content\/uploads\/2020\/06\/bianco-1.jpg?resize=525%2C300 1.5x, https:\/\/i0.wp.com\/www.24baires.com\/wp-content\/uploads\/2020\/06\/bianco-1.jpg?resize=700%2C400 2x"},"classes":[]},{"id":121887,"url":"https:\/\/www.24baires.com\/?p=121887","url_meta":{"origin":121598,"position":3},"title":"Provincia busca \u00abasociaciones estrat\u00e9gicas\u00bb para zafar del Plan Motosierra","author":"GB","date":"05\/12\/2024","format":false,"excerpt":"Una comitiva de diplom\u00e1ticos europeos se reuni\u00f3 con funcionarios del gobierno bonaerense. RIGI, educaci\u00f3n y ciencia. El ministro de Gobierno de la provincia de Buenos Aires, Carlos Bianco, encabez\u00f3 una importante reuni\u00f3n con diplom\u00e1ticos de pa\u00edses europeos y con autoridades de la Uni\u00f3n Europea. Fue en el marco de una\u2026","rel":"","context":"En \u00abProvincia\u00bb","block_context":{"text":"Provincia","link":"https:\/\/www.24baires.com\/?cat=40"},"img":{"alt_text":"","src":"https:\/\/i0.wp.com\/www.24baires.com\/wp-content\/uploads\/2024\/12\/reunion-provincia.webp?resize=350%2C200","width":350,"height":200,"srcset":"https:\/\/i0.wp.com\/www.24baires.com\/wp-content\/uploads\/2024\/12\/reunion-provincia.webp?resize=350%2C200 1x, https:\/\/i0.wp.com\/www.24baires.com\/wp-content\/uploads\/2024\/12\/reunion-provincia.webp?resize=525%2C300 1.5x, https:\/\/i0.wp.com\/www.24baires.com\/wp-content\/uploads\/2024\/12\/reunion-provincia.webp?resize=700%2C400 2x"},"classes":[]},{"id":121834,"url":"https:\/\/www.24baires.com\/?p=121834","url_meta":{"origin":121598,"position":4},"title":"El Senado aprob\u00f3 el RIGI bonaerense y modific\u00f3 la ley de jubilatoria de los trabajadores del BAPRO","author":"GB","date":"15\/11\/2024","format":false,"excerpt":"El Senado bonaerense aprob\u00f3 dos proyectos clave de Kicillof, con el apoyo de los libertarios dialoguistas: La reforma jubilatoria y el r\u00e9gimen de fomento a inversiones estrat\u00e9gicas. Este martes, el Senado de la Provincia de Buenos Aires aprob\u00f3 en sesi\u00f3n especial dos importantes proyectos impulsados por el gobernador Axel Kicillof:\u2026","rel":"","context":"En \u00abProvincia\u00bb","block_context":{"text":"Provincia","link":"https:\/\/www.24baires.com\/?cat=40"},"img":{"alt_text":"","src":"https:\/\/i0.wp.com\/www.24baires.com\/wp-content\/uploads\/2014\/08\/senado-bonaerense.jpg?resize=350%2C200","width":350,"height":200,"srcset":"https:\/\/i0.wp.com\/www.24baires.com\/wp-content\/uploads\/2014\/08\/senado-bonaerense.jpg?resize=350%2C200 1x, https:\/\/i0.wp.com\/www.24baires.com\/wp-content\/uploads\/2014\/08\/senado-bonaerense.jpg?resize=525%2C300 1.5x, https:\/\/i0.wp.com\/www.24baires.com\/wp-content\/uploads\/2014\/08\/senado-bonaerense.jpg?resize=700%2C400 2x"},"classes":[]},{"id":121497,"url":"https:\/\/www.24baires.com\/?p=121497","url_meta":{"origin":121598,"position":5},"title":"Olavarr\u00eda podr\u00eda sumarse al RIGI nacional","author":"GB","date":"02\/08\/2024","format":false,"excerpt":"Dos proyectos fueron presentados en el Honorable Concejo Deliberante de Olavarr\u00eda para debatir la adhesi\u00f3n al R\u00e9gimen de Incentivo a las Grandes Inversiones, promovido por el Gobierno nacional. En las \u00faltimas horas, ingresaron al Honorable Concejo Deliberante de Olavarr\u00eda dos propuestas para debatir la adhesi\u00f3n del municipio al R\u00e9gimen de\u2026","rel":"","context":"En \u00abMunicipios\u00bb","block_context":{"text":"Municipios","link":"https:\/\/www.24baires.com\/?cat=44"},"img":{"alt_text":"","src":"https:\/\/i0.wp.com\/www.24baires.com\/wp-content\/uploads\/2024\/08\/olavarria-hcd.webp?resize=350%2C200","width":350,"height":200,"srcset":"https:\/\/i0.wp.com\/www.24baires.com\/wp-content\/uploads\/2024\/08\/olavarria-hcd.webp?resize=350%2C200 1x, https:\/\/i0.wp.com\/www.24baires.com\/wp-content\/uploads\/2024\/08\/olavarria-hcd.webp?resize=525%2C300 1.5x, https:\/\/i0.wp.com\/www.24baires.com\/wp-content\/uploads\/2024\/08\/olavarria-hcd.webp?resize=700%2C400 2x"},"classes":[]}],"jetpack_sharing_enabled":true,"jetpack_likes_enabled":true,"_links":{"self":[{"href":"https:\/\/www.24baires.com\/index.php?rest_route=\/wp\/v2\/posts\/121598","targetHints":{"allow":["GET"]}}],"collection":[{"href":"https:\/\/www.24baires.com\/index.php?rest_route=\/wp\/v2\/posts"}],"about":[{"href":"https:\/\/www.24baires.com\/index.php?rest_route=\/wp\/v2\/types\/post"}],"author":[{"embeddable":true,"href":"https:\/\/www.24baires.com\/index.php?rest_route=\/wp\/v2\/users\/8"}],"replies":[{"embeddable":true,"href":"https:\/\/www.24baires.com\/index.php?rest_route=%2Fwp%2Fv2%2Fcomments&post=121598"}],"version-history":[{"count":1,"href":"https:\/\/www.24baires.com\/index.php?rest_route=\/wp\/v2\/posts\/121598\/revisions"}],"predecessor-version":[{"id":121600,"href":"https:\/\/www.24baires.com\/index.php?rest_route=\/wp\/v2\/posts\/121598\/revisions\/121600"}],"wp:attachment":[{"href":"https:\/\/www.24baires.com\/index.php?rest_route=%2Fwp%2Fv2%2Fmedia&parent=121598"}],"wp:term":[{"taxonomy":"category","embeddable":true,"href":"https:\/\/www.24baires.com\/index.php?rest_route=%2Fwp%2Fv2%2Fcategories&post=121598"},{"taxonomy":"post_tag","embeddable":true,"href":"https:\/\/www.24baires.com\/index.php?rest_route=%2Fwp%2Fv2%2Ftags&post=121598"}],"curies":[{"name":"wp","href":"https:\/\/api.w.org\/{rel}","templated":true}]}}