{"id":121590,"date":"2024-08-30T06:27:55","date_gmt":"2024-08-30T09:27:55","guid":{"rendered":"https:\/\/www.24baires.com\/?p=121590"},"modified":"2024-08-30T06:27:55","modified_gmt":"2024-08-30T09:27:55","slug":"ricardo-alfonsin-no-es-mas-radical-presento-la-renuncia-a-la-afiliacion-de-la-ucr","status":"publish","type":"post","link":"https:\/\/www.24baires.com\/?p=121590","title":{"rendered":"Ricardo Alfons\u00edn no es m\u00e1s radical: present\u00f3 la renuncia a la afiliaci\u00f3n de la UCR"},"content":{"rendered":"<p><img data-recalc-dims=\"1\" loading=\"lazy\" decoding=\"async\" class=\"aligncenter wp-image-121591\" src=\"https:\/\/i0.wp.com\/www.24baires.com\/wp-content\/uploads\/2024\/08\/ricardo-alfonsin.webp?resize=720%2C480\" alt=\"\" width=\"720\" height=\"480\" \/>El ex diputado nacional, Ricardo Alfons\u00edn, present\u00f3 hoy la renuncia a la afiliaci\u00f3n del partido. <!--more--><\/p>\n<p>El hist\u00f3rico referente de la Uni\u00f3n C\u00edvica Radical (UCR), Ricardo Alfons\u00edn, present\u00f3 la renuncia a la afiliaci\u00f3n del partido por diferentes motivos ideol\u00f3gicos. As\u00ed, el ex diputado y quien supo ser Presidente del comit\u00e9 provincial del partido en Buenos Aires lanz\u00f3 un frente progresista con los partidos Forja y Libres del Sur.<\/p>\n<p>La carta de renuncia, dirigida al Presidente de la UCR a nivel nacional, Mart\u00edn Lousteau, explica algunas de las causas que lo llevaron a tomar la decisi\u00f3n. En este sentido, explic\u00f3 que fue tomada \u00abcon un dolor inmenso y despu\u00e9s de haberlo meditado profundamente\u00bb.<\/p>\n<p>En primer lugar se\u00f1al\u00f3 sus diferencias ideol\u00f3gicas -y metodol\u00f3gicas- de la fusi\u00f3n con el PRO para las elecciones del 2015 (cuando se form\u00f3 Cambiemos), \u00abbasadas en la historia m\u00e1s que centenaria del radicalismo\u00bb. Sin embargo, detall\u00f3 que no fue solo eso sino tambi\u00e9n \u00abcon el rol y las posiciones asumidas por el partido durante la gesti\u00f3n de Macri, que no se correspond\u00edan con nuestra identidad\u00bb.<\/p>\n<p>Por otra parte, cuestion\u00f3 que \u00abel radicalismo no ha demostrado la voluntad de desandar el camino recorrido desde entonces en t\u00e9rminos doctrinarios y program\u00e1ticos. Incluso ante el actual Gobierno\u00bb.<\/p>\n<p>Dicho esto, adelant\u00f3 que volver\u00eda al partido si \u00abla UCR alguna vez volviera a defender los valores, ideas y principios que justificaron su nacimiento. Mientras tanto, la gravedad de las actuales circunstancias me llevan a tomar esta desici\u00f3n para luchar contra un plan de gobierno que, a mi juicio, no conducir\u00e1 sino a la construcci\u00f3n de una sociedad cada vez m\u00e1s desigual, m\u00e1s injusta y menos democr\u00e1tica\u00bb.<\/p>\n<p>Alfons\u00edn convoc\u00f3 a la construcci\u00f3n de un frente progresista<br \/>\nEn un acto que reuni\u00f3 a los principales referentes de los tres espacios pol\u00edticos, Ricardo Alfons\u00edn, Gustavo L\u00f3pez y Silvia Saravia llamaron a unir y fortalecer al progresismo bonaerense contra las pol\u00edticas de ajuste y deshumanizantes de Javier Milei.<\/p>\n<p>\u201cCreemos firmemente en la importancia de alcanzar la justicia social como base para garantizar el bienestar y la igualdad de oportunidades para todos\u201d, sostuvieron a lo largo del acto.<\/p>\n<p>\u00abEn la campa\u00f1a electoral dec\u00edamos que las recetas econ\u00f3micas y sociales de LLA no solo no resolver\u00edan los problemas de los argentinos, sino que los agravar\u00edan. La historia lo demuestra. No hay un solo pa\u00eds en el mundo que haya progresado socialmente con estas pol\u00edticas. Al contrario\u00bb, concluy\u00f3.<\/p>\n","protected":false},"excerpt":{"rendered":"<p>El ex diputado nacional, Ricardo Alfons\u00edn, present\u00f3 hoy la renuncia a la afiliaci\u00f3n del partido.<\/p>\n","protected":false},"author":8,"featured_media":0,"comment_status":"closed","ping_status":"closed","sticky":false,"template":"","format":"standard","meta":{"_jetpack_newsletter_access":"","_jetpack_dont_email_post_to_subs":false,"_jetpack_newsletter_tier_id":0,"_jetpack_memberships_contains_paywalled_content":false,"_jetpack_memberships_contains_paid_content":false,"footnotes":""},"categories":[40],"tags":[],"class_list":["post-121590","post","type-post","status-publish","format-standard","hentry","category-provincia"],"jetpack_featured_media_url":"","jetpack_shortlink":"https:\/\/wp.me\/p2JWE0-vD8","jetpack-related-posts":[{"id":101129,"url":"https:\/\/www.24baires.com\/?p=101129","url_meta":{"origin":121590,"position":0},"title":"Alfons\u00edn quiere sacar al radicalismo de Cambiemos y armar un nuevo frente","author":"GB","date":"18\/03\/2018","format":false,"excerpt":"El ex diputado de la Uni\u00f3n C\u00edvica Radical Ricardo Alfons\u00edn pretende que el hist\u00f3rico partido rompa sus alianzas con Cambiemos y arme un nuevo frente progresista con el GEN y el Partido Socialista. El ex diputado y dirigente radical Ricardo Alfons\u00edn afirm\u00f3 hoy a NA que para 2019 la UCR\u2026","rel":"","context":"En \u00abPol\u00edtica\u00bb","block_context":{"text":"Pol\u00edtica","link":"https:\/\/www.24baires.com\/?cat=51"},"img":{"alt_text":"","src":"https:\/\/i0.wp.com\/www.24baires.com\/wp-content\/uploads\/2013\/09\/alfonsin.jpg?resize=350%2C200","width":350,"height":200,"srcset":"https:\/\/i0.wp.com\/www.24baires.com\/wp-content\/uploads\/2013\/09\/alfonsin.jpg?resize=350%2C200 1x, https:\/\/i0.wp.com\/www.24baires.com\/wp-content\/uploads\/2013\/09\/alfonsin.jpg?resize=525%2C300 1.5x"},"classes":[]},{"id":101501,"url":"https:\/\/www.24baires.com\/?p=101501","url_meta":{"origin":121590,"position":1},"title":"Alfons\u00edn quiere que la UCR tenga un candidato propio para 2018","author":"GB","date":"09\/04\/2018","format":false,"excerpt":"El ex diputado nacional pidi\u00f3 que los radicales \"se pongan el cuchillo entre los dientes\" para defender las ideas del partido. El ex diputado nacional Ricardo Alfons\u00edn ratific\u00f3 sus diferencias con el macrismo y dijo que ser\u00eda \"ideal\" que la Uni\u00f3n C\u00edvica Radical compita con un candidato propio en las\u2026","rel":"","context":"En \u00abPol\u00edtica\u00bb","block_context":{"text":"Pol\u00edtica","link":"https:\/\/www.24baires.com\/?cat=51"},"img":{"alt_text":"","src":"https:\/\/i0.wp.com\/www.24baires.com\/wp-content\/uploads\/2013\/09\/alfonsin.jpg?resize=350%2C200","width":350,"height":200,"srcset":"https:\/\/i0.wp.com\/www.24baires.com\/wp-content\/uploads\/2013\/09\/alfonsin.jpg?resize=350%2C200 1x, https:\/\/i0.wp.com\/www.24baires.com\/wp-content\/uploads\/2013\/09\/alfonsin.jpg?resize=525%2C300 1.5x"},"classes":[]},{"id":35318,"url":"https:\/\/www.24baires.com\/?p=35318","url_meta":{"origin":121590,"position":2},"title":"La irrupci\u00f3n de Sanz en el radicalismo bonaerense agita la interna","author":"Grupo Sierra","date":"17\/11\/2013","format":false,"excerpt":"El alfonsinismo se prepara para resistir el avance del senador nacional Ernesto Sanz en la UCR bonaerense, en medio de la crisis partidaria desatada tras el flojo desempe\u00f1o electoral y la fuga de dirigentes a las filas del Frente Renovador (FR), que lidera Sergio Massa. El plenario convocado por el\u2026","rel":"","context":"En \u00abPol\u00edtica\u00bb","block_context":{"text":"Pol\u00edtica","link":"https:\/\/www.24baires.com\/?cat=51"},"img":{"alt_text":"sanz ernesto","src":"https:\/\/i0.wp.com\/www.24baires.com\/wp-content\/uploads\/2013\/04\/sanz-ernesto-300x225.jpg?resize=350%2C200","width":350,"height":200},"classes":[]},{"id":47635,"url":"https:\/\/www.24baires.com\/?p=47635","url_meta":{"origin":121590,"position":3},"title":"Crece cada vez m\u00e1s la interna bonaerense de la UCR","author":"Grupo Sierra","date":"08\/06\/2014","format":false,"excerpt":"El 7 de septiembre la UCR bonaerense tendr\u00e1 una fuerte interna que puede tener consecuencias en el plano nacional. Ese d\u00eda se renovar\u00e1 la conducci\u00f3n partidaria, que hasta ahora viene siendo ejercida por el sector del diputado Ricardo Alfons\u00edn. En esta ocasi\u00f3n, una unificaci\u00f3n de opositores entre dirigentes que formaron\u2026","rel":"","context":"En \u00abElecciones 2015\u00bb","block_context":{"text":"Elecciones 2015","link":"https:\/\/www.24baires.com\/?cat=74"},"img":{"alt_text":"cobos sanz ucr","src":"https:\/\/i0.wp.com\/www.24baires.com\/wp-content\/uploads\/2014\/05\/cobos-sanz-ucr.jpg?resize=350%2C200","width":350,"height":200,"srcset":"https:\/\/i0.wp.com\/www.24baires.com\/wp-content\/uploads\/2014\/05\/cobos-sanz-ucr.jpg?resize=350%2C200 1x, https:\/\/i0.wp.com\/www.24baires.com\/wp-content\/uploads\/2014\/05\/cobos-sanz-ucr.jpg?resize=525%2C300 1.5x"},"classes":[]},{"id":107485,"url":"https:\/\/www.24baires.com\/?p=107485","url_meta":{"origin":121590,"position":4},"title":"Macri convoc\u00f3 a los radicales a reunirse en Casa Rosada de cara a las elecciones","author":"AF","date":"02\/04\/2019","format":false,"excerpt":"El Presidente cit\u00f3 a la plana mayor de la UCR para la pr\u00f3xima semana. Asistir\u00e1n los gobernadores Cornejo, Morales y Vald\u00e9s, entre otros. Fuentes del Comit\u00e9 Nacional desmintieron que les hayan ofrecido la candidatura a vicepresidente. Atravesado por la crisis econ\u00f3mica y necesitado de mostrar fortaleza y unidad en el\u2026","rel":"","context":"En \u00abPol\u00edtica\u00bb","block_context":{"text":"Pol\u00edtica","link":"https:\/\/www.24baires.com\/?cat=51"},"img":{"alt_text":"","src":"https:\/\/i0.wp.com\/www.24baires.com\/wp-content\/uploads\/2019\/04\/macri.jpg?resize=350%2C200","width":350,"height":200,"srcset":"https:\/\/i0.wp.com\/www.24baires.com\/wp-content\/uploads\/2019\/04\/macri.jpg?resize=350%2C200 1x, https:\/\/i0.wp.com\/www.24baires.com\/wp-content\/uploads\/2019\/04\/macri.jpg?resize=525%2C300 1.5x"},"classes":[]},{"id":23998,"url":"https:\/\/www.24baires.com\/?p=23998","url_meta":{"origin":121590,"position":5},"title":"Alfons\u00edn lanza su campa\u00f1a a Diputado Nacional por Buenos Aires en Capital Federal","author":"Grupo Sierra","date":"20\/05\/2013","format":false,"excerpt":"Ricardo Alfons\u00edn presentar\u00e1 el pr\u00f3ximo jueves su candidatura a diputado nacional por la provincia de Buenos Aires con un acto en la Federaci\u00f3n de Box de la Capital Federal, luego de que su competidor en la interna radical, Ernesto Sanz, lanzara su proyecto presidencial de cara a 2015. El encuentro\u2026","rel":"","context":"En \u00abPol\u00edtica\u00bb","block_context":{"text":"Pol\u00edtica","link":"https:\/\/www.24baires.com\/?cat=51"},"img":{"alt_text":"","src":"","width":0,"height":0},"classes":[]}],"jetpack_sharing_enabled":true,"jetpack_likes_enabled":true,"_links":{"self":[{"href":"https:\/\/www.24baires.com\/index.php?rest_route=\/wp\/v2\/posts\/121590","targetHints":{"allow":["GET"]}}],"collection":[{"href":"https:\/\/www.24baires.com\/index.php?rest_route=\/wp\/v2\/posts"}],"about":[{"href":"https:\/\/www.24baires.com\/index.php?rest_route=\/wp\/v2\/types\/post"}],"author":[{"embeddable":true,"href":"https:\/\/www.24baires.com\/index.php?rest_route=\/wp\/v2\/users\/8"}],"replies":[{"embeddable":true,"href":"https:\/\/www.24baires.com\/index.php?rest_route=%2Fwp%2Fv2%2Fcomments&post=121590"}],"version-history":[{"count":1,"href":"https:\/\/www.24baires.com\/index.php?rest_route=\/wp\/v2\/posts\/121590\/revisions"}],"predecessor-version":[{"id":121592,"href":"https:\/\/www.24baires.com\/index.php?rest_route=\/wp\/v2\/posts\/121590\/revisions\/121592"}],"wp:attachment":[{"href":"https:\/\/www.24baires.com\/index.php?rest_route=%2Fwp%2Fv2%2Fmedia&parent=121590"}],"wp:term":[{"taxonomy":"category","embeddable":true,"href":"https:\/\/www.24baires.com\/index.php?rest_route=%2Fwp%2Fv2%2Fcategories&post=121590"},{"taxonomy":"post_tag","embeddable":true,"href":"https:\/\/www.24baires.com\/index.php?rest_route=%2Fwp%2Fv2%2Ftags&post=121590"}],"curies":[{"name":"wp","href":"https:\/\/api.w.org\/{rel}","templated":true}]}}