{"id":121581,"date":"2024-08-28T06:34:31","date_gmt":"2024-08-28T09:34:31","guid":{"rendered":"https:\/\/www.24baires.com\/?p=121581"},"modified":"2024-08-28T06:34:31","modified_gmt":"2024-08-28T09:34:31","slug":"jubilados-marcharan-contra-el-veto-de-milei-a-la-reforma-previsional","status":"publish","type":"post","link":"https:\/\/www.24baires.com\/?p=121581","title":{"rendered":"Jubilados marchar\u00e1n contra el veto de Milei a la reforma previsional"},"content":{"rendered":"<p><img data-recalc-dims=\"1\" loading=\"lazy\" decoding=\"async\" class=\"aligncenter wp-image-121582\" src=\"https:\/\/i0.wp.com\/www.24baires.com\/wp-content\/uploads\/2024\/08\/jubilados-milei.webp?resize=720%2C480\" alt=\"\" width=\"720\" height=\"480\" \/>Decenas de organizaciones de trabajadores jubilados resolvieron movilizarse ma\u00f1ana hacia la Plaza de Mayo para repudiar la posible derogaci\u00f3n del Presidente al proyecto que actualiza los haberes jubilatorios al \u00edndice mensual de inflaci\u00f3n.<!--more--><\/p>\n<p>Frente a la respuesta del presidente Javier Milei al resultado positivo del Senado a la reforma jubilatoria, anticipando que vetar\u00e1 la sanci\u00f3n del proyecto que busca actualizar los haberes al \u00cdndice de Precios al Consumidor (IPC), organizaciones de trabajadores retirados decidieron manifestar su repudio manifest\u00e1ndose este mi\u00e9rcoles 28 de agosto desde el Congreso nacional hasta la Plaza de Mayo.<\/p>\n<p>\u00abEl aumento al que se opone el gobierno es muy peque\u00f1o, son 17 mil pesos que no resuelven los problemas que tenemos los jubilados; a\u00fan as\u00ed, tenemos que evitar que sea vetado\u00bb indicaron desde la Mesa Coordinadora Nacional de Organizaciones de Jubilados y Pensionados de la Rep\u00fablica Argentina. La movilizaci\u00f3n fue definida durante un plenario que congreg\u00f3 a treinta organizaciones.<\/p>\n<p>La Uni\u00f3n de Trabajadores Jubilados en Lucha (UTJEL), por su parte, remarc\u00f3 que la consigna de la marcha ser\u00e1 \u00abno al veto\u00bb y coincidi\u00f3 en que, aunque la propuesta legislativa \u00abno sea la mejor\u00bb, intentar\u00e1n defenderla frente a la amenaza de anularla comunicada desde la c\u00fapula del Estado nacional.<\/p>\n<p>\u00abPretendemos que el valor del haber m\u00ednimo sea igual al de la canasta del adulto mayor, indexado mensualmente, y que hoy en d\u00eda est\u00e1 calculada en 900 mil pesos. Esta ley contempla una canasta de 370 mil, es decir, s\u00f3lo para alimentos, no contempla todo lo dem\u00e1s como el aseo personal, el de la casa, la ropa y los remedios. Y se\u00f1alo los remedios porque el PAMI est\u00e1 cambiando el Vadem\u00e9cum; estaba dando cinco remedios al 100% y ya baj\u00f3 a cuatro, dejando por fuera a los m\u00e1s caros, que son los del coraz\u00f3n, para hipertensos y para la circulaci\u00f3n arterial, que valen alrededor de 80mil\u00bb sostuvo Ana Valverde, que encabeza la UTJEL.<\/p>\n<p>La manifestaci\u00f3n iniciar\u00e1 a las 15 horas en la sede parlamentaria y avanzar\u00e1 hasta la Plaza de Mayo \u00abcaminando como podamos, porque a algunos les cuesta. Hay jubiladas o jubilados que usan bast\u00f3n, muletas o andador, y aunque est\u00e1 el protocolo de la ministra [Patricia] Bullrich, que trata de aplicarlo a todo el mundo, pretendemos marchar. Y si no, caminaremos por la vereda\u00bb seg\u00fan expres\u00f3 Valerde.<\/p>\n<p>Las organizaciones que participar\u00e1n son el Encuentro de Jubilados y Asambleas Barriales, Jubilados del Frente Grande, Jubilados Independientes, Plenario de Trabajadores Jubilados, UJEL, Jubilados en Lucha, Uni\u00f3n de Trabajadores Jubilados en Lucha, Confederaci\u00f3n de Jubilados de la Rep\u00fablica Argentina, Jubilados Clasistas, Agrupaci\u00f2n Germ\u00e1n Abdala Ate Capital, MJL Conat, Jubilados de Izquierda, Jubilados Insurgentes y la Mesa Coordinadora Nacional de Organizaciones de Jubilados y Pensionados de la Argentina.<\/p>\n<p>\u00abEl Gobierno va desfinanciando las jubilaciones. Est\u00e1 disminuyendo los aportes previsionales, sacan el impuesto al d\u00f3lar PAIS, que en un 60 por ciento iba a ANSES y en otro 10 por ciento a PAMI, mientras la m\u00ednima hoy cubre apenas un tercio de la canasta de pobreza\u00bb enfatizaron desde la Mesa Coordinadora<\/p>\n","protected":false},"excerpt":{"rendered":"<p>Decenas de organizaciones de trabajadores jubilados resolvieron movilizarse ma\u00f1ana hacia la Plaza de Mayo para repudiar la posible derogaci\u00f3n del Presidente al proyecto que actualiza los haberes jubilatorios al \u00edndice mensual de inflaci\u00f3n.<\/p>\n","protected":false},"author":8,"featured_media":0,"comment_status":"closed","ping_status":"closed","sticky":false,"template":"","format":"standard","meta":{"_jetpack_newsletter_access":"","_jetpack_dont_email_post_to_subs":false,"_jetpack_newsletter_tier_id":0,"_jetpack_memberships_contains_paywalled_content":false,"_jetpack_memberships_contains_paid_content":false,"footnotes":""},"categories":[1],"tags":[],"class_list":["post-121581","post","type-post","status-publish","format-standard","hentry","category-sociedad"],"jetpack_featured_media_url":"","jetpack_shortlink":"https:\/\/wp.me\/p2JWE0-vCZ","jetpack-related-posts":[{"id":121424,"url":"https:\/\/www.24baires.com\/?p=121424","url_meta":{"origin":121581,"position":0},"title":"Milei anunci\u00f3 que renunciar\u00e1 a su jubilaci\u00f3n de privilegio y volvi\u00f3 a hablar de vetar la ley jubilatoria","author":"GB","date":"06\/06\/2024","format":false,"excerpt":"A trav\u00e9s de un extenso comunicado, el Presidente lanz\u00f3 misiles contra los legisladores de la C\u00e1mara de Diputados y la de Senadores. La C\u00e1mara de Diputados dio media sanci\u00f3n a la nueva ley de movilidad jubilatoria, lo que no tard\u00f3 en desatar la furia de Javier Milei, quien asegur\u00f3 que,\u2026","rel":"","context":"En \u00abPol\u00edtica\u00bb","block_context":{"text":"Pol\u00edtica","link":"https:\/\/www.24baires.com\/?cat=51"},"img":{"alt_text":"","src":"https:\/\/i0.wp.com\/www.24baires.com\/wp-content\/uploads\/2024\/03\/milei-serio.webp?resize=350%2C200","width":350,"height":200,"srcset":"https:\/\/i0.wp.com\/www.24baires.com\/wp-content\/uploads\/2024\/03\/milei-serio.webp?resize=350%2C200 1x, https:\/\/i0.wp.com\/www.24baires.com\/wp-content\/uploads\/2024\/03\/milei-serio.webp?resize=525%2C300 1.5x, https:\/\/i0.wp.com\/www.24baires.com\/wp-content\/uploads\/2024\/03\/milei-serio.webp?resize=700%2C400 2x"},"classes":[]},{"id":122332,"url":"https:\/\/www.24baires.com\/?p=122332","url_meta":{"origin":121581,"position":1},"title":"Diputados aprob\u00f3 el aumento a jubilaciones, pero el Gobierno ya anunci\u00f3 que lo vetar\u00e1","author":"GB","date":"05\/06\/2025","format":false,"excerpt":"La oposici\u00f3n logr\u00f3 aprobar el aumento a jubilados, pero el Gobierno ya anunci\u00f3 que vetar\u00e1 la ley por su alto costo fiscal. Tras una marat\u00f3nica sesi\u00f3n de ocho horas y en medio de tensos cruces entre el oficialismo y la oposici\u00f3n, la C\u00e1mara de Diputados aprob\u00f3 este mi\u00e9rcoles el proyecto\u2026","rel":"","context":"En \u00abPol\u00edtica\u00bb","block_context":{"text":"Pol\u00edtica","link":"https:\/\/www.24baires.com\/?cat=51"},"img":{"alt_text":"","src":"https:\/\/i0.wp.com\/www.24baires.com\/wp-content\/uploads\/2024\/02\/WhatsApp-Image-2024-02-06-at-22.13.09.jpeg?resize=350%2C200","width":350,"height":200,"srcset":"https:\/\/i0.wp.com\/www.24baires.com\/wp-content\/uploads\/2024\/02\/WhatsApp-Image-2024-02-06-at-22.13.09.jpeg?resize=350%2C200 1x, https:\/\/i0.wp.com\/www.24baires.com\/wp-content\/uploads\/2024\/02\/WhatsApp-Image-2024-02-06-at-22.13.09.jpeg?resize=525%2C300 1.5x, https:\/\/i0.wp.com\/www.24baires.com\/wp-content\/uploads\/2024\/02\/WhatsApp-Image-2024-02-06-at-22.13.09.jpeg?resize=700%2C400 2x"},"classes":[]},{"id":120750,"url":"https:\/\/www.24baires.com\/?p=120750","url_meta":{"origin":121581,"position":2},"title":"El Gobierno buscar\u00e1 cambiar la ley de movilidad jubilatoria","author":"GB","date":"13\/12\/2023","format":false,"excerpt":"El Gobierno buscar\u00e1 modificar la ley de movilidad jubilatoria, que actualmente ajusta los haberes de forma trimestral, y mientras tanto definir\u00e1 aumentos por decreto. En el marco del plan de medidas econ\u00f3micas anunciadas el martes por la tarde por el ministro de Econom\u00eda, Luis Caputo, el Gobierno de Javier Milei\u2026","rel":"","context":"En \u00abEconom\u00eda\u00bb","block_context":{"text":"Econom\u00eda","link":"https:\/\/www.24baires.com\/?cat=45"},"img":{"alt_text":"","src":"https:\/\/i0.wp.com\/www.24baires.com\/wp-content\/uploads\/2017\/12\/jubilados.jpg?resize=350%2C200","width":350,"height":200,"srcset":"https:\/\/i0.wp.com\/www.24baires.com\/wp-content\/uploads\/2017\/12\/jubilados.jpg?resize=350%2C200 1x, https:\/\/i0.wp.com\/www.24baires.com\/wp-content\/uploads\/2017\/12\/jubilados.jpg?resize=525%2C300 1.5x, https:\/\/i0.wp.com\/www.24baires.com\/wp-content\/uploads\/2017\/12\/jubilados.jpg?resize=700%2C400 2x"},"classes":[]},{"id":121708,"url":"https:\/\/www.24baires.com\/?p=121708","url_meta":{"origin":121581,"position":3},"title":"Finalmente, Milei vet\u00f3 la Ley de Presupuesto Universitario","author":"GB","date":"03\/10\/2024","format":false,"excerpt":"Luego de que el Jefe de Estado ratificara su decisi\u00f3n este jueves por la madrugada a trav\u00e9s del Bolet\u00edn Oficial, diferentes bloques aceleraron las negociaciones para sumar voluntades y llevar el debate al recinto buscando revertir la situaci\u00f3n. Con el veto a la restituci\u00f3n de haberes para jubilados la oposici\u00f3n\u2026","rel":"","context":"En \u00abPol\u00edtica\u00bb","block_context":{"text":"Pol\u00edtica","link":"https:\/\/www.24baires.com\/?cat=51"},"img":{"alt_text":"","src":"https:\/\/i0.wp.com\/www.24baires.com\/wp-content\/uploads\/2024\/10\/marcha.png?resize=350%2C200","width":350,"height":200,"srcset":"https:\/\/i0.wp.com\/www.24baires.com\/wp-content\/uploads\/2024\/10\/marcha.png?resize=350%2C200 1x, https:\/\/i0.wp.com\/www.24baires.com\/wp-content\/uploads\/2024\/10\/marcha.png?resize=525%2C300 1.5x, https:\/\/i0.wp.com\/www.24baires.com\/wp-content\/uploads\/2024\/10\/marcha.png?resize=700%2C400 2x"},"classes":[]},{"id":121645,"url":"https:\/\/www.24baires.com\/?p=121645","url_meta":{"origin":121581,"position":4},"title":"Veto a la movilidad jubilatoria: qu\u00e9 diputados cambiaron su voto","author":"GB","date":"12\/09\/2024","format":false,"excerpt":"El presidente Javier Milei logr\u00f3 ratificar el veto al aumento a las jubilaciones. En esta nota, qui\u00e9nes son los legisladores que cambiaron su voto y se alinearon con el ajuste del libertario. La C\u00e1mara de Diputados no alcanz\u00f3 los dos tercios de los votos para convalidar la ley de movilidad\u2026","rel":"","context":"En \u00abPol\u00edtica\u00bb","block_context":{"text":"Pol\u00edtica","link":"https:\/\/www.24baires.com\/?cat=51"},"img":{"alt_text":"","src":"https:\/\/i0.wp.com\/www.24baires.com\/wp-content\/uploads\/2024\/09\/diputados.webp?resize=350%2C200","width":350,"height":200,"srcset":"https:\/\/i0.wp.com\/www.24baires.com\/wp-content\/uploads\/2024\/09\/diputados.webp?resize=350%2C200 1x, https:\/\/i0.wp.com\/www.24baires.com\/wp-content\/uploads\/2024\/09\/diputados.webp?resize=525%2C300 1.5x, https:\/\/i0.wp.com\/www.24baires.com\/wp-content\/uploads\/2024\/09\/diputados.webp?resize=700%2C400 2x"},"classes":[]},{"id":121648,"url":"https:\/\/www.24baires.com\/?p=121648","url_meta":{"origin":121581,"position":5},"title":"Cacerolazos en Chivilcoy: \u00abPor el veto, por el presupuesto de las universidades y por la educaci\u00f3n p\u00fablica\u00bb","author":"GB","date":"12\/09\/2024","format":false,"excerpt":"La convocatoria fue realizada por diferentes organizaciones sociales. Desde las 19.00 concentran en la Plaza Principal. \u201cEl 11\/9 \u00a1Ruidazo y movilizaci\u00f3n!\u201d reza el t\u00edtulo de la convocatoria a la que llamaron diferentes organizaciones gremiales, pol\u00edticas y sociales en repudio al veto del gobierno de Javier Milei a la ley de\u2026","rel":"","context":"En \u00abMunicipios\u00bb","block_context":{"text":"Municipios","link":"https:\/\/www.24baires.com\/?cat=44"},"img":{"alt_text":"","src":"https:\/\/i0.wp.com\/www.24baires.com\/wp-content\/uploads\/2024\/09\/foto_de_archivo_la_razon_de_chivilcoy.jpeg?resize=350%2C200","width":350,"height":200,"srcset":"https:\/\/i0.wp.com\/www.24baires.com\/wp-content\/uploads\/2024\/09\/foto_de_archivo_la_razon_de_chivilcoy.jpeg?resize=350%2C200 1x, https:\/\/i0.wp.com\/www.24baires.com\/wp-content\/uploads\/2024\/09\/foto_de_archivo_la_razon_de_chivilcoy.jpeg?resize=525%2C300 1.5x, https:\/\/i0.wp.com\/www.24baires.com\/wp-content\/uploads\/2024\/09\/foto_de_archivo_la_razon_de_chivilcoy.jpeg?resize=700%2C400 2x"},"classes":[]}],"jetpack_sharing_enabled":true,"jetpack_likes_enabled":true,"_links":{"self":[{"href":"https:\/\/www.24baires.com\/index.php?rest_route=\/wp\/v2\/posts\/121581","targetHints":{"allow":["GET"]}}],"collection":[{"href":"https:\/\/www.24baires.com\/index.php?rest_route=\/wp\/v2\/posts"}],"about":[{"href":"https:\/\/www.24baires.com\/index.php?rest_route=\/wp\/v2\/types\/post"}],"author":[{"embeddable":true,"href":"https:\/\/www.24baires.com\/index.php?rest_route=\/wp\/v2\/users\/8"}],"replies":[{"embeddable":true,"href":"https:\/\/www.24baires.com\/index.php?rest_route=%2Fwp%2Fv2%2Fcomments&post=121581"}],"version-history":[{"count":1,"href":"https:\/\/www.24baires.com\/index.php?rest_route=\/wp\/v2\/posts\/121581\/revisions"}],"predecessor-version":[{"id":121583,"href":"https:\/\/www.24baires.com\/index.php?rest_route=\/wp\/v2\/posts\/121581\/revisions\/121583"}],"wp:attachment":[{"href":"https:\/\/www.24baires.com\/index.php?rest_route=%2Fwp%2Fv2%2Fmedia&parent=121581"}],"wp:term":[{"taxonomy":"category","embeddable":true,"href":"https:\/\/www.24baires.com\/index.php?rest_route=%2Fwp%2Fv2%2Fcategories&post=121581"},{"taxonomy":"post_tag","embeddable":true,"href":"https:\/\/www.24baires.com\/index.php?rest_route=%2Fwp%2Fv2%2Ftags&post=121581"}],"curies":[{"name":"wp","href":"https:\/\/api.w.org\/{rel}","templated":true}]}}