{"id":121575,"date":"2024-08-26T06:34:10","date_gmt":"2024-08-26T09:34:10","guid":{"rendered":"https:\/\/www.24baires.com\/?p=121575"},"modified":"2024-08-26T06:34:10","modified_gmt":"2024-08-26T09:34:10","slug":"confirman-el-primer-caso-autoctono-de-viruela-de-mono-es-bonaerense","status":"publish","type":"post","link":"https:\/\/www.24baires.com\/?p=121575","title":{"rendered":"Confirman el primer caso aut\u00f3ctono de viruela de mono es bonaerense"},"content":{"rendered":"<p><img data-recalc-dims=\"1\" loading=\"lazy\" decoding=\"async\" class=\"aligncenter wp-image-121576\" src=\"https:\/\/i0.wp.com\/www.24baires.com\/wp-content\/uploads\/2024\/08\/viruela-del-mono.jpg.webp?resize=720%2C405\" alt=\"\" width=\"720\" height=\"405\" \/>Se trata de un paciente de 22 a\u00f1os que encendi\u00f3 las alarmas sanitarias de toda la regi\u00f3n, para identificar las v\u00edas de contacto.<!--more--><\/p>\n<p>En las \u00faltimas horas se confirm\u00f3 el primer caso aut\u00f3ctono de viruela del mono, detectado en la localidad bonaerense de San Isidro, lo que encendi\u00f3 las alertas sanitarias en toda la regi\u00f3n, ya que por primera vez desde que la Organizaci\u00f3n Mundial de la Salud (OMS) declar\u00f3 la emergencia internacional por el brote de esta enfermedad, se detect\u00f3 un caso que no tiene relaci\u00f3n con viejas al continente africano.<\/p>\n<p>El paciente es un joven de 22 a\u00f1os que no tiene antecedentes de viaje reciente a zonas end\u00e9micas ni contacto con personas que hayan estado en dichas \u00e1reas, lo que indica que la transmisi\u00f3n del virus se produjo dentro del territorio argentino. El diagn\u00f3stico fue realizado en el Hospital de Boulogne, donde el paciente acudi\u00f3 presentando fiebre, erupciones cut\u00e1neas y dolor muscular, s\u00edntomas compatibles con la viruela del mono. Las muestras enviadas al Instituto Malbr\u00e1n confirmaron la presencia del virus mpox, clado IIb, en menos de 24 horas.<\/p>\n<p>Este es el primer caso de transmisi\u00f3n local, un hecho que ha encendido las alarmas entre las autoridades sanitarias. Hasta ahora, todos los casos reportados en el pa\u00eds estaban asociados con personas que hab\u00edan viajado al extranjero o mantenido contacto con viajeros infectados. Desde que se detect\u00f3 el primer caso en mayo de 2022, Argentina ha registrado un total de 1.158 casos de viruela del mono, con dos fallecidos. Este nuevo caso en San Isidro eleva a diez el n\u00famero de contagios registrados en 2024.<\/p>\n<p>El paciente se encuentra actualmente en aislamiento en su domicilio, y permanecer\u00e1 bajo cuarentena hasta que las lesiones cut\u00e1neas caracter\u00edsticas de la enfermedad se curen por completo, un proceso que podr\u00eda durar varias semanas. Mientras tanto, las autoridades sanitarias han iniciado una investigaci\u00f3n epidemiol\u00f3gica exhaustiva para identificar y controlar posibles contactos cercanos del paciente, con el objetivo de contener cualquier propagaci\u00f3n adicional del virus.<\/p>\n","protected":false},"excerpt":{"rendered":"<p>Se trata de un paciente de 22 a\u00f1os que encendi\u00f3 las alarmas sanitarias de toda la regi\u00f3n, para identificar las v\u00edas de contacto.<\/p>\n","protected":false},"author":8,"featured_media":0,"comment_status":"closed","ping_status":"closed","sticky":false,"template":"","format":"standard","meta":{"_jetpack_newsletter_access":"","_jetpack_dont_email_post_to_subs":false,"_jetpack_newsletter_tier_id":0,"_jetpack_memberships_contains_paywalled_content":false,"_jetpack_memberships_contains_paid_content":false,"footnotes":""},"categories":[40],"tags":[],"class_list":["post-121575","post","type-post","status-publish","format-standard","hentry","category-provincia"],"jetpack_featured_media_url":"","jetpack_shortlink":"https:\/\/wp.me\/p2JWE0-vCT","jetpack-related-posts":[{"id":19130,"url":"https:\/\/www.24baires.com\/?p=19130","url_meta":{"origin":121575,"position":0},"title":"Detectan un caso de dengue en el Conurbano y piden extremar precauciones","author":"AF","date":"23\/03\/2013","format":false,"excerpt":"La afectada es una joven de 20 a\u00f1os, sin antecedentes de viaje a los pa\u00edses lim\u00edtrofes en los que se registran brotes. La paciente vive en el partido de Almirante Brown ya super\u00f3 la etapa sintom\u00e1tica de la enfermedad y evoluciona favorablemente. El Ministerio de Salud bonaerense inform\u00f3 que se\u2026","rel":"","context":"En \u00abProvincia\u00bb","block_context":{"text":"Provincia","link":"https:\/\/www.24baires.com\/?cat=40"},"img":{"alt_text":"aedes","src":"https:\/\/i0.wp.com\/www.24baires.com\/wp-content\/uploads\/2013\/03\/aedes-300x225.jpg?resize=350%2C200","width":350,"height":200},"classes":[]},{"id":91492,"url":"https:\/\/www.24baires.com\/?p=91492","url_meta":{"origin":121575,"position":1},"title":"La Plata: analizan 15 posibles casos de dengue","author":"AF","date":"10\/01\/2017","format":false,"excerpt":"El secretario de Salud de La Plata, Alfredo Luchessi, precis\u00f3 hoy que en ese municipio se estudian a algunos pacientes, pero aclar\u00f3 que \"ninguno est\u00e1 a\u00fan confirmado\". Seg\u00fan confirm\u00f3 el secretario de Salud de La Plata Alfredo Luchessi en declaraciones a T\u00e9lam, en la capital bonaerense \"se estudian 15 posibles\u2026","rel":"","context":"En \u00abLocales\u00bb","block_context":{"text":"Locales","link":"https:\/\/www.24baires.com\/?cat=38"},"img":{"alt_text":"","src":"https:\/\/i0.wp.com\/www.24baires.com\/wp-content\/uploads\/2014\/08\/mosquito-del-dengue.jpg?resize=350%2C200","width":350,"height":200,"srcset":"https:\/\/i0.wp.com\/www.24baires.com\/wp-content\/uploads\/2014\/08\/mosquito-del-dengue.jpg?resize=350%2C200 1x, https:\/\/i0.wp.com\/www.24baires.com\/wp-content\/uploads\/2014\/08\/mosquito-del-dengue.jpg?resize=525%2C300 1.5x"},"classes":[]},{"id":26522,"url":"https:\/\/www.24baires.com\/?p=26522","url_meta":{"origin":121575,"position":2},"title":"Confirman quince casos de Gripe A en Tres Arroyos","author":"AF","date":"21\/06\/2013","format":false,"excerpt":"Al menos 15 casos de gripe A fueron detectados y confirmados por autoridades sanitarias en el partido bonaerense de Tres Arroyos, de acuerdo a datos de un estudio epidemiol\u00f3gico local. La directora t\u00e9cnica del Hospital Pirovano de Tres Arroyos, M\u00f3nica Capellari, sostuvo que los casos fueron detectados a trav\u00e9s del\u2026","rel":"","context":"En \u00abLocales\u00bb","block_context":{"text":"Locales","link":"https:\/\/www.24baires.com\/?cat=38"},"img":{"alt_text":"","src":"","width":0,"height":0},"classes":[]},{"id":77845,"url":"https:\/\/www.24baires.com\/?p=77845","url_meta":{"origin":121575,"position":3},"title":"Analizan cinco casos sospechosos de dengue en Esteban Echeverr\u00eda","author":"GB","date":"19\/01\/2016","format":false,"excerpt":"Si bien a\u00fan no fueron confirmados, el secretario de Salud local, Andr\u00e9s Burke Viale, ratific\u00f3 que est\u00e1n en estudio y que ser\u00edan todos \u201cimportados, especialmente del noreste argentino\". El alerta se encendi\u00f3 la semana pasada, cuando las autoridades sanitarias locales hab\u00edan ratificado la existencia de cinco casos en Almirante Brown\u2026","rel":"","context":"En \u00abSociedad\u00bb","block_context":{"text":"Sociedad","link":"https:\/\/www.24baires.com\/?cat=1"},"img":{"alt_text":"dengue","src":"https:\/\/i0.wp.com\/www.24baires.com\/wp-content\/uploads\/2015\/05\/dengue.jpg?resize=350%2C200","width":350,"height":200,"srcset":"https:\/\/i0.wp.com\/www.24baires.com\/wp-content\/uploads\/2015\/05\/dengue.jpg?resize=350%2C200 1x, https:\/\/i0.wp.com\/www.24baires.com\/wp-content\/uploads\/2015\/05\/dengue.jpg?resize=525%2C300 1.5x"},"classes":[]},{"id":119873,"url":"https:\/\/www.24baires.com\/?p=119873","url_meta":{"origin":121575,"position":4},"title":"La muerte de 20 mil pollos encendi\u00f3 las alarmas en Mar del Plata","author":"GB","date":"09\/03\/2023","format":false,"excerpt":"La gripe aviar lleg\u00f3 a un criadero de Mar del Plata e hizo estragos. Hoy habr\u00e1 una reuni\u00f3n entre autoridades sanitarias y productores avance de la gripe aviar en Argentina est\u00e1 comenzando a generar escenas escalofriantes. Esta semana, el Servicio Nacional de Sanidad y Calidad Agroalimentaria (SENASA) confirm\u00f3 la muerte\u2026","rel":"","context":"En \u00abMunicipios\u00bb","block_context":{"text":"Municipios","link":"https:\/\/www.24baires.com\/?cat=44"},"img":{"alt_text":"","src":"https:\/\/i0.wp.com\/www.24baires.com\/wp-content\/uploads\/2023\/03\/pollos-gripe-aviar-criadero-najpg.jpg?resize=350%2C200","width":350,"height":200,"srcset":"https:\/\/i0.wp.com\/www.24baires.com\/wp-content\/uploads\/2023\/03\/pollos-gripe-aviar-criadero-najpg.jpg?resize=350%2C200 1x, https:\/\/i0.wp.com\/www.24baires.com\/wp-content\/uploads\/2023\/03\/pollos-gripe-aviar-criadero-najpg.jpg?resize=525%2C300 1.5x, https:\/\/i0.wp.com\/www.24baires.com\/wp-content\/uploads\/2023\/03\/pollos-gripe-aviar-criadero-najpg.jpg?resize=700%2C400 2x"},"classes":[]},{"id":115420,"url":"https:\/\/www.24baires.com\/?p=115420","url_meta":{"origin":121575,"position":5},"title":"Pacientes de coronavirus del AMBA podr\u00edan ser internados en el interior de la Provincia","author":"AF","date":"22\/06\/2020","format":false,"excerpt":"As\u00ed lo explic\u00f3 el intendente de Bah\u00eda Blanca ante una eventual saturaci\u00f3n del sistema sanitario en el AMBA. El intendente del partido bonaerense de Bah\u00eda Blanca, H\u00e9ctor Gay, no descart\u00f3 este lunes que pacientes contagiados de coronavirus Covbid-19 en el \u00c1rea Metropolitana de Buenos Aires (AMBA) sean trasladados a centros\u2026","rel":"","context":"En \u00abLocales\u00bb","block_context":{"text":"Locales","link":"https:\/\/www.24baires.com\/?cat=38"},"img":{"alt_text":"","src":"https:\/\/i0.wp.com\/www.24baires.com\/wp-content\/uploads\/2013\/07\/barbijos.jpg?resize=350%2C200","width":350,"height":200,"srcset":"https:\/\/i0.wp.com\/www.24baires.com\/wp-content\/uploads\/2013\/07\/barbijos.jpg?resize=350%2C200 1x, https:\/\/i0.wp.com\/www.24baires.com\/wp-content\/uploads\/2013\/07\/barbijos.jpg?resize=525%2C300 1.5x"},"classes":[]}],"jetpack_sharing_enabled":true,"jetpack_likes_enabled":true,"_links":{"self":[{"href":"https:\/\/www.24baires.com\/index.php?rest_route=\/wp\/v2\/posts\/121575","targetHints":{"allow":["GET"]}}],"collection":[{"href":"https:\/\/www.24baires.com\/index.php?rest_route=\/wp\/v2\/posts"}],"about":[{"href":"https:\/\/www.24baires.com\/index.php?rest_route=\/wp\/v2\/types\/post"}],"author":[{"embeddable":true,"href":"https:\/\/www.24baires.com\/index.php?rest_route=\/wp\/v2\/users\/8"}],"replies":[{"embeddable":true,"href":"https:\/\/www.24baires.com\/index.php?rest_route=%2Fwp%2Fv2%2Fcomments&post=121575"}],"version-history":[{"count":1,"href":"https:\/\/www.24baires.com\/index.php?rest_route=\/wp\/v2\/posts\/121575\/revisions"}],"predecessor-version":[{"id":121577,"href":"https:\/\/www.24baires.com\/index.php?rest_route=\/wp\/v2\/posts\/121575\/revisions\/121577"}],"wp:attachment":[{"href":"https:\/\/www.24baires.com\/index.php?rest_route=%2Fwp%2Fv2%2Fmedia&parent=121575"}],"wp:term":[{"taxonomy":"category","embeddable":true,"href":"https:\/\/www.24baires.com\/index.php?rest_route=%2Fwp%2Fv2%2Fcategories&post=121575"},{"taxonomy":"post_tag","embeddable":true,"href":"https:\/\/www.24baires.com\/index.php?rest_route=%2Fwp%2Fv2%2Ftags&post=121575"}],"curies":[{"name":"wp","href":"https:\/\/api.w.org\/{rel}","templated":true}]}}