{"id":121560,"date":"2024-08-20T07:27:10","date_gmt":"2024-08-20T10:27:10","guid":{"rendered":"https:\/\/www.24baires.com\/?p=121560"},"modified":"2024-08-20T07:27:10","modified_gmt":"2024-08-20T10:27:10","slug":"kicillof-desmiente-la-acusacion-sobre-crear-una-junta-de-granos","status":"publish","type":"post","link":"https:\/\/www.24baires.com\/?p=121560","title":{"rendered":"Kicillof desmiente la acusaci\u00f3n sobre crear una Junta de Granos"},"content":{"rendered":"<p><img data-recalc-dims=\"1\" loading=\"lazy\" decoding=\"async\" class=\"aligncenter wp-image-119124\" src=\"https:\/\/i0.wp.com\/www.24baires.com\/wp-content\/uploads\/2022\/07\/kicillof.jpg?resize=720%2C480\" alt=\"\" width=\"720\" height=\"480\" srcset=\"https:\/\/i0.wp.com\/www.24baires.com\/wp-content\/uploads\/2022\/07\/kicillof.jpg?w=960&amp;ssl=1 960w, https:\/\/i0.wp.com\/www.24baires.com\/wp-content\/uploads\/2022\/07\/kicillof.jpg?resize=300%2C200&amp;ssl=1 300w, https:\/\/i0.wp.com\/www.24baires.com\/wp-content\/uploads\/2022\/07\/kicillof.jpg?resize=768%2C512&amp;ssl=1 768w\" sizes=\"auto, (max-width: 720px) 100vw, 720px\" \/>El gobernador neg\u00f3 que, desde Provincia, se quiera avanzar con una Junta Provincial de Granos para retener las ganancias de los productores rurales, como indicaron entidades del campo ante la licitaci\u00f3n de la terminal del Puerto Quequ\u00e9n.<!--more--><\/p>\n<p>El gobernador bonaerense, Axel Kicillof, neg\u00f3 la acusaci\u00f3n de entidades rurales sobre un intento de intromisi\u00f3n de Provincia en las ganacias de los rurales mediante la licitaci\u00f3n de la terminal del Puerto Quequ\u00e9n, cuya pr\u00f3rroga para seguir operando se encuentra pr\u00f3xima a expirar.<\/p>\n<p>Lo denunciado por productores, entidades gremiales y c\u00e1maras empresariales surgi\u00f3 a ra\u00edz del vencimiento de la concesi\u00f3n del principal operador de granos para la carga de buques y la decisi\u00f3n del Gobierno provincial de no renovar su licencia operativa, bajo el prop\u00f3sito de ponerle fin al sistema de pr\u00f3rrogas y abrir un nuevo contrato por 30 a\u00f1os. La sociedad an\u00f3nima que gestiona la terminal lleva en esa actividad 30 a\u00f1os y tres meses.<\/p>\n<p>Las sociedades rurales del sudeste bonaerense consideraron esta postura como una \u00abintenci\u00f3n de entrometerse en la cadena sin un objetivo claro\u00bb y acusaron al Gobernador de querer \u00abcomercializar granos, bajo una figura que se parece a una \u2018Junta Provincial de Granos\u2019: un instrumento que la historia demuestra lo nocivo que podr\u00eda ser para la actividad\u00bb.<\/p>\n<p>\u00abAh\u00ed hay un elevador de granos y se est\u00e1 venciendo la concesi\u00f3n. Y la verdad es que los puertos tienen una manera de funcionamiento que es a trav\u00e9s de una articulaci\u00f3n de consorcios entre lo p\u00fablico y lo privado, en realidad m\u00e1s privado que p\u00fablico\u00bb explic\u00f3 Kicillof. Respecto del comunicado emitido por el campo, se\u00f1al\u00f3 que \u00abest\u00e1n tratando de agitar fantasmas\u00bb.<\/p>\n<p>\u00abNo tiene que ver con una empresa estatal, sino con plantear la posibilidad de que, con anticipaci\u00f3n y pagando los servicios, el Estado pueda utilizar ese elevador, porque hoy lo ten\u00eda negado\u00bb aclar\u00f3. El consorcio, seg\u00fan sostuvo, \u00abfue p\u00fablico mucho tiempo y luego pas\u00f3 a gesti\u00f3n privada cuando se privatizaron todas las pertenencias portuarias\u00bb.<\/p>\n<p>La pol\u00e9mica se nutri\u00f3 de las declaraciones del ministro de Gobierno, Carlos Bianco, quien d\u00edas atr\u00e1s mencion\u00f3 que buscan disponer una reserva estatal tras el llamado a licitar. \u00abAxel Kicillof pide tener una reserva del 30% de los granos en acopio y la Provincia mediar\u00eda en la compra de esos granos\u00bb indic\u00f3. Los productores pidieron la intervenci\u00f3n de la Confederaci\u00f3n de Asociaciones Rurales de Buenos Aires y La Pampa (CARBAP) y de la Bolsa de Cereales de Buenos Aires y su C\u00e1mara Arbitral, el Centro de Acopiadores de Quequ\u00e9n frente a lo que consideraron una mediaci\u00f3n codiciosa.<\/p>\n<p>En este sentido, Kicillof afirm\u00f3 que \u00abson los intermediadores de la cadena comercial los que se quedan con los beneficios\u00bb, redirigiendo la responsabilidad hacia los sectores de la exportaci\u00f3n y descarrt\u00f3 querer afectar al \u00abeslab\u00f3n m\u00e1s d\u00e9bil de la cadena, que siempre termina siendo el productor, el que realmente labura\u00bb.<\/p>\n","protected":false},"excerpt":{"rendered":"<p>El gobernador neg\u00f3 que, desde Provincia, se quiera avanzar con una Junta Provincial de Granos para retener las ganancias de los productores rurales, como indicaron entidades del campo ante la licitaci\u00f3n de la terminal del Puerto Quequ\u00e9n.<\/p>\n","protected":false},"author":8,"featured_media":0,"comment_status":"closed","ping_status":"closed","sticky":false,"template":"","format":"standard","meta":{"_jetpack_newsletter_access":"","_jetpack_dont_email_post_to_subs":false,"_jetpack_newsletter_tier_id":0,"_jetpack_memberships_contains_paywalled_content":false,"_jetpack_memberships_contains_paid_content":false,"footnotes":""},"categories":[40],"tags":[],"class_list":["post-121560","post","type-post","status-publish","format-standard","hentry","category-provincia"],"jetpack_featured_media_url":"","jetpack_shortlink":"https:\/\/wp.me\/p2JWE0-vCE","jetpack-related-posts":[{"id":114330,"url":"https:\/\/www.24baires.com\/?p=114330","url_meta":{"origin":121560,"position":0},"title":"Kicillof se refiri\u00f3 al paro de la Mesa de Enlace: \u201cHa sido una actitud que no logro comprender\u201d","author":"AF","date":"06\/03\/2020","format":false,"excerpt":"\u201cBuenos Aires es una provincia productiva y necesitamos que el sector trabaje\u201d, sostuvo el mandatario bonaerense. Tras el cierre del Operativo Sol, el gobernador Axel Kicillof se refiri\u00f3 a la medida de fuerza que anunci\u00f3 la Mesa de Enlace con cuatro d\u00edas de paro para la semana pr\u00f3xima. \u201cHa sido\u2026","rel":"","context":"En \u00abProvincia\u00bb","block_context":{"text":"Provincia","link":"https:\/\/www.24baires.com\/?cat=40"},"img":{"alt_text":"","src":"https:\/\/i0.wp.com\/www.24baires.com\/wp-content\/uploads\/2019\/11\/kicillof.jpg?resize=350%2C200","width":350,"height":200,"srcset":"https:\/\/i0.wp.com\/www.24baires.com\/wp-content\/uploads\/2019\/11\/kicillof.jpg?resize=350%2C200 1x, https:\/\/i0.wp.com\/www.24baires.com\/wp-content\/uploads\/2019\/11\/kicillof.jpg?resize=525%2C300 1.5x"},"classes":[]},{"id":115696,"url":"https:\/\/www.24baires.com\/?p=115696","url_meta":{"origin":121560,"position":1},"title":"Kicillof convoc\u00f3 a las entidades del campo para hablar de seguridad rural","author":"GB","date":"21\/07\/2020","format":false,"excerpt":"El gobernador encabez\u00f3 esta ma\u00f1ana un encuentro con representantes de entidades del sector agropecuario para trabajar en medidas coordinadas para la prevenci\u00f3n del delito rural. El gobernador bonaerense, Axel Kicillof, puso en marcha una mesa de trabajo junto al ministro de Desarrollo Agrario, Javier Rodr\u00edguez, y su par de Seguridad,\u2026","rel":"","context":"En \u00abProvincia\u00bb","block_context":{"text":"Provincia","link":"https:\/\/www.24baires.com\/?cat=40"},"img":{"alt_text":"","src":"https:\/\/i0.wp.com\/www.24baires.com\/wp-content\/uploads\/2020\/07\/kici-seguridad.jpg?resize=350%2C200","width":350,"height":200,"srcset":"https:\/\/i0.wp.com\/www.24baires.com\/wp-content\/uploads\/2020\/07\/kici-seguridad.jpg?resize=350%2C200 1x, https:\/\/i0.wp.com\/www.24baires.com\/wp-content\/uploads\/2020\/07\/kici-seguridad.jpg?resize=525%2C300 1.5x"},"classes":[]},{"id":115841,"url":"https:\/\/www.24baires.com\/?p=115841","url_meta":{"origin":121560,"position":2},"title":"Kicillof volvi\u00f3 a reunir a las entidades del campo","author":"GB","date":"04\/08\/2020","format":false,"excerpt":"El mandatario propuso trabajar en pos de la integraci\u00f3n productiva, industrial y regional de la provincia y los productores agropecuarios coincidieron en la importancia de fortalecer los \u00e1mbitos de dialogo. El gobernador Axel Kicillof, encabez\u00f3, junto al ministro de Desarrollo Agrario, Javier Rodr\u00edguez, el encuentro de la Mesa Agropecuaria provincial,\u2026","rel":"","context":"En \u00abProvincia\u00bb","block_context":{"text":"Provincia","link":"https:\/\/www.24baires.com\/?cat=40"},"img":{"alt_text":"","src":"https:\/\/i0.wp.com\/www.24baires.com\/wp-content\/uploads\/2020\/08\/kici-campo.jpg?resize=350%2C200","width":350,"height":200,"srcset":"https:\/\/i0.wp.com\/www.24baires.com\/wp-content\/uploads\/2020\/08\/kici-campo.jpg?resize=350%2C200 1x, https:\/\/i0.wp.com\/www.24baires.com\/wp-content\/uploads\/2020\/08\/kici-campo.jpg?resize=525%2C300 1.5x"},"classes":[]},{"id":101304,"url":"https:\/\/www.24baires.com\/?p=101304","url_meta":{"origin":121560,"position":3},"title":"Vidal anunci\u00f3 beneficios para el campo","author":"GB","date":"27\/03\/2018","format":false,"excerpt":"Desde Bragado, la Gobernadora inform\u00f3 las medidas que dispuso para ayudar al ruralismo. Antes, mantuvo un encuentro con la Mesa Agropecuaria Provincial, donde llev\u00f3 a cuatro ministros para calmar las aguas. La previa al anuncio de Bragado estuvo marcada por algunas tensiones entre la Mesa Agropecuaria Provincial (CRA, Carbap, Federaci\u00f3n\u2026","rel":"","context":"En \u00abProvincia\u00bb","block_context":{"text":"Provincia","link":"https:\/\/www.24baires.com\/?cat=40"},"img":{"alt_text":"","src":"https:\/\/i0.wp.com\/www.24baires.com\/wp-content\/uploads\/2018\/03\/vidal-expoagro.jpg?resize=350%2C200","width":350,"height":200,"srcset":"https:\/\/i0.wp.com\/www.24baires.com\/wp-content\/uploads\/2018\/03\/vidal-expoagro.jpg?resize=350%2C200 1x, https:\/\/i0.wp.com\/www.24baires.com\/wp-content\/uploads\/2018\/03\/vidal-expoagro.jpg?resize=525%2C300 1.5x"},"classes":[]},{"id":50452,"url":"https:\/\/www.24baires.com\/?p=50452","url_meta":{"origin":121560,"position":4},"title":"Arba extiende vencimiento del Inmobiliario Rural por exceso de lluvias","author":"AF","date":"24\/07\/2014","format":false,"excerpt":"La Agencia de Recaudaci\u00f3n bonaerense (Arba) resolvi\u00f3 extender hasta el 8 de agosto los vencimientos de la cuota 2 del Impuesto Inmobiliario Rural y del Inmobiliario Complementario correspondiente a la Planta Rural, debido a la problem\u00e1tica que generaron en los campos de muchos distritos las lluvias acumuladas en las \u00faltimas\u2026","rel":"","context":"En \u00abEconom\u00eda\u00bb","block_context":{"text":"Econom\u00eda","link":"https:\/\/www.24baires.com\/?cat=45"},"img":{"alt_text":"campoinundado","src":"https:\/\/i0.wp.com\/www.24baires.com\/wp-content\/uploads\/2012\/10\/campoinundado.jpg?resize=350%2C200","width":350,"height":200,"srcset":"https:\/\/i0.wp.com\/www.24baires.com\/wp-content\/uploads\/2012\/10\/campoinundado.jpg?resize=350%2C200 1x, https:\/\/i0.wp.com\/www.24baires.com\/wp-content\/uploads\/2012\/10\/campoinundado.jpg?resize=525%2C300 1.5x"},"classes":[]},{"id":113521,"url":"https:\/\/www.24baires.com\/?p=113521","url_meta":{"origin":121560,"position":5},"title":"Kicillof consigui\u00f3 la aprobaci\u00f3n de las leyes de emergencia","author":"GB","date":"20\/12\/2019","format":false,"excerpt":"Ambas c\u00e1maras debatieron el paquete de emergencia econ\u00f3mica, social, productiva y energ\u00e9tica que envi\u00f3 el gobernador. Se tratar\u00e1 el pliego del presidente del Banco Provincia. Un una jornada clave para las aspiraciones de gobierno de Axel Kicillof en la provincia de Buenos Aires, tanto la C\u00e1mara de Diputados como de\u2026","rel":"","context":"En \u00abProvincia\u00bb","block_context":{"text":"Provincia","link":"https:\/\/www.24baires.com\/?cat=40"},"img":{"alt_text":"","src":"https:\/\/i0.wp.com\/www.24baires.com\/wp-content\/uploads\/2019\/12\/diputados-bonaerenses.jpg?resize=350%2C200","width":350,"height":200,"srcset":"https:\/\/i0.wp.com\/www.24baires.com\/wp-content\/uploads\/2019\/12\/diputados-bonaerenses.jpg?resize=350%2C200 1x, https:\/\/i0.wp.com\/www.24baires.com\/wp-content\/uploads\/2019\/12\/diputados-bonaerenses.jpg?resize=525%2C300 1.5x"},"classes":[]}],"jetpack_sharing_enabled":true,"jetpack_likes_enabled":true,"_links":{"self":[{"href":"https:\/\/www.24baires.com\/index.php?rest_route=\/wp\/v2\/posts\/121560","targetHints":{"allow":["GET"]}}],"collection":[{"href":"https:\/\/www.24baires.com\/index.php?rest_route=\/wp\/v2\/posts"}],"about":[{"href":"https:\/\/www.24baires.com\/index.php?rest_route=\/wp\/v2\/types\/post"}],"author":[{"embeddable":true,"href":"https:\/\/www.24baires.com\/index.php?rest_route=\/wp\/v2\/users\/8"}],"replies":[{"embeddable":true,"href":"https:\/\/www.24baires.com\/index.php?rest_route=%2Fwp%2Fv2%2Fcomments&post=121560"}],"version-history":[{"count":1,"href":"https:\/\/www.24baires.com\/index.php?rest_route=\/wp\/v2\/posts\/121560\/revisions"}],"predecessor-version":[{"id":121561,"href":"https:\/\/www.24baires.com\/index.php?rest_route=\/wp\/v2\/posts\/121560\/revisions\/121561"}],"wp:attachment":[{"href":"https:\/\/www.24baires.com\/index.php?rest_route=%2Fwp%2Fv2%2Fmedia&parent=121560"}],"wp:term":[{"taxonomy":"category","embeddable":true,"href":"https:\/\/www.24baires.com\/index.php?rest_route=%2Fwp%2Fv2%2Fcategories&post=121560"},{"taxonomy":"post_tag","embeddable":true,"href":"https:\/\/www.24baires.com\/index.php?rest_route=%2Fwp%2Fv2%2Ftags&post=121560"}],"curies":[{"name":"wp","href":"https:\/\/api.w.org\/{rel}","templated":true}]}}