{"id":121556,"date":"2024-08-19T06:26:24","date_gmt":"2024-08-19T09:26:24","guid":{"rendered":"https:\/\/www.24baires.com\/?p=121556"},"modified":"2024-08-19T06:26:24","modified_gmt":"2024-08-19T09:26:24","slug":"buscan-hacer-obligatoria-la-educacion-financiera-en-secundarias-bonaerenses","status":"publish","type":"post","link":"https:\/\/www.24baires.com\/?p=121556","title":{"rendered":"Buscan hacer obligatoria la educaci\u00f3n financiera en secundarias bonaerenses"},"content":{"rendered":"<p><img data-recalc-dims=\"1\" loading=\"lazy\" decoding=\"async\" class=\"aligncenter wp-image-121427\" src=\"https:\/\/i0.wp.com\/www.24baires.com\/wp-content\/uploads\/2024\/06\/escuela-sec.webp?resize=720%2C405\" alt=\"\" width=\"720\" height=\"405\" \/>Avanz\u00f3 en la Legislatura bonaerense un proyecto para fomentar la ense\u00f1anza financiera en escuelas secundarias. Algunos t\u00f3picos incorporados en clase ser\u00edan gesti\u00f3n de bienes y cuentas personales, pensamiento de ahorro y manejo de herramientas financieras digitales.<!--more--><\/p>\n<p>Por amplio consenso, la C\u00e1mara de Diputados de la Provincia de Buenos Aires otorg\u00f3 media sanci\u00f3n a un proyecto de ley que busca establecer la obligatoriedad de la educaci\u00f3n financiera en las escuelas secundarias de gesti\u00f3n p\u00fablica y privada. El documento ya se encuentra en condiciones de ser debatido en el Senado.<\/p>\n<p>La propuesta fue elaborada por las legisladoras, Mar\u00eda Fernanda Bevilacqua, del bloque de Uni\u00f3n por la Patria, y Maricel Etchecoin, de la Coalici\u00f3n C\u00edvica, y se fundament\u00f3 en \u00abincorporar y promover saberes y conocimientos relacionados con el funcionamiento de la econom\u00eda y los recursos financieros para tomar decisiones libres e informadas con mayor responsabilidad y confianza\u00bb.<\/p>\n<p>En este sentido, busca instruir a los j\u00f3venes sobre el manejo eficiente y responsable del dinero, los cr\u00e9ditos, ense\u00f1ar a evaluar riesgos y oportunidades financieras, desarrollar un pensamiento de ahorro, concientizar sobre la gesti\u00f3n de bienes, recursos y cuentas y mecanismos de defensa al consumidor. Asimismo, apunta a dise\u00f1ar m\u00e9todos de aprendizaje did\u00e1cticos e implementar programas de capacitaci\u00f3n permanente y gratuita a los docentes.<\/p>\n<p>En concordancia con el contexto actual, el proyecto tambi\u00e9n contempla la formaci\u00f3n en la utilizaci\u00f3n de medios y plataformas de comercio electr\u00f3nico, como la banca digital, las billeteras virtuales y los medios de pago digitales.<\/p>\n<p>\u00abSi nuestros j\u00f3venes supieran lo que es endeudarse, que la banca siempre es la que gana, quiz\u00e1s no estar\u00edamos corriendo por detr\u00e1s para tratar de acompa\u00f1arlos y que tengan un uso responsable de su econom\u00eda. Es una agenda de futuro, no importa las pertenencias partidarias\u00bb manifest\u00f3 Etchecoin.<\/p>\n<p>Su coautora, la diputada Bevilacqua, remarc\u00f3 que \u00abhoy sabemos que la educaci\u00f3n qued\u00f3 totalmente desactualizada, porque cada vez cada vez m\u00e1s adolescentes cuentan que el colegio no les aporta nada pr\u00e1ctico para afrontar cuestiones de la vida cotidiana y para aquellos que quieran ser emprendedores\u00bb.<\/p>\n","protected":false},"excerpt":{"rendered":"<p>Avanz\u00f3 en la Legislatura bonaerense un proyecto para fomentar la ense\u00f1anza financiera en escuelas secundarias. Algunos t\u00f3picos incorporados en clase ser\u00edan gesti\u00f3n de bienes y cuentas personales, pensamiento de ahorro y manejo de herramientas financieras digitales.<\/p>\n","protected":false},"author":8,"featured_media":0,"comment_status":"closed","ping_status":"closed","sticky":false,"template":"","format":"standard","meta":{"_jetpack_newsletter_access":"","_jetpack_dont_email_post_to_subs":false,"_jetpack_newsletter_tier_id":0,"_jetpack_memberships_contains_paywalled_content":false,"_jetpack_memberships_contains_paid_content":false,"footnotes":""},"categories":[40],"tags":[],"class_list":["post-121556","post","type-post","status-publish","format-standard","hentry","category-provincia"],"jetpack_featured_media_url":"","jetpack_shortlink":"https:\/\/wp.me\/p2JWE0-vCA","jetpack-related-posts":[{"id":119780,"url":"https:\/\/www.24baires.com\/?p=119780","url_meta":{"origin":121556,"position":0},"title":"El Consejo de Educaci\u00f3n decide si flexibiliza las condiciones para pasar de a\u00f1o","author":"GB","date":"09\/02\/2023","format":false,"excerpt":"Se trata de un proyecto de Educaci\u00f3n del oficialismo para que los estudiantes secundarios no repitan de a\u00f1o. La oposici\u00f3n adelant\u00f3 su rechazo. Consejo General de Educaci\u00f3n de la provincia de Buenos Aires definir\u00e1 este jueves si modifica las condiciones de repitencia entre los alumnos de escuelas secundarias. Se trata\u2026","rel":"","context":"En \u00abProvincia\u00bb","block_context":{"text":"Provincia","link":"https:\/\/www.24baires.com\/?cat=40"},"img":{"alt_text":"","src":"https:\/\/i0.wp.com\/www.24baires.com\/wp-content\/uploads\/2023\/02\/escuelas-colegiosjpeg.jpeg?resize=350%2C200","width":350,"height":200,"srcset":"https:\/\/i0.wp.com\/www.24baires.com\/wp-content\/uploads\/2023\/02\/escuelas-colegiosjpeg.jpeg?resize=350%2C200 1x, https:\/\/i0.wp.com\/www.24baires.com\/wp-content\/uploads\/2023\/02\/escuelas-colegiosjpeg.jpeg?resize=525%2C300 1.5x, https:\/\/i0.wp.com\/www.24baires.com\/wp-content\/uploads\/2023\/02\/escuelas-colegiosjpeg.jpeg?resize=700%2C400 2x"},"classes":[]},{"id":112897,"url":"https:\/\/www.24baires.com\/?p=112897","url_meta":{"origin":121556,"position":1},"title":"Educaci\u00f3n primaria: aument\u00f3 el abandono y se duplic\u00f3 la repitencia durante la gesti\u00f3n de Vidal","author":"GB","date":"07\/11\/2019","format":false,"excerpt":"Los datos surgen del informe publicado por el Ministerio de Educaci\u00f3n bonaerense que cuenta con estad\u00edsticas correspondiente al per\u00edodo comprendido entre los a\u00f1os 2011 y 2018. Respecto al nivel secundario, el gobierno de Vidal alcanz\u00f3 guarismos m\u00e1s grandes que los que agarr\u00f3 luego de la gesti\u00f3n sciolista. Un informe del\u2026","rel":"","context":"En \u00abProvincia\u00bb","block_context":{"text":"Provincia","link":"https:\/\/www.24baires.com\/?cat=40"},"img":{"alt_text":"","src":"https:\/\/i0.wp.com\/www.24baires.com\/wp-content\/uploads\/2019\/11\/primaria.jpg?resize=350%2C200","width":350,"height":200,"srcset":"https:\/\/i0.wp.com\/www.24baires.com\/wp-content\/uploads\/2019\/11\/primaria.jpg?resize=350%2C200 1x, https:\/\/i0.wp.com\/www.24baires.com\/wp-content\/uploads\/2019\/11\/primaria.jpg?resize=525%2C300 1.5x"},"classes":[]},{"id":120143,"url":"https:\/\/www.24baires.com\/?p=120143","url_meta":{"origin":121556,"position":2},"title":"Kicillof: \u201cEl Estado est\u00e1 para igualar derechos\u201d","author":"GB","date":"01\/06\/2023","format":false,"excerpt":"El gobernador bonaerense, Axel Kicillof, encabez\u00f3 la inauguraci\u00f3n de un edificio escolar en la localidad de General Belgrano y habl\u00f3 sobre la importancia del Estado. Pese a una posible candidatura presidencial, Axel Kicillof sigue enfocado en la gesti\u00f3n y en su deseo de ser reelecto como Gobernador de la Provincia.\u2026","rel":"","context":"En \u00abProvincia\u00bb","block_context":{"text":"Provincia","link":"https:\/\/www.24baires.com\/?cat=40"},"img":{"alt_text":"","src":"https:\/\/i0.wp.com\/www.24baires.com\/wp-content\/uploads\/2023\/06\/kici.jpg?resize=350%2C200","width":350,"height":200,"srcset":"https:\/\/i0.wp.com\/www.24baires.com\/wp-content\/uploads\/2023\/06\/kici.jpg?resize=350%2C200 1x, https:\/\/i0.wp.com\/www.24baires.com\/wp-content\/uploads\/2023\/06\/kici.jpg?resize=525%2C300 1.5x, https:\/\/i0.wp.com\/www.24baires.com\/wp-content\/uploads\/2023\/06\/kici.jpg?resize=700%2C400 2x"},"classes":[]},{"id":121602,"url":"https:\/\/www.24baires.com\/?p=121602","url_meta":{"origin":121556,"position":3},"title":"Provincia profundizar\u00e1 controles de seguridad en escuelas","author":"GB","date":"04\/09\/2024","format":false,"excerpt":"El Gobernador bonaerense inaugur\u00f3 este martes un programa de fortalecimiento de protecci\u00f3n y seguridad en las zonas cercanas a instituciones educativas. Se incorporar\u00e1n patrullajes, c\u00e1maras y botones de alerta. El Gobierno bonaerense present\u00f3 en las \u00faltimas horas el programa \"Escuelas cuidadas\", que apunta a fortalecer los controles de seguridad en\u2026","rel":"","context":"En \u00abProvincia\u00bb","block_context":{"text":"Provincia","link":"https:\/\/www.24baires.com\/?cat=40"},"img":{"alt_text":"","src":"https:\/\/i0.wp.com\/www.24baires.com\/wp-content\/uploads\/2024\/09\/escuelas.webp?resize=350%2C200","width":350,"height":200,"srcset":"https:\/\/i0.wp.com\/www.24baires.com\/wp-content\/uploads\/2024\/09\/escuelas.webp?resize=350%2C200 1x, https:\/\/i0.wp.com\/www.24baires.com\/wp-content\/uploads\/2024\/09\/escuelas.webp?resize=525%2C300 1.5x, https:\/\/i0.wp.com\/www.24baires.com\/wp-content\/uploads\/2024\/09\/escuelas.webp?resize=700%2C400 2x"},"classes":[]},{"id":107292,"url":"https:\/\/www.24baires.com\/?p=107292","url_meta":{"origin":121556,"position":4},"title":"Crean r\u00e9gimen de ayuda financiera para acelerar finalizaci\u00f3n de obras en municipios","author":"GB","date":"20\/03\/2019","format":false,"excerpt":"El Gobierno bonaerense oficializ\u00f3 hoy la creaci\u00f3n de un r\u00e9gimen especial de ayuda financiera a los municipios, con el objetivo de acelerar, en el a\u00f1o electoral, la realizaci\u00f3n de obras y de finalizar otras que se encuentran paralizadas. La medida fue dispuesta a trav\u00e9s de un decreto publicado hoy en\u2026","rel":"","context":"En \u00abProvincia\u00bb","block_context":{"text":"Provincia","link":"https:\/\/www.24baires.com\/?cat=40"},"img":{"alt_text":"","src":"https:\/\/i0.wp.com\/www.24baires.com\/wp-content\/uploads\/2019\/01\/construcci%C3%B3n.png?resize=350%2C200","width":350,"height":200,"srcset":"https:\/\/i0.wp.com\/www.24baires.com\/wp-content\/uploads\/2019\/01\/construcci%C3%B3n.png?resize=350%2C200 1x, https:\/\/i0.wp.com\/www.24baires.com\/wp-content\/uploads\/2019\/01\/construcci%C3%B3n.png?resize=525%2C300 1.5x"},"classes":[]},{"id":121934,"url":"https:\/\/www.24baires.com\/?p=121934","url_meta":{"origin":121556,"position":5},"title":"Con el apoyo de la Provincia, La Plata inici\u00f3 obras en 80 escuelas","author":"GB","date":"06\/01\/2025","format":false,"excerpt":"El plan lanzado por el intendente Julio Alak y el subsecretario de Educaci\u00f3n bonaerense, Pablo Urquiza, beneficiar\u00e1 a m\u00e1s de 30.000 estudiantes y priorizar\u00e1 las necesidades edilicias m\u00e1s urgentes. El intendente de La Plata, Julio Alak, junto al subsecretario de Educaci\u00f3n bonaerense, Pablo Urquiza, puso en marcha la semana pasada\u2026","rel":"","context":"En \u00abMunicipios\u00bb","block_context":{"text":"Municipios","link":"https:\/\/www.24baires.com\/?cat=44"},"img":{"alt_text":"","src":"https:\/\/i0.wp.com\/www.24baires.com\/wp-content\/uploads\/2025\/01\/escuelas-lp.webp?resize=350%2C200","width":350,"height":200,"srcset":"https:\/\/i0.wp.com\/www.24baires.com\/wp-content\/uploads\/2025\/01\/escuelas-lp.webp?resize=350%2C200 1x, https:\/\/i0.wp.com\/www.24baires.com\/wp-content\/uploads\/2025\/01\/escuelas-lp.webp?resize=525%2C300 1.5x, https:\/\/i0.wp.com\/www.24baires.com\/wp-content\/uploads\/2025\/01\/escuelas-lp.webp?resize=700%2C400 2x"},"classes":[]}],"jetpack_sharing_enabled":true,"jetpack_likes_enabled":true,"_links":{"self":[{"href":"https:\/\/www.24baires.com\/index.php?rest_route=\/wp\/v2\/posts\/121556","targetHints":{"allow":["GET"]}}],"collection":[{"href":"https:\/\/www.24baires.com\/index.php?rest_route=\/wp\/v2\/posts"}],"about":[{"href":"https:\/\/www.24baires.com\/index.php?rest_route=\/wp\/v2\/types\/post"}],"author":[{"embeddable":true,"href":"https:\/\/www.24baires.com\/index.php?rest_route=\/wp\/v2\/users\/8"}],"replies":[{"embeddable":true,"href":"https:\/\/www.24baires.com\/index.php?rest_route=%2Fwp%2Fv2%2Fcomments&post=121556"}],"version-history":[{"count":1,"href":"https:\/\/www.24baires.com\/index.php?rest_route=\/wp\/v2\/posts\/121556\/revisions"}],"predecessor-version":[{"id":121557,"href":"https:\/\/www.24baires.com\/index.php?rest_route=\/wp\/v2\/posts\/121556\/revisions\/121557"}],"wp:attachment":[{"href":"https:\/\/www.24baires.com\/index.php?rest_route=%2Fwp%2Fv2%2Fmedia&parent=121556"}],"wp:term":[{"taxonomy":"category","embeddable":true,"href":"https:\/\/www.24baires.com\/index.php?rest_route=%2Fwp%2Fv2%2Fcategories&post=121556"},{"taxonomy":"post_tag","embeddable":true,"href":"https:\/\/www.24baires.com\/index.php?rest_route=%2Fwp%2Fv2%2Ftags&post=121556"}],"curies":[{"name":"wp","href":"https:\/\/api.w.org\/{rel}","templated":true}]}}