{"id":121540,"date":"2024-08-14T06:35:24","date_gmt":"2024-08-14T09:35:24","guid":{"rendered":"https:\/\/www.24baires.com\/?p=121540"},"modified":"2024-08-14T06:35:24","modified_gmt":"2024-08-14T09:35:24","slug":"katopodis-nos-vamos-a-hacer-cargo-de-la-infraestructura-universitaria-que-nacion-abandono","status":"publish","type":"post","link":"https:\/\/www.24baires.com\/?p=121540","title":{"rendered":"Katopodis: \u00abNos vamos a hacer cargo de la Infraestructura Universitaria que Naci\u00f3n abandon\u00f3\u00bb"},"content":{"rendered":"<p><img data-recalc-dims=\"1\" loading=\"lazy\" decoding=\"async\" class=\"aligncenter wp-image-121541\" src=\"https:\/\/i0.wp.com\/www.24baires.com\/wp-content\/uploads\/2024\/08\/katopolis.webp?resize=720%2C405\" alt=\"\" width=\"720\" height=\"405\" \/>El ministro de Infraestructura bonaerense, Grabriel Katopodis, apunt\u00f3 contra Milei y Caputo y los responsabiliz\u00f3 por el no inicio del segundo cuatrimestre.<!--more--><\/p>\n<p>La semana arranc\u00f3 con un paro docente en las universidades nacionales de todo el pa\u00eds, en medio de un conflicto salarial que parece no tener soluci\u00f3n. Gabriel Katopodis, ministro de Infraestructura y Servicios P\u00fablicos de la provincia de Buenos Aires, responsabiliz\u00f3 a Javier Milei y Luis Caputo por el no comienzo del segundo cuatrimestre.<\/p>\n<p>Es que, en medio de una negociaci\u00f3n tensa, el Frente Sindical de Universidades Nacionales(FSUN) decidi\u00f3 hacer una medida de fuerza de 72 horas a partir de este lunes, y seguir\u00e1 con m\u00e1s paros desde la semana que viene. El Gobierno, principal responsable de la brutal ca\u00edda del salario de los trabajadores universitarios, no da el brazo a torcer.<\/p>\n<p>En este sentido, Katopodis cuestion\u00f3 al Gobierno y asegur\u00f3 que \u00absin salarios dignos no vamos a tener una educaci\u00f3n de calidad\u00bb. Adem\u00e1s, adelant\u00f3 que el gobierno bonaerense se va a \u00abhacer cargo de la Infraestructura Universitaria que el Gobierno Nacional abandon\u00f3\u00bb, y sali\u00f3 a mostrar una reciente obra finalizada en Hurlingham.<\/p>\n<p>Se trata de un edificio para la Universidad Nacional de Hurlingham (UNAHUR), un edificio que estaba avanzado pero el Gobierno nacional decidi\u00f3 frenar, junto a otras casi mil obras en toda la provincia. \u00abEste nuevo Edificio de la Patria en la UNAHUR es otra obra que dejaron a mitad de camino. Fue gracias a esta comunidad educativa que se finaliz\u00f3 y pudimos abrir las puertas de estas aulas y laboratorios para los j\u00f3venes de Hurlingham\u00bb, ponder\u00f3 el ministro.<\/p>\n","protected":false},"excerpt":{"rendered":"<p>El ministro de Infraestructura bonaerense, Grabriel Katopodis, apunt\u00f3 contra Milei y Caputo y los responsabiliz\u00f3 por el no inicio del segundo cuatrimestre.<\/p>\n","protected":false},"author":8,"featured_media":0,"comment_status":"closed","ping_status":"closed","sticky":false,"template":"","format":"standard","meta":{"_jetpack_newsletter_access":"","_jetpack_dont_email_post_to_subs":false,"_jetpack_newsletter_tier_id":0,"_jetpack_memberships_contains_paywalled_content":false,"_jetpack_memberships_contains_paid_content":false,"footnotes":""},"categories":[40],"tags":[],"class_list":["post-121540","post","type-post","status-publish","format-standard","hentry","category-provincia"],"jetpack_featured_media_url":"","jetpack_shortlink":"https:\/\/wp.me\/p2JWE0-vCk","jetpack-related-posts":[{"id":121460,"url":"https:\/\/www.24baires.com\/?p=121460","url_meta":{"origin":121540,"position":0},"title":"La Provincia se har\u00e1 cargo de una obra, en la Universidad de Mar del Plata, abandonada por Milei","author":"GB","date":"04\/07\/2024","format":false,"excerpt":"El ministro de Infraestructura bonaerense, Gabriel Katopodis, anunci\u00f3 que el gobierno de Axel Kicillof retomar\u00e1 la obra de la biblioteca central de la Universidad Nacional de Mar del Plata (UNMDP). El ministro de Infraestructura y Servicios P\u00fablicos bonaerense, Gabriel Katopodis, anunci\u00f3 que la Provincia girar\u00e1 $700 millones para reiniciar la\u2026","rel":"","context":"En \u00abProvincia\u00bb","block_context":{"text":"Provincia","link":"https:\/\/www.24baires.com\/?cat=40"},"img":{"alt_text":"","src":"https:\/\/i0.wp.com\/www.24baires.com\/wp-content\/uploads\/2017\/05\/unmdp.jpg?resize=350%2C200","width":350,"height":200,"srcset":"https:\/\/i0.wp.com\/www.24baires.com\/wp-content\/uploads\/2017\/05\/unmdp.jpg?resize=350%2C200 1x, https:\/\/i0.wp.com\/www.24baires.com\/wp-content\/uploads\/2017\/05\/unmdp.jpg?resize=525%2C300 1.5x, https:\/\/i0.wp.com\/www.24baires.com\/wp-content\/uploads\/2017\/05\/unmdp.jpg?resize=700%2C400 2x"},"classes":[]},{"id":120534,"url":"https:\/\/www.24baires.com\/?p=120534","url_meta":{"origin":121540,"position":1},"title":"Katopodis: \u00abVoy a hacer todo para evitar que Milei nos joda la vida\u00bb","author":"AF","date":"06\/10\/2023","format":false,"excerpt":"\"Bajo la excusa de atacar a la pol\u00edtica, a los que va a joder es a los laburantes y a los que menos tienen. El \u00fanico candidato que explica c\u00f3mo solucionar los problemas de la Argentina es Sergio Massa\", dijo el ministro de Obras P\u00fablicas. El ministro de Obras P\u00fablicas,\u2026","rel":"","context":"En \u00abPol\u00edtica\u00bb","block_context":{"text":"Pol\u00edtica","link":"https:\/\/www.24baires.com\/?cat=51"},"img":{"alt_text":"","src":"https:\/\/i0.wp.com\/www.24baires.com\/wp-content\/uploads\/2023\/10\/kato.jpg?resize=350%2C200","width":350,"height":200,"srcset":"https:\/\/i0.wp.com\/www.24baires.com\/wp-content\/uploads\/2023\/10\/kato.jpg?resize=350%2C200 1x, https:\/\/i0.wp.com\/www.24baires.com\/wp-content\/uploads\/2023\/10\/kato.jpg?resize=525%2C300 1.5x, https:\/\/i0.wp.com\/www.24baires.com\/wp-content\/uploads\/2023\/10\/kato.jpg?resize=700%2C400 2x"},"classes":[]},{"id":118369,"url":"https:\/\/www.24baires.com\/?p=118369","url_meta":{"origin":121540,"position":2},"title":"Merlo: Kicillof lanza el Plan de Infraestructura Penitenciaria","author":"GB","date":"22\/12\/2021","format":false,"excerpt":"El gobernador de la Provincia de Buenos Aires, Axel Kicillof, junto al ministro de Obras P\u00fablicas de la Naci\u00f3n, Gabriel Katopodis, presentan las obras. Con motivo del lanzamiento del Plan de Infraestructura Penitenciaria, el gobernador de la Provincia de Buenos Aires, Axel Kicillof, junto al ministro de Obras P\u00fablicas de\u2026","rel":"","context":"En \u00abProvincia\u00bb","block_context":{"text":"Provincia","link":"https:\/\/www.24baires.com\/?cat=40"},"img":{"alt_text":"","src":"https:\/\/i0.wp.com\/www.24baires.com\/wp-content\/uploads\/2021\/12\/axel-kicillof-servicio-penitenciariojpgjpg-300x200.jpg?resize=350%2C200","width":350,"height":200},"classes":[]},{"id":113826,"url":"https:\/\/www.24baires.com\/?p=113826","url_meta":{"origin":121540,"position":3},"title":"Kicillof se reuni\u00f3 con el ministro Katopodis para coordinar el plan de obras p\u00fablicas","author":"AF","date":"16\/01\/2020","format":false,"excerpt":"Se trata de obras proyectadas que tienen un valor cercano a los 4 mil millones de pesos. El gobernador bonaerense, Axel Kicillof, se reuni\u00f3 hoy con el ministro de Obras P\u00fablicas de la Naci\u00f3n, Gabriel Katopodis, para coordinar el dise\u00f1o de un plan de trabajo conjunto y evaluar la continuidad\u2026","rel":"","context":"En \u00abProvincia\u00bb","block_context":{"text":"Provincia","link":"https:\/\/www.24baires.com\/?cat=40"},"img":{"alt_text":"","src":"https:\/\/i0.wp.com\/www.24baires.com\/wp-content\/uploads\/2020\/01\/kicillof-katopodis.jpg?resize=350%2C200","width":350,"height":200,"srcset":"https:\/\/i0.wp.com\/www.24baires.com\/wp-content\/uploads\/2020\/01\/kicillof-katopodis.jpg?resize=350%2C200 1x, https:\/\/i0.wp.com\/www.24baires.com\/wp-content\/uploads\/2020\/01\/kicillof-katopodis.jpg?resize=525%2C300 1.5x"},"classes":[]},{"id":27731,"url":"https:\/\/www.24baires.com\/?p=27731","url_meta":{"origin":121540,"position":4},"title":"El Intendente &#8216;massista&#8217; de San Mart\u00edn fustig\u00f3 duramente a Scioli","author":"Grupo Sierra","date":"06\/07\/2013","format":false,"excerpt":"SAN MART\u00cdN.- El aliado a Sergio Massa en el Frente Renovador e intendente de San Mart\u00edn, Gabriel Katopodis, cuestion\u00f3 hoy al gobierno de la provincia de Buenos Aires y reclam\u00f3 \"respuestas concretas en la lucha contra la inseguridad\". A diferencia de otros referentes del massismo en la Provincia, Katopodis lanz\u00f3\u2026","rel":"","context":"En \u00abPol\u00edtica\u00bb","block_context":{"text":"Pol\u00edtica","link":"https:\/\/www.24baires.com\/?cat=51"},"img":{"alt_text":"","src":"","width":0,"height":0},"classes":[]},{"id":121015,"url":"https:\/\/www.24baires.com\/?p=121015","url_meta":{"origin":121540,"position":5},"title":"Por el recorte de fondos de Naci\u00f3n, 64 obras en escuelas bonaerenses quedaron frenadas","author":"GB","date":"23\/02\/2024","format":false,"excerpt":"El presidente Javier Milei hab\u00eda dicho que no frenar\u00eda la obra p\u00fablica en ejecuci\u00f3n. Sin embargo, cort\u00f3 fondos para terminar obras en escuelas bonaerenses. La Defensor\u00eda del Pueblo bonaerense denunci\u00f3 que el Gobierno Nacional comandado por Javier Milei suspendi\u00f3 el financiamiento del Programa 46 y del Plan Obras, que se\u2026","rel":"","context":"En \u00abProvincia\u00bb","block_context":{"text":"Provincia","link":"https:\/\/www.24baires.com\/?cat=40"},"img":{"alt_text":"","src":"https:\/\/i0.wp.com\/www.24baires.com\/wp-content\/uploads\/2024\/02\/escuelas-la-obrajpg.webp?resize=350%2C200","width":350,"height":200,"srcset":"https:\/\/i0.wp.com\/www.24baires.com\/wp-content\/uploads\/2024\/02\/escuelas-la-obrajpg.webp?resize=350%2C200 1x, https:\/\/i0.wp.com\/www.24baires.com\/wp-content\/uploads\/2024\/02\/escuelas-la-obrajpg.webp?resize=525%2C300 1.5x, https:\/\/i0.wp.com\/www.24baires.com\/wp-content\/uploads\/2024\/02\/escuelas-la-obrajpg.webp?resize=700%2C400 2x"},"classes":[]}],"jetpack_sharing_enabled":true,"jetpack_likes_enabled":true,"_links":{"self":[{"href":"https:\/\/www.24baires.com\/index.php?rest_route=\/wp\/v2\/posts\/121540","targetHints":{"allow":["GET"]}}],"collection":[{"href":"https:\/\/www.24baires.com\/index.php?rest_route=\/wp\/v2\/posts"}],"about":[{"href":"https:\/\/www.24baires.com\/index.php?rest_route=\/wp\/v2\/types\/post"}],"author":[{"embeddable":true,"href":"https:\/\/www.24baires.com\/index.php?rest_route=\/wp\/v2\/users\/8"}],"replies":[{"embeddable":true,"href":"https:\/\/www.24baires.com\/index.php?rest_route=%2Fwp%2Fv2%2Fcomments&post=121540"}],"version-history":[{"count":1,"href":"https:\/\/www.24baires.com\/index.php?rest_route=\/wp\/v2\/posts\/121540\/revisions"}],"predecessor-version":[{"id":121542,"href":"https:\/\/www.24baires.com\/index.php?rest_route=\/wp\/v2\/posts\/121540\/revisions\/121542"}],"wp:attachment":[{"href":"https:\/\/www.24baires.com\/index.php?rest_route=%2Fwp%2Fv2%2Fmedia&parent=121540"}],"wp:term":[{"taxonomy":"category","embeddable":true,"href":"https:\/\/www.24baires.com\/index.php?rest_route=%2Fwp%2Fv2%2Fcategories&post=121540"},{"taxonomy":"post_tag","embeddable":true,"href":"https:\/\/www.24baires.com\/index.php?rest_route=%2Fwp%2Fv2%2Ftags&post=121540"}],"curies":[{"name":"wp","href":"https:\/\/api.w.org\/{rel}","templated":true}]}}