{"id":121535,"date":"2024-08-13T07:57:00","date_gmt":"2024-08-13T10:57:00","guid":{"rendered":"https:\/\/www.24baires.com\/?p=121535"},"modified":"2024-08-13T07:57:00","modified_gmt":"2024-08-13T10:57:00","slug":"axel-kicillof-viaja-a-brasil","status":"publish","type":"post","link":"https:\/\/www.24baires.com\/?p=121535","title":{"rendered":"Axel Kicillof viaja a Brasil"},"content":{"rendered":"<p><img data-recalc-dims=\"1\" loading=\"lazy\" decoding=\"async\" class=\"aligncenter wp-image-121536\" src=\"https:\/\/i0.wp.com\/www.24baires.com\/wp-content\/uploads\/2024\/08\/axel-brasil.webp?resize=720%2C480\" alt=\"\" width=\"720\" height=\"480\" \/>El gobernador bonaerense, Axel Kicillof, estar\u00e1 hoy en Brasil para mantener tres reuniones de alto vuelo pol\u00edtico y diplom\u00e1tico.<!--more--><\/p>\n<p>Poco m\u00e1s de un a\u00f1o despu\u00e9s de su \u00faltima visita, el gobernador de la provincia de Buenos Aires, Axel Kicillof, vuelve a Brasil. Esta vez ir\u00e1 a Brasilia, ciudad capital del pa\u00eds vecino, para reunirse con importantes funcionarios del gabinete de Lula da Silva. Los detalles del viaje.<\/p>\n<p>Seg\u00fan inform\u00f3 el ministro de Gobierno, Carlos Bianco, Kicillof tiene previsto viajar este martes acompa\u00f1ado por una comitiva \u00abmuy reducida\u00bb. Su regreso est\u00e1 previsto para el mismo martes por lo que las actividades oficiales se concentrar\u00e1n en menos de 24 horas.<\/p>\n<p>En conferencia de prensa, Bianco confirm\u00f3 tres reuniones: una con el vicepresidente de Brasil, Geraldo Alckmin, quien tambi\u00e9n es ministro de Industria y Comercio, otra con el ministro de Econom\u00eda, Fernando Haddad, y funcionarios del Banco de Desarrollo y otra con el Canciller Mauro Vieira.<\/p>\n<p>Consultado sobre una reuni\u00f3n con el presidente Lula da Silva, Bianco no pudo confirmarla. Sin embargo, la agenda oficial informada por la Presidencia brasile\u00f1a indic\u00f3 que Lula tiene previsto recibir al gobernador bonaerense a las 11 de la ma\u00f1ana en el palacio de Planalto, sede del gobierno federal.<\/p>\n<p>El objetivo del breve viaje es \u00abavanzar en acciones de cooperaci\u00f3n\u00bb entre el pa\u00eds vecino y la provincia de Buenos Aires. En particular, el ministro de Gobierno habl\u00f3 de \u00abcooperaci\u00f3n econ\u00f3mica en materia de inversiones\u00bb.<\/p>\n<p>El \u00faltimo viaje de Kicillof a Brasil fue a fines de abril de 2023. En ese entonces, estuvo en la ciudad de S\u00e3o Paulo reuni\u00e9ndose con empresarios industriales y participando de la Feria Automec. Su v\u00ednculo con el gigante latino\u00e1mericano, sin embargo, viene de antes: en 2021 se reuni\u00f3 con el ahora presidente Lula da Silva.<\/p>\n","protected":false},"excerpt":{"rendered":"<p>El gobernador bonaerense, Axel Kicillof, estar\u00e1 hoy en Brasil para mantener tres reuniones de alto vuelo pol\u00edtico y diplom\u00e1tico.<\/p>\n","protected":false},"author":8,"featured_media":0,"comment_status":"closed","ping_status":"closed","sticky":false,"template":"","format":"standard","meta":{"_jetpack_newsletter_access":"","_jetpack_dont_email_post_to_subs":false,"_jetpack_newsletter_tier_id":0,"_jetpack_memberships_contains_paywalled_content":false,"_jetpack_memberships_contains_paid_content":false,"footnotes":""},"categories":[40],"tags":[],"class_list":["post-121535","post","type-post","status-publish","format-standard","hentry","category-provincia"],"jetpack_featured_media_url":"","jetpack_shortlink":"https:\/\/wp.me\/p2JWE0-vCf","jetpack-related-posts":[{"id":112846,"url":"https:\/\/www.24baires.com\/?p=112846","url_meta":{"origin":121535,"position":0},"title":"Salvai y Bianco se reunir\u00e1n para avanzar en la agenda de cambio de Gobierno","author":"AF","date":"04\/11\/2019","format":false,"excerpt":"El Jefe de Gabinete bonaerense se encontrar\u00e1 ma\u00f1ana con Bianco, uno de los hombres de confianza de Kicillof para avanzar en la sucesi\u00f3n. El jefe de Gabinete de la Provincia de Buenos Aires, Federico Salvai se encontrar\u00e1 este martes con Carlos Bianco, uno de los hombres m\u00e1s cercanos del gobernador\u2026","rel":"","context":"En \u00abProvincia\u00bb","block_context":{"text":"Provincia","link":"https:\/\/www.24baires.com\/?cat=40"},"img":{"alt_text":"","src":"https:\/\/i0.wp.com\/www.24baires.com\/wp-content\/uploads\/2019\/11\/salvai-bianco.jpg?resize=350%2C200","width":350,"height":200,"srcset":"https:\/\/i0.wp.com\/www.24baires.com\/wp-content\/uploads\/2019\/11\/salvai-bianco.jpg?resize=350%2C200 1x, https:\/\/i0.wp.com\/www.24baires.com\/wp-content\/uploads\/2019\/11\/salvai-bianco.jpg?resize=525%2C300 1.5x"},"classes":[]},{"id":118028,"url":"https:\/\/www.24baires.com\/?p=118028","url_meta":{"origin":121535,"position":1},"title":"Kicillof tom\u00f3 juramento a los ministros y los invit\u00f3 a ser \u00abun gabinete militante\u00bb","author":"AF","date":"21\/09\/2021","format":false,"excerpt":"El acto se realiz\u00f3 en el Teatro Metro de La Plata. Mart\u00edn Insaurralde jur\u00f3 como jefe de Gabinete; Carlos Bianco, ser\u00e1 jefe de asesores; Cristina \u00c1lvarez Rodr\u00edguez, ministra de Gobierno y Leonardo Nardini, ministro de Instraestructura. El gobernador de la provincia de Buenos Aires, Axel Kicillof, tom\u00f3 juramento a Mart\u00edn\u2026","rel":"","context":"En \u00abProvincia\u00bb","block_context":{"text":"Provincia","link":"https:\/\/www.24baires.com\/?cat=40"},"img":{"alt_text":"","src":"https:\/\/i0.wp.com\/www.24baires.com\/wp-content\/uploads\/2021\/09\/614a414bedf3d.09.2021-565_1004x565.jpg?resize=350%2C200","width":350,"height":200,"srcset":"https:\/\/i0.wp.com\/www.24baires.com\/wp-content\/uploads\/2021\/09\/614a414bedf3d.09.2021-565_1004x565.jpg?resize=350%2C200 1x, https:\/\/i0.wp.com\/www.24baires.com\/wp-content\/uploads\/2021\/09\/614a414bedf3d.09.2021-565_1004x565.jpg?resize=525%2C300 1.5x"},"classes":[]},{"id":117847,"url":"https:\/\/www.24baires.com\/?p=117847","url_meta":{"origin":121535,"position":2},"title":"Provincia libera la vacunaci\u00f3n para mayores de 35 a\u00f1os","author":"GB","date":"13\/07\/2021","format":false,"excerpt":"El gobernador de la provincia de Buenos Aires, Axel Kicillof anunci\u00f3 que desde ma\u00f1ana habr\u00e1 vacunaci\u00f3n libre para mayores de 35 a\u00f1os. El gobernador de Buenos Aires, Axel Kicillof, anunci\u00f3 que a partir de ma\u00f1ana mi\u00e9rcoles se extiende la vacunaci\u00f3n libre contra el coronavirus a todos los mayores de 35\u2026","rel":"","context":"En \u00abProvincia\u00bb","block_context":{"text":"Provincia","link":"https:\/\/www.24baires.com\/?cat=40"},"img":{"alt_text":"","src":"https:\/\/i0.wp.com\/www.24baires.com\/wp-content\/uploads\/2021\/06\/vacuna-cansino-300x225.jpg?resize=350%2C200","width":350,"height":200},"classes":[]},{"id":112993,"url":"https:\/\/www.24baires.com\/?p=112993","url_meta":{"origin":121535,"position":3},"title":"Kicillof planea publicar la \u201cherencia\u201d que deja Vidal","author":"GB","date":"14\/11\/2019","format":false,"excerpt":"De cara a la transici\u00f3n, el gobernador electo dejar\u00e1 a la luz el estado en que recibe la Provincia. Los equipos de transici\u00f3n del gobernador electo, Axel Kicillof, estudian cada \u00e1rea del Ejecutivo bonaerense, dado que el flamante mandatario planea publicar, antes de asumir, un pormenorizado \u00abestado de la Provincia\u00bb\u2026","rel":"","context":"En \u00abProvincia\u00bb","block_context":{"text":"Provincia","link":"https:\/\/www.24baires.com\/?cat=40"},"img":{"alt_text":"","src":"https:\/\/i0.wp.com\/www.24baires.com\/wp-content\/uploads\/2019\/11\/kicillof.jpg?resize=350%2C200","width":350,"height":200,"srcset":"https:\/\/i0.wp.com\/www.24baires.com\/wp-content\/uploads\/2019\/11\/kicillof.jpg?resize=350%2C200 1x, https:\/\/i0.wp.com\/www.24baires.com\/wp-content\/uploads\/2019\/11\/kicillof.jpg?resize=525%2C300 1.5x"},"classes":[]},{"id":114684,"url":"https:\/\/www.24baires.com\/?p=114684","url_meta":{"origin":121535,"position":4},"title":"Provincia eval\u00faa \u00abalgunas modificaciones\u00bb para la cuarentena en los 58 municipios sin coronavirus","author":"AF","date":"13\/04\/2020","format":false,"excerpt":"As\u00ed lo inform\u00f3 el Jefe de Gabinete, Carlos Bianco. \"La idea no es flexibilizar la cuarentena sino mantener un aislamiento s\u00f3lido\", asegur\u00f3. El jefe de los ministros de Axel Kicillof, Carlos Bianco, adelant\u00f3 podr\u00edan haber cambios en la cuarentena en determinados distritos de la provincia de Buenos Aires, particularmente en\u2026","rel":"","context":"En \u00abProvincia\u00bb","block_context":{"text":"Provincia","link":"https:\/\/www.24baires.com\/?cat=40"},"img":{"alt_text":"","src":"https:\/\/i0.wp.com\/www.24baires.com\/wp-content\/uploads\/2020\/04\/bianco-kicillof.jpg?resize=350%2C200","width":350,"height":200,"srcset":"https:\/\/i0.wp.com\/www.24baires.com\/wp-content\/uploads\/2020\/04\/bianco-kicillof.jpg?resize=350%2C200 1x, https:\/\/i0.wp.com\/www.24baires.com\/wp-content\/uploads\/2020\/04\/bianco-kicillof.jpg?resize=525%2C300 1.5x"},"classes":[]},{"id":120034,"url":"https:\/\/www.24baires.com\/?p=120034","url_meta":{"origin":121535,"position":5},"title":"Con una agenda industrial, Axel Kicillof llega a Brasil","author":"GB","date":"24\/04\/2023","format":false,"excerpt":"El gobernador de la provincia de Buenos Aires, Axel Kicillof, estar\u00e1 hoy y ma\u00f1ana en la ciudad de S\u00e3o Paulo. Como hab\u00eda anticipado INFOCIELO, el gobernador de la provincia de Buenos Aires, Axel Kicillof, comienza su semana en Brasil. El mandatario estar\u00e1 en S\u00e3o Paulo, la ciudad m\u00e1s poblada del\u2026","rel":"","context":"En \u00abEconom\u00eda\u00bb","block_context":{"text":"Econom\u00eda","link":"https:\/\/www.24baires.com\/?cat=45"},"img":{"alt_text":"","src":"https:\/\/i0.wp.com\/www.24baires.com\/wp-content\/uploads\/2023\/04\/kicillof-brasil.webp?resize=350%2C200","width":350,"height":200,"srcset":"https:\/\/i0.wp.com\/www.24baires.com\/wp-content\/uploads\/2023\/04\/kicillof-brasil.webp?resize=350%2C200 1x, https:\/\/i0.wp.com\/www.24baires.com\/wp-content\/uploads\/2023\/04\/kicillof-brasil.webp?resize=525%2C300 1.5x, https:\/\/i0.wp.com\/www.24baires.com\/wp-content\/uploads\/2023\/04\/kicillof-brasil.webp?resize=700%2C400 2x"},"classes":[]}],"jetpack_sharing_enabled":true,"jetpack_likes_enabled":true,"_links":{"self":[{"href":"https:\/\/www.24baires.com\/index.php?rest_route=\/wp\/v2\/posts\/121535","targetHints":{"allow":["GET"]}}],"collection":[{"href":"https:\/\/www.24baires.com\/index.php?rest_route=\/wp\/v2\/posts"}],"about":[{"href":"https:\/\/www.24baires.com\/index.php?rest_route=\/wp\/v2\/types\/post"}],"author":[{"embeddable":true,"href":"https:\/\/www.24baires.com\/index.php?rest_route=\/wp\/v2\/users\/8"}],"replies":[{"embeddable":true,"href":"https:\/\/www.24baires.com\/index.php?rest_route=%2Fwp%2Fv2%2Fcomments&post=121535"}],"version-history":[{"count":1,"href":"https:\/\/www.24baires.com\/index.php?rest_route=\/wp\/v2\/posts\/121535\/revisions"}],"predecessor-version":[{"id":121537,"href":"https:\/\/www.24baires.com\/index.php?rest_route=\/wp\/v2\/posts\/121535\/revisions\/121537"}],"wp:attachment":[{"href":"https:\/\/www.24baires.com\/index.php?rest_route=%2Fwp%2Fv2%2Fmedia&parent=121535"}],"wp:term":[{"taxonomy":"category","embeddable":true,"href":"https:\/\/www.24baires.com\/index.php?rest_route=%2Fwp%2Fv2%2Fcategories&post=121535"},{"taxonomy":"post_tag","embeddable":true,"href":"https:\/\/www.24baires.com\/index.php?rest_route=%2Fwp%2Fv2%2Ftags&post=121535"}],"curies":[{"name":"wp","href":"https:\/\/api.w.org\/{rel}","templated":true}]}}