{"id":121524,"date":"2024-08-07T06:28:01","date_gmt":"2024-08-07T09:28:01","guid":{"rendered":"https:\/\/www.24baires.com\/?p=121524"},"modified":"2024-08-07T06:28:01","modified_gmt":"2024-08-07T09:28:01","slug":"por-falta-de-acuerdo-con-el-gobierno-nacional-las-universidades-haran-paro-de-72-horas","status":"publish","type":"post","link":"https:\/\/www.24baires.com\/?p=121524","title":{"rendered":"Por falta de acuerdo con el Gobierno nacional, las universidades har\u00e1n paro de 72 horas"},"content":{"rendered":"<p><img data-recalc-dims=\"1\" loading=\"lazy\" decoding=\"async\" class=\"aligncenter wp-image-101492\" src=\"https:\/\/i0.wp.com\/www.24baires.com\/wp-content\/uploads\/2018\/04\/docentes-universitarios.jpg?resize=720%2C480\" alt=\"\" width=\"720\" height=\"480\" srcset=\"https:\/\/i0.wp.com\/www.24baires.com\/wp-content\/uploads\/2018\/04\/docentes-universitarios.jpg?w=560&amp;ssl=1 560w, https:\/\/i0.wp.com\/www.24baires.com\/wp-content\/uploads\/2018\/04\/docentes-universitarios.jpg?resize=300%2C200&amp;ssl=1 300w\" sizes=\"auto, (max-width: 720px) 100vw, 720px\" \/>Por el conflicto salarial, el Frente Sindical de Universidades Nacionales anunci\u00f3 un paro para la semana que viene, en el inicio del segundo cuatrimestre.<!--more--><\/p>\n<p>El Gobierno nacional no ofreci\u00f3 ninguna soluci\u00f3n para frenar el conflicto salarial docente, y los gremios de las Universidades Nacionales decretaron un paro de 72 horas en medio del inicio del segundo cuatrimestre. Adem\u00e1s, habr\u00e1 otro paro de 48 horas la pr\u00f3xima semana al que se adhiere la UNLP.<\/p>\n<p>La jornada de protesta con paros y actividades de visibilizaci\u00f3n ser\u00e1 los d\u00edas 12, 13 y 14 \u00abcomo respuesta a la enorme crisis salarial de las trabajadoras y los trabajadores de las Universidades Nacionales\u00bb, informaron mediante un comunicado desde la CONADU.<\/p>\n<p>\u00abEl Plan de acci\u00f3n continuar\u00e1 con otras 48 horas de protesta con paros y visibilizaci\u00f3n, los d\u00edas 20 y 21 de agosto. El d\u00eda 23 de agosto el Frente se reunir\u00e1 para evaluar la continuidad del Plan de acci\u00f3n gremial\u00bb, agregaron en el mismo comunicado.<\/p>\n<p>Recordamos que en el inicio de la semana pasada, la ministra de Capital Humano, Sandra Pettovello, puso sobre la mesa una oferta que fue categ\u00f3ricamente rechazada por los gremios ya que no cumpl\u00eda con las expectativas de los trabajadores.<\/p>\n","protected":false},"excerpt":{"rendered":"<p>Por el conflicto salarial, el Frente Sindical de Universidades Nacionales anunci\u00f3 un paro para la semana que viene, en el inicio del segundo cuatrimestre.<\/p>\n","protected":false},"author":8,"featured_media":0,"comment_status":"closed","ping_status":"closed","sticky":false,"template":"","format":"standard","meta":{"_jetpack_newsletter_access":"","_jetpack_dont_email_post_to_subs":false,"_jetpack_newsletter_tier_id":0,"_jetpack_memberships_contains_paywalled_content":false,"_jetpack_memberships_contains_paid_content":false,"footnotes":""},"categories":[1],"tags":[],"class_list":["post-121524","post","type-post","status-publish","format-standard","hentry","category-sociedad"],"jetpack_featured_media_url":"","jetpack_shortlink":"https:\/\/wp.me\/p2JWE0-vC4","jetpack-related-posts":[{"id":121540,"url":"https:\/\/www.24baires.com\/?p=121540","url_meta":{"origin":121524,"position":0},"title":"Katopodis: \u00abNos vamos a hacer cargo de la Infraestructura Universitaria que Naci\u00f3n abandon\u00f3\u00bb","author":"GB","date":"14\/08\/2024","format":false,"excerpt":"El ministro de Infraestructura bonaerense, Grabriel Katopodis, apunt\u00f3 contra Milei y Caputo y los responsabiliz\u00f3 por el no inicio del segundo cuatrimestre. La semana arranc\u00f3 con un paro docente en las universidades nacionales de todo el pa\u00eds, en medio de un conflicto salarial que parece no tener soluci\u00f3n. Gabriel Katopodis,\u2026","rel":"","context":"En \u00abProvincia\u00bb","block_context":{"text":"Provincia","link":"https:\/\/www.24baires.com\/?cat=40"},"img":{"alt_text":"","src":"https:\/\/i0.wp.com\/www.24baires.com\/wp-content\/uploads\/2024\/08\/katopolis.webp?resize=350%2C200","width":350,"height":200,"srcset":"https:\/\/i0.wp.com\/www.24baires.com\/wp-content\/uploads\/2024\/08\/katopolis.webp?resize=350%2C200 1x, https:\/\/i0.wp.com\/www.24baires.com\/wp-content\/uploads\/2024\/08\/katopolis.webp?resize=525%2C300 1.5x, https:\/\/i0.wp.com\/www.24baires.com\/wp-content\/uploads\/2024\/08\/katopolis.webp?resize=700%2C400 2x"},"classes":[]},{"id":101491,"url":"https:\/\/www.24baires.com\/?p=101491","url_meta":{"origin":121524,"position":1},"title":"Docentes universitarios realizar\u00e1n paro por 48 horas en reclamo de mejoras salariales","author":"GB","date":"09\/04\/2018","format":false,"excerpt":"Los trabajadores de la educaci\u00f3n de estudios superiores convocaron a la medida para el martes y mi\u00e9rcoles de esta semana. Exigen al gobierno nacional un aumento de 25% con cl\u00e1usula gatillo. Los docentes universitarios de todo el pa\u00eds realizar\u00e1n un paro por 48 horas este martes y mi\u00e9rcoles en reclamo\u2026","rel":"","context":"En \u00abSociedad\u00bb","block_context":{"text":"Sociedad","link":"https:\/\/www.24baires.com\/?cat=1"},"img":{"alt_text":"","src":"https:\/\/i0.wp.com\/www.24baires.com\/wp-content\/uploads\/2018\/04\/docentes-universitarios.jpg?resize=350%2C200","width":350,"height":200,"srcset":"https:\/\/i0.wp.com\/www.24baires.com\/wp-content\/uploads\/2018\/04\/docentes-universitarios.jpg?resize=350%2C200 1x, https:\/\/i0.wp.com\/www.24baires.com\/wp-content\/uploads\/2018\/04\/docentes-universitarios.jpg?resize=525%2C300 1.5x"},"classes":[]},{"id":104505,"url":"https:\/\/www.24baires.com\/?p=104505","url_meta":{"origin":121524,"position":2},"title":"Cicop vuelve al paro por 48 horas con una marcha a la Gobernaci\u00f3n","author":"GB","date":"17\/09\/2018","format":false,"excerpt":"M\u00e9dicos y profesionales bonaerenses profundizan la protesta en el marco del pedido de paritarias para discutir aumentos de sueldos. El mi\u00e9rcoles confluir\u00e1n en una movilizaci\u00f3n junto a otros gremios. Al reclamo salarial de los estatales, docentes y judiciales, los m\u00e9dicos y profesionales de la salud bonaerenses se le suman en\u2026","rel":"","context":"En \u00abProvincia\u00bb","block_context":{"text":"Provincia","link":"https:\/\/www.24baires.com\/?cat=40"},"img":{"alt_text":"","src":"https:\/\/i0.wp.com\/www.24baires.com\/wp-content\/uploads\/2016\/12\/cicop.jpg?resize=350%2C200","width":350,"height":200,"srcset":"https:\/\/i0.wp.com\/www.24baires.com\/wp-content\/uploads\/2016\/12\/cicop.jpg?resize=350%2C200 1x, https:\/\/i0.wp.com\/www.24baires.com\/wp-content\/uploads\/2016\/12\/cicop.jpg?resize=525%2C300 1.5x"},"classes":[]},{"id":93175,"url":"https:\/\/www.24baires.com\/?p=93175","url_meta":{"origin":121524,"position":3},"title":"M\u00e9dicos bonaerenses volver\u00e1n a parar martes y mi\u00e9rcoles","author":"AF","date":"20\/03\/2017","format":false,"excerpt":"Los m\u00e9dicos de los hospitales p\u00fablicos bonaerenses nucleados en la Cicop, anunciaron un paro de 48 horas para este martes y el mi\u00e9rcoles para reclamar una nueva oferta salarial, mientras que repetir\u00e1n la protesta el 29 y 30 de este mes. Ante lo que consideraron \u201cuna falta de respuestas del\u2026","rel":"","context":"En \u00abSociedad\u00bb","block_context":{"text":"Sociedad","link":"https:\/\/www.24baires.com\/?cat=1"},"img":{"alt_text":"","src":"https:\/\/i0.wp.com\/www.24baires.com\/wp-content\/uploads\/2014\/09\/hospital-cerrado.jpg?resize=350%2C200","width":350,"height":200,"srcset":"https:\/\/i0.wp.com\/www.24baires.com\/wp-content\/uploads\/2014\/09\/hospital-cerrado.jpg?resize=350%2C200 1x, https:\/\/i0.wp.com\/www.24baires.com\/wp-content\/uploads\/2014\/09\/hospital-cerrado.jpg?resize=525%2C300 1.5x"},"classes":[]},{"id":65390,"url":"https:\/\/www.24baires.com\/?p=65390","url_meta":{"origin":121524,"position":4},"title":"A pesar de los cambios en Ganancias, gremios insisten con las protestas","author":"GB","date":"05\/05\/2015","format":false,"excerpt":"Los empleados bancarios se sumaron este martes a los gremios que est\u00e1n en conflicto, ante la falta de respuestas a pedidos de aumentos salariales y frente al intento del gobierno, por poner un techo a las negociaciones paritarias. El secretario general de La Bancaria, Sergio Palazzo, ratific\u00f3 la jornada de\u2026","rel":"","context":"En \u00abPol\u00edtica\u00bb","block_context":{"text":"Pol\u00edtica","link":"https:\/\/www.24baires.com\/?cat=51"},"img":{"alt_text":"gremios contra ganancias","src":"https:\/\/i0.wp.com\/www.24baires.com\/wp-content\/uploads\/2015\/05\/gremios-contra-ganancias.jpg?resize=350%2C200","width":350,"height":200,"srcset":"https:\/\/i0.wp.com\/www.24baires.com\/wp-content\/uploads\/2015\/05\/gremios-contra-ganancias.jpg?resize=350%2C200 1x, https:\/\/i0.wp.com\/www.24baires.com\/wp-content\/uploads\/2015\/05\/gremios-contra-ganancias.jpg?resize=525%2C300 1.5x"},"classes":[]},{"id":103683,"url":"https:\/\/www.24baires.com\/?p=103683","url_meta":{"origin":121524,"position":5},"title":"Comenz\u00f3 la semana de paro universitario en el pa\u00eds","author":"GB","date":"06\/08\/2018","format":false,"excerpt":"La medida de fuerza es impulsada por CONADU junto a las dem\u00e1s federaciones nacionales en reclamo del llamado a una nueva paritaria y ante el rechazo al ajuste presupuestario. El viernes definir\u00e1n si contin\u00faan con la huelga. Colegios y facultades de la Universidad Nacional de La Plata (UNLP) no comenzar\u00e1n\u2026","rel":"","context":"En \u00abSociedad\u00bb","block_context":{"text":"Sociedad","link":"https:\/\/www.24baires.com\/?cat=1"},"img":{"alt_text":"","src":"https:\/\/i0.wp.com\/www.24baires.com\/wp-content\/uploads\/2016\/05\/universitarios.jpg?resize=350%2C200","width":350,"height":200,"srcset":"https:\/\/i0.wp.com\/www.24baires.com\/wp-content\/uploads\/2016\/05\/universitarios.jpg?resize=350%2C200 1x, https:\/\/i0.wp.com\/www.24baires.com\/wp-content\/uploads\/2016\/05\/universitarios.jpg?resize=525%2C300 1.5x"},"classes":[]}],"jetpack_sharing_enabled":true,"jetpack_likes_enabled":true,"_links":{"self":[{"href":"https:\/\/www.24baires.com\/index.php?rest_route=\/wp\/v2\/posts\/121524","targetHints":{"allow":["GET"]}}],"collection":[{"href":"https:\/\/www.24baires.com\/index.php?rest_route=\/wp\/v2\/posts"}],"about":[{"href":"https:\/\/www.24baires.com\/index.php?rest_route=\/wp\/v2\/types\/post"}],"author":[{"embeddable":true,"href":"https:\/\/www.24baires.com\/index.php?rest_route=\/wp\/v2\/users\/8"}],"replies":[{"embeddable":true,"href":"https:\/\/www.24baires.com\/index.php?rest_route=%2Fwp%2Fv2%2Fcomments&post=121524"}],"version-history":[{"count":1,"href":"https:\/\/www.24baires.com\/index.php?rest_route=\/wp\/v2\/posts\/121524\/revisions"}],"predecessor-version":[{"id":121525,"href":"https:\/\/www.24baires.com\/index.php?rest_route=\/wp\/v2\/posts\/121524\/revisions\/121525"}],"wp:attachment":[{"href":"https:\/\/www.24baires.com\/index.php?rest_route=%2Fwp%2Fv2%2Fmedia&parent=121524"}],"wp:term":[{"taxonomy":"category","embeddable":true,"href":"https:\/\/www.24baires.com\/index.php?rest_route=%2Fwp%2Fv2%2Fcategories&post=121524"},{"taxonomy":"post_tag","embeddable":true,"href":"https:\/\/www.24baires.com\/index.php?rest_route=%2Fwp%2Fv2%2Ftags&post=121524"}],"curies":[{"name":"wp","href":"https:\/\/api.w.org\/{rel}","templated":true}]}}