{"id":12151,"date":"2013-01-14T16:28:18","date_gmt":"2013-01-14T19:28:18","guid":{"rendered":"http:\/\/www.24baires.com\/?p=12151"},"modified":"2013-01-14T16:28:18","modified_gmt":"2013-01-14T19:28:18","slug":"greenpeace-sorprendio-a-scioli-con-un-reclamo-por-la-reserva-del-puerto-marplatense","status":"publish","type":"post","link":"https:\/\/www.24baires.com\/?p=12151","title":{"rendered":"Greenpeace sorprendi\u00f3 a Scioli con un reclamo por la Reserva del Puerto marplatense"},"content":{"rendered":"<p>Mujeres integrantes de la organizaci\u00f3n ecologista Greenpeace sorprendieron en Miramar al gobernador bonaerense, Daniel Scioli, para reiterarle cara a cara el reclamo de declaraci\u00f3n de reserva provincial de un \u00e1rea protegida situada en el puerto de Mar del Plata, inform\u00f3 la entidad. <!--more--><\/p>\n<p>Las ambientalistas de la organizaci\u00f3n, disfrazadas de porristas, se colocaron a pocos metros de los equipos del partido final del \u00abTorneo Futsal 2013\u00bb, disputado en la ciudad balnearia, uno de los cuales era el de Villa La \u00d1ata, que integra el mandatario provincial.<\/p>\n<p>Las ecologistas, poco antes del inicio del cotejo, entregaron un trofeo al gobernador con la leyenda \u00abDestructor de la reserva del puerto\u00bb de Mar del Plata. Greenpeace, en un comunicado, insisti\u00f3 con la denuncia de \u00abobras ilegales desarrolladas\u00bb en el \u00e1rea protegida del puerto de la Feliz y volvieron a exigir que quede amparada bajo la ley de Parques y Reservas Naturales.<\/p>\n<p>\u00abLa \u00fanica reserva urbana que posee Mar del Plata est\u00e1 siendo severamente amenazada por el progresivo avance de obras ilegales, como el relleno de una laguna continental. Por eso, el apoyo de Scioli para que la reserva del puerto sea declarada provincial es de suma importancia\u00bb, manifest\u00f3 el coordinador de la campa\u00f1a sobre el asunto, Pedro Figueroa.<\/p>\n<p>En el parte informativo, adem\u00e1s, remarc\u00f3 que esa \u00abreserva es un ambiente con caracter\u00edsticas \u00fanicas en Mar del Plata, que funciona como espacio de amortiguaci\u00f3n entre zonas industriales, tur\u00edsticas y residenciales\u00bb.<\/p>\n<p>Puntualiz\u00f3 que, en el \u00e1rea protegida, \u00abse encuentran representados ecosistemas como el humedal, las playas, las lagunas y m\u00e1s de 170 especies de vegetales, adem\u00e1s de 150 especies de aves que son el elemento m\u00e1s destacado de la fauna\u00bb.<\/p>\n<p>&nbsp;<\/p>\n<p>&nbsp;<\/p>\n<p>&nbsp;<\/p>\n<p>&nbsp;<\/p>\n<p>&nbsp;<\/p>\n<p>&nbsp;<\/p>\n<p>&nbsp;<\/p>\n<p>&nbsp;<\/p>\n<p>&nbsp;<\/p>\n<p>&nbsp;<\/p>\n<p>&nbsp;<\/p>\n<p>&nbsp;<\/p>\n<p>&nbsp;<\/p>\n<p>&nbsp;<\/p>\n<p>&nbsp;<\/p>\n<p>&nbsp;<\/p>\n<p>&nbsp;<\/p>\n","protected":false},"excerpt":{"rendered":"<p>Mujeres integrantes de la organizaci\u00f3n ecologista Greenpeace sorprendieron en Miramar al gobernador bonaerense, Daniel Scioli, para reiterarle cara a cara el reclamo de declaraci\u00f3n de reserva provincial de un \u00e1rea protegida situada en el puerto de Mar del Plata, inform\u00f3 la entidad.<\/p>\n","protected":false},"author":4,"featured_media":0,"comment_status":"open","ping_status":"open","sticky":false,"template":"","format":"standard","meta":{"_jetpack_newsletter_access":"","_jetpack_dont_email_post_to_subs":false,"_jetpack_newsletter_tier_id":0,"_jetpack_memberships_contains_paywalled_content":false,"_jetpack_memberships_contains_paid_content":false,"footnotes":""},"categories":[1],"tags":[],"class_list":["post-12151","post","type-post","status-publish","format-standard","hentry","category-sociedad"],"jetpack_featured_media_url":"","jetpack_shortlink":"https:\/\/wp.me\/p2JWE0-39Z","jetpack-related-posts":[{"id":37643,"url":"https:\/\/www.24baires.com\/?p=37643","url_meta":{"origin":12151,"position":0},"title":"Mar del Plata: Buscan resguardar lo que queda de Reserva","author":"Grupo Sierra","date":"30\/12\/2013","format":false,"excerpt":"El gobernador Daniel Scioli comunic\u00f3 a la organizaci\u00f3n Greenpeace su decisi\u00f3n de seguir avanzando con el proyecto de ley que prev\u00e9 declarar como Reserva Natural Provincial a las tierras del puerto de Mar del Plata que est\u00e1n siendo disputadas entre el Club Atl\u00e9tico Aldosivi y ambientalistas. Scioli ratific\u00f3 su determinaci\u00f3n\u2026","rel":"","context":"En \u00abLocales\u00bb","block_context":{"text":"Locales","link":"https:\/\/www.24baires.com\/?cat=38"},"img":{"alt_text":"aldosivi reserva puerto 2","src":"https:\/\/i0.wp.com\/www.24baires.com\/wp-content\/uploads\/2013\/06\/aldosivi-reserva-puerto-2-300x213.jpg?resize=350%2C200","width":350,"height":200},"classes":[]},{"id":12456,"url":"https:\/\/www.24baires.com\/?p=12456","url_meta":{"origin":12151,"position":1},"title":"La Senadora Di Rado insiste en provincializar la Reserva Natural del Puerto marplatense","author":"AF","date":"16\/01\/2013","format":false,"excerpt":"\u201cCon el apoyo de Daniel Scioli, creo que r\u00e1pidamente podremos convertir en ley el proyecto para provincializar la Reserva Natural Del Puerto\u201d, dijo la legisladora. Cristina Di Rado present\u00f3 el a\u00f1o pasado un proyecto que busca declarar como reserva natural provincial al sector ubicado entre el puerto y Punta Mogotes\u2026","rel":"","context":"En \u00abPol\u00edtica\u00bb","block_context":{"text":"Pol\u00edtica","link":"https:\/\/www.24baires.com\/?cat=51"},"img":{"alt_text":"","src":"","width":0,"height":0},"classes":[]},{"id":57526,"url":"https:\/\/www.24baires.com\/?p=57526","url_meta":{"origin":12151,"position":2},"title":"El Senado sancion\u00f3 una ley para proteger la Reserva Natural del Puerto de Mar del Plata","author":"GB","date":"22\/11\/2014","format":false,"excerpt":"Tal como se comprometi\u00f3 el gobernador Daniel Scioli con distintos sectores sociales y ambientales de Mar del Plata, la C\u00e1mara de Senadores de la provincia de Buenos Aires dio media sanci\u00f3n a la Ley que declara a la \u201cReserva Natural Puerto Mar del Plata\u201d, como \"Reserva Natural Provincial de Objetivos\u2026","rel":"","context":"En \u00abMunicipios\u00bb","block_context":{"text":"Municipios","link":"https:\/\/www.24baires.com\/?cat=44"},"img":{"alt_text":"reserva puerto","src":"https:\/\/i0.wp.com\/www.24baires.com\/wp-content\/uploads\/2014\/11\/reserva-puerto-300x225.jpg?resize=350%2C200","width":350,"height":200},"classes":[]},{"id":58493,"url":"https:\/\/www.24baires.com\/?p=58493","url_meta":{"origin":12151,"position":3},"title":"La Laguna del Puerto es Reserva Natural en Mar del Plata","author":"Grupo Sierra","date":"11\/12\/2014","format":false,"excerpt":"Lo sancion\u00f3 como Ley la C\u00e1mara de Diputados de la provincia de Buenos Aires. El proyecto cuenta con el respaldo del Organismo Provincial para el Desarrollo Sostenible (OPDS) y de organizaciones ambientalistas. La Honorable C\u00e1mara de Diputados de la provincia de Buenos Aires sancion\u00f3 este jueves la Ley que declara\u2026","rel":"","context":"En \u00abLocales\u00bb","block_context":{"text":"Locales","link":"https:\/\/www.24baires.com\/?cat=38"},"img":{"alt_text":"reserva_natural_puerto_mar_del_plata laguna","src":"https:\/\/i0.wp.com\/www.24baires.com\/wp-content\/uploads\/2014\/12\/reserva_natural_puerto_mar_del_plata-laguna.jpg?resize=350%2C200","width":350,"height":200,"srcset":"https:\/\/i0.wp.com\/www.24baires.com\/wp-content\/uploads\/2014\/12\/reserva_natural_puerto_mar_del_plata-laguna.jpg?resize=350%2C200 1x, https:\/\/i0.wp.com\/www.24baires.com\/wp-content\/uploads\/2014\/12\/reserva_natural_puerto_mar_del_plata-laguna.jpg?resize=525%2C300 1.5x"},"classes":[]},{"id":58720,"url":"https:\/\/www.24baires.com\/?p=58720","url_meta":{"origin":12151,"position":4},"title":"GreenVerso","author":"GB","date":"16\/12\/2014","format":false,"excerpt":"En los \u00faltimos d\u00edas se festej\u00f3 con mucha pompa lo que se present\u00f3 como \u201cel final de una vieja disputa\u201d al anunciar que se hab\u00eda aprobado la provincializaci\u00f3n de la Reserva Puerto Mar del Plata, que finalmente no estar\u00eda a merced de las oscuras intenciones del club Aldosivi. Nadie advirti\u00f3\u2026","rel":"","context":"En \u00abOpini\u00f3n\u00bb","block_context":{"text":"Opini\u00f3n","link":"https:\/\/www.24baires.com\/?cat=64"},"img":{"alt_text":"reserva_natural_puerto_mar_del_plata laguna","src":"https:\/\/i0.wp.com\/www.24baires.com\/wp-content\/uploads\/2014\/12\/reserva_natural_puerto_mar_del_plata-laguna.jpg?resize=350%2C200","width":350,"height":200,"srcset":"https:\/\/i0.wp.com\/www.24baires.com\/wp-content\/uploads\/2014\/12\/reserva_natural_puerto_mar_del_plata-laguna.jpg?resize=350%2C200 1x, https:\/\/i0.wp.com\/www.24baires.com\/wp-content\/uploads\/2014\/12\/reserva_natural_puerto_mar_del_plata-laguna.jpg?resize=525%2C300 1.5x"},"classes":[]},{"id":35394,"url":"https:\/\/www.24baires.com\/?p=35394","url_meta":{"origin":12151,"position":5},"title":"Liberaron bajo fianza a Camila y a Hern\u00e1n, activistas de Greenpeace","author":"AF","date":"19\/11\/2013","format":false,"excerpt":"La justicia rusa concedi\u00f3 hoy la libertad bajo fianza a la activista argentina de Greenpeace. La decisi\u00f3n se suma a la que horas antes hab\u00eda beneficiado al otro argentino tambi\u00e9n encarcelado en San Petersburgo. La justicia rusa concedi\u00f3 hoy la libertad bajo fianza a la activista argentina de Greenpeace Camila\u2026","rel":"","context":"En \u00abSociedad\u00bb","block_context":{"text":"Sociedad","link":"https:\/\/www.24baires.com\/?cat=1"},"img":{"alt_text":"","src":"","width":0,"height":0},"classes":[]}],"jetpack_sharing_enabled":true,"jetpack_likes_enabled":true,"_links":{"self":[{"href":"https:\/\/www.24baires.com\/index.php?rest_route=\/wp\/v2\/posts\/12151","targetHints":{"allow":["GET"]}}],"collection":[{"href":"https:\/\/www.24baires.com\/index.php?rest_route=\/wp\/v2\/posts"}],"about":[{"href":"https:\/\/www.24baires.com\/index.php?rest_route=\/wp\/v2\/types\/post"}],"author":[{"embeddable":true,"href":"https:\/\/www.24baires.com\/index.php?rest_route=\/wp\/v2\/users\/4"}],"replies":[{"embeddable":true,"href":"https:\/\/www.24baires.com\/index.php?rest_route=%2Fwp%2Fv2%2Fcomments&post=12151"}],"version-history":[{"count":2,"href":"https:\/\/www.24baires.com\/index.php?rest_route=\/wp\/v2\/posts\/12151\/revisions"}],"predecessor-version":[{"id":12153,"href":"https:\/\/www.24baires.com\/index.php?rest_route=\/wp\/v2\/posts\/12151\/revisions\/12153"}],"wp:attachment":[{"href":"https:\/\/www.24baires.com\/index.php?rest_route=%2Fwp%2Fv2%2Fmedia&parent=12151"}],"wp:term":[{"taxonomy":"category","embeddable":true,"href":"https:\/\/www.24baires.com\/index.php?rest_route=%2Fwp%2Fv2%2Fcategories&post=12151"},{"taxonomy":"post_tag","embeddable":true,"href":"https:\/\/www.24baires.com\/index.php?rest_route=%2Fwp%2Fv2%2Ftags&post=12151"}],"curies":[{"name":"wp","href":"https:\/\/api.w.org\/{rel}","templated":true}]}}