{"id":121507,"date":"2024-08-06T06:40:11","date_gmt":"2024-08-06T09:40:11","guid":{"rendered":"https:\/\/www.24baires.com\/?p=121507"},"modified":"2024-08-06T06:40:11","modified_gmt":"2024-08-06T09:40:11","slug":"provincia-participara-en-la-marcha-por-san-cayetano-con-su-propia-columna","status":"publish","type":"post","link":"https:\/\/www.24baires.com\/?p=121507","title":{"rendered":"Provincia participar\u00e1 en la marcha por San Cayetano con su propia columna"},"content":{"rendered":"<p><img data-recalc-dims=\"1\" loading=\"lazy\" decoding=\"async\" class=\"aligncenter wp-image-121508\" src=\"https:\/\/i0.wp.com\/www.24baires.com\/wp-content\/uploads\/2024\/08\/san-cayetano.webp?resize=720%2C480\" alt=\"\" width=\"720\" height=\"480\" \/>Funcionarios del gabinete bonaerense estar\u00e1n presentes en la movilizaci\u00f3n de este mi\u00e9rcoles contra las pol\u00edticas del Gobierno nacional. \u00abVamos a estar porque corresponde\u00bb manifestaron.<!--more--><\/p>\n<p>El Gobierno bonaerense participar\u00e1 de la movilizaci\u00f3n de este mi\u00e9rcoles 7 de agosto en el marco de la conmemoraci\u00f3n de San Cayetano, organizada por la Uni\u00f3n de Trabajadores y Trabajadoras de la Econom\u00eda Popular (UTEP) y con la adhesi\u00f3n confirmada de la CGT y las dos CTA.<\/p>\n<p>El ministro de Gobierno, Carlos Bianco, asegur\u00f3 esta ma\u00f1ana durante su conferencia de prensa que \u00abla Provincia va a estar participando junto con intendentes, organizaciones sociales, partidos pol\u00edticos, sindicatos con una columna propia\u00bb. La presencia bonaerense ya se ha hecho presente en otros reclamos contra Javier Milei con la participaci\u00f3n de ministros, jefes comunales y funcionarios provinciales en las calle.<\/p>\n<p>Asimismo, rectific\u00f3 el llamado a marchar se\u00f1alando que \u00abcreemos que corresponde participar, m\u00e1s all\u00e1 del festejo de San Cayetano, me parece que en este contexto donde las pol\u00edticas del Gobierno nacional est\u00e1n impactando tan fuerte en la poblaci\u00f3n pero sobre todo en los segmentos de menores recursos\u00bb y confirm\u00f3 que \u00abnos vamos a sumar a la protesta para que cambie este modelo econ\u00f3mico de desindustrializaci\u00f3n, desempleo, ca\u00edda de los salarios y de las jubilaciones\u00bb.<\/p>\n<p>En este sentido, el funcionario se\u00f1al\u00f3 que \u00abhay cambiar el rumbo. No se ve ning\u00fan brote verde, est\u00e1 bastante \u00e1rido el terreno. Estamos en un desierto y no se ve ninguna luz al final del t\u00fanel\u00bb.<\/p>\n<p>El encargado de dirigir la columna de los funcionarios bonaerenses ser\u00e1 el ministro de Desarrollo de la Comunidad provincial, Andr\u00e9s Larroque. Por su parte, a\u00fan se desconoce si el gobernador Axel Kicillof formar\u00e1 parte de la movilizaci\u00f3n, ya que esa misma fecha, su agenda inclu\u00eda una visita a la Quinta Secci\u00f3n Electoral para inagurar dos centros de salud, uno en Villa Gesell y otro en Lezama.<\/p>\n","protected":false},"excerpt":{"rendered":"<p>Funcionarios del gabinete bonaerense estar\u00e1n presentes en la movilizaci\u00f3n de este mi\u00e9rcoles contra las pol\u00edticas del Gobierno nacional. \u00abVamos a estar porque corresponde\u00bb manifestaron.<\/p>\n","protected":false},"author":8,"featured_media":0,"comment_status":"closed","ping_status":"closed","sticky":false,"template":"","format":"standard","meta":{"_jetpack_newsletter_access":"","_jetpack_dont_email_post_to_subs":false,"_jetpack_newsletter_tier_id":0,"_jetpack_memberships_contains_paywalled_content":false,"_jetpack_memberships_contains_paid_content":false,"footnotes":""},"categories":[40],"tags":[],"class_list":["post-121507","post","type-post","status-publish","format-standard","hentry","category-provincia"],"jetpack_featured_media_url":"","jetpack_shortlink":"https:\/\/wp.me\/p2JWE0-vBN","jetpack-related-posts":[{"id":104543,"url":"https:\/\/www.24baires.com\/?p=104543","url_meta":{"origin":121507,"position":0},"title":"Estatales, docentes, judiciales y m\u00e9dicos realizan paro con movilizaci\u00f3n","author":"GB","date":"19\/09\/2018","format":false,"excerpt":"Este mi\u00e9rcoles comenz\u00f3 la medida de fuerza en toda la provincia y contar\u00e1 con una marcha en La Plata para exigir un \u201ccambio de rumbo en las pol\u00edticas sociales, laborales y econ\u00f3micas\u201d. Este mi\u00e9rcoles los gremios estatales bonaerenses ATE, CICOP, AJB, Suteba, APL y FND realizan un paro con movilizaci\u00f3n\u2026","rel":"","context":"En \u00abProvincia\u00bb","block_context":{"text":"Provincia","link":"https:\/\/www.24baires.com\/?cat=40"},"img":{"alt_text":"","src":"https:\/\/i0.wp.com\/www.24baires.com\/wp-content\/uploads\/2018\/03\/ate-docentes-300x200.jpg?resize=350%2C200","width":350,"height":200},"classes":[]},{"id":122357,"url":"https:\/\/www.24baires.com\/?p=122357","url_meta":{"origin":121507,"position":1},"title":"\u201cVamos a volver con m\u00e1s fuerza y sabidur\u00eda\u201d","author":"GB","date":"18\/06\/2025","format":false,"excerpt":"Militantes y dirigentes del peronismo provenientes de todo el pa\u00eds viajaron a Buenos Aires para una marcha desde Plaza de Mayo. El PJ estim\u00f3 que hubo medio mill\u00f3n de manifestantes. Finalmente, no fue en los tribunales federales de Comodoro Py, pero s\u00ed hubo movilizaci\u00f3n. Este mi\u00e9rcoles, Organizada por el Partido\u2026","rel":"","context":"En \u00abPol\u00edtica\u00bb","block_context":{"text":"Pol\u00edtica","link":"https:\/\/www.24baires.com\/?cat=51"},"img":{"alt_text":"","src":"https:\/\/i0.wp.com\/www.24baires.com\/wp-content\/uploads\/2025\/06\/marcha-cristina.gif?resize=350%2C200","width":350,"height":200,"srcset":"https:\/\/i0.wp.com\/www.24baires.com\/wp-content\/uploads\/2025\/06\/marcha-cristina.gif?resize=350%2C200 1x, https:\/\/i0.wp.com\/www.24baires.com\/wp-content\/uploads\/2025\/06\/marcha-cristina.gif?resize=525%2C300 1.5x, https:\/\/i0.wp.com\/www.24baires.com\/wp-content\/uploads\/2025\/06\/marcha-cristina.gif?resize=700%2C400 2x"},"classes":[]},{"id":111459,"url":"https:\/\/www.24baires.com\/?p=111459","url_meta":{"origin":121507,"position":2},"title":"Convocan a una multitudinaria marcha en San Cayetano contra el hambre","author":"AF","date":"05\/08\/2019","format":false,"excerpt":"Este mi\u00e9rcoles 7 de agosto, movimientos sociales y gremios partir\u00e1n desde Liniers, luego de realizada la homil\u00eda del arzobispo de Buenos Aires, el cardenal Mario Aurelio Poli, con destino al Congreso Nacional. El santuario de San Cayetano del barrio porte\u00f1o de Liniers volver\u00e1 -este 7 de agosto- a ser el\u2026","rel":"","context":"En \u00abSociedad\u00bb","block_context":{"text":"Sociedad","link":"https:\/\/www.24baires.com\/?cat=1"},"img":{"alt_text":"","src":"https:\/\/i0.wp.com\/www.24baires.com\/wp-content\/uploads\/2013\/05\/marcha-paraguas.jpg?resize=350%2C200","width":350,"height":200,"srcset":"https:\/\/i0.wp.com\/www.24baires.com\/wp-content\/uploads\/2013\/05\/marcha-paraguas.jpg?resize=350%2C200 1x, https:\/\/i0.wp.com\/www.24baires.com\/wp-content\/uploads\/2013\/05\/marcha-paraguas.jpg?resize=525%2C300 1.5x"},"classes":[]},{"id":104402,"url":"https:\/\/www.24baires.com\/?p=104402","url_meta":{"origin":121507,"position":3},"title":"Trabajadores de ATE parar\u00e1n este mi\u00e9rcoles y habr\u00e1 manifestaciones en toda la Provincia","author":"AF","date":"11\/09\/2018","format":false,"excerpt":"Trabajadores nucleados en ATE realizar\u00e1n este mi\u00e9rcoles un paro nacional multisectorial con movilizaciones y cortes en todo el pa\u00eds con fuertes cuestionamientos al rumbo de las pol\u00edticas econ\u00f3micas y sociales del Gobierno. En la provincia, la medida se desarrollar\u00e1 en todo el territorio con m\u00e1s de 20 cortes programados y\u2026","rel":"","context":"En \u00abSociedad\u00bb","block_context":{"text":"Sociedad","link":"https:\/\/www.24baires.com\/?cat=1"},"img":{"alt_text":"","src":"https:\/\/i0.wp.com\/www.24baires.com\/wp-content\/uploads\/2016\/03\/marcha-ate.jpg?resize=350%2C200","width":350,"height":200,"srcset":"https:\/\/i0.wp.com\/www.24baires.com\/wp-content\/uploads\/2016\/03\/marcha-ate.jpg?resize=350%2C200 1x, https:\/\/i0.wp.com\/www.24baires.com\/wp-content\/uploads\/2016\/03\/marcha-ate.jpg?resize=525%2C300 1.5x"},"classes":[]},{"id":114121,"url":"https:\/\/www.24baires.com\/?p=114121","url_meta":{"origin":121507,"position":4},"title":"Kicillof particip\u00f3 de la primera capacitaci\u00f3n de la Ley Micaela","author":"AF","date":"13\/02\/2020","format":false,"excerpt":"Funcionarios de la gobernaci\u00f3n bonaerense tuvieron su primera capacitaci\u00f3n de g\u00e9nero, a cargo del padre de Micaela Garc\u00eda. La provincia de Buenos Aires cuenta, formalmente, con el Consejo de Pol\u00edticas de G\u00e9nero Transversales en la Administraci\u00f3n P\u00fablica. El gobernador Axel Kicillof y la ministra de las Mujeres, Pol\u00edticas de G\u00e9nero\u2026","rel":"","context":"En \u00abProvincia\u00bb","block_context":{"text":"Provincia","link":"https:\/\/www.24baires.com\/?cat=40"},"img":{"alt_text":"","src":"https:\/\/i0.wp.com\/www.24baires.com\/wp-content\/uploads\/2020\/02\/kicillof.jpg?resize=350%2C200","width":350,"height":200,"srcset":"https:\/\/i0.wp.com\/www.24baires.com\/wp-content\/uploads\/2020\/02\/kicillof.jpg?resize=350%2C200 1x, https:\/\/i0.wp.com\/www.24baires.com\/wp-content\/uploads\/2020\/02\/kicillof.jpg?resize=525%2C300 1.5x"},"classes":[]},{"id":101728,"url":"https:\/\/www.24baires.com\/?p=101728","url_meta":{"origin":121507,"position":5},"title":"Vidal empeor\u00f3 la oferta a docentes y el mi\u00e9rcoles no habr\u00e1 clases","author":"AF","date":"20\/04\/2018","format":false,"excerpt":"Los maestros bonaerenses denunciaron que la \u00faltima propuesta oficial, que contempla un 10 por ciento de aumento en el primer semestre, en tres cuotas y sin cl\u00e1usula gatillo, \"es inferior\" a la anterior, que llegaba a un 11 por ciento en julio. \"La Provincia est\u00e1 en condiciones de hacer otra\u2026","rel":"","context":"En \u00abSociedad\u00bb","block_context":{"text":"Sociedad","link":"https:\/\/www.24baires.com\/?cat=1"},"img":{"alt_text":"","src":"https:\/\/i0.wp.com\/www.24baires.com\/wp-content\/uploads\/2017\/04\/salarios-docentes.jpg?resize=350%2C200","width":350,"height":200,"srcset":"https:\/\/i0.wp.com\/www.24baires.com\/wp-content\/uploads\/2017\/04\/salarios-docentes.jpg?resize=350%2C200 1x, https:\/\/i0.wp.com\/www.24baires.com\/wp-content\/uploads\/2017\/04\/salarios-docentes.jpg?resize=525%2C300 1.5x"},"classes":[]}],"jetpack_sharing_enabled":true,"jetpack_likes_enabled":true,"_links":{"self":[{"href":"https:\/\/www.24baires.com\/index.php?rest_route=\/wp\/v2\/posts\/121507","targetHints":{"allow":["GET"]}}],"collection":[{"href":"https:\/\/www.24baires.com\/index.php?rest_route=\/wp\/v2\/posts"}],"about":[{"href":"https:\/\/www.24baires.com\/index.php?rest_route=\/wp\/v2\/types\/post"}],"author":[{"embeddable":true,"href":"https:\/\/www.24baires.com\/index.php?rest_route=\/wp\/v2\/users\/8"}],"replies":[{"embeddable":true,"href":"https:\/\/www.24baires.com\/index.php?rest_route=%2Fwp%2Fv2%2Fcomments&post=121507"}],"version-history":[{"count":1,"href":"https:\/\/www.24baires.com\/index.php?rest_route=\/wp\/v2\/posts\/121507\/revisions"}],"predecessor-version":[{"id":121509,"href":"https:\/\/www.24baires.com\/index.php?rest_route=\/wp\/v2\/posts\/121507\/revisions\/121509"}],"wp:attachment":[{"href":"https:\/\/www.24baires.com\/index.php?rest_route=%2Fwp%2Fv2%2Fmedia&parent=121507"}],"wp:term":[{"taxonomy":"category","embeddable":true,"href":"https:\/\/www.24baires.com\/index.php?rest_route=%2Fwp%2Fv2%2Fcategories&post=121507"},{"taxonomy":"post_tag","embeddable":true,"href":"https:\/\/www.24baires.com\/index.php?rest_route=%2Fwp%2Fv2%2Ftags&post=121507"}],"curies":[{"name":"wp","href":"https:\/\/api.w.org\/{rel}","templated":true}]}}