{"id":121500,"date":"2024-08-02T06:26:21","date_gmt":"2024-08-02T09:26:21","guid":{"rendered":"https:\/\/www.24baires.com\/?p=121500"},"modified":"2024-08-02T06:26:21","modified_gmt":"2024-08-02T09:26:21","slug":"la-provincia-convoco-a-estatales-y-docentes-a-discutir-paritarias","status":"publish","type":"post","link":"https:\/\/www.24baires.com\/?p=121500","title":{"rendered":"La Provincia convoc\u00f3 a estatales y docentes a discutir paritarias"},"content":{"rendered":"<p><img data-recalc-dims=\"1\" loading=\"lazy\" decoding=\"async\" class=\"aligncenter wp-image-121095\" src=\"https:\/\/i0.wp.com\/www.24baires.com\/wp-content\/uploads\/2024\/03\/paritarias-estatales.webp?resize=720%2C403\" alt=\"\" width=\"720\" height=\"403\" srcset=\"https:\/\/i0.wp.com\/www.24baires.com\/wp-content\/uploads\/2024\/03\/paritarias-estatales.webp?w=887&amp;ssl=1 887w, https:\/\/i0.wp.com\/www.24baires.com\/wp-content\/uploads\/2024\/03\/paritarias-estatales.webp?resize=300%2C168&amp;ssl=1 300w, https:\/\/i0.wp.com\/www.24baires.com\/wp-content\/uploads\/2024\/03\/paritarias-estatales.webp?resize=768%2C430&amp;ssl=1 768w\" sizes=\"auto, (max-width: 720px) 100vw, 720px\" \/>Luego del pedido de UPCN y la reuni\u00f3n informal de este mi\u00e9rcoles, el Gobierno bonaerense y los gremios estatales y docentes volver\u00e1n a discutir paritarias el pr\u00f3ximo jueves.<!--more--><\/p>\n<p>El Gobierno bonaerense convoc\u00f3 a los gremios estatales y docentes a retomar las negociaciones paritarias de este mes el pr\u00f3ximo jueves, en la sede central el Ministerio de Trabajo. Los estatales ser\u00e1n los primeros en negociar, concretamente a las 10:30 horas, mientras que los maestros ser\u00e1n recibidos a las 12:30.<\/p>\n<p>El encuentro tiene lugar luego de la reuni\u00f3n informal entre funcionarios y representantes de los sectores sindicales que tuvo lugar ayer en la sede del edificio del Banco Provincia, en la Ciudad Aut\u00f3noma de Buenos Aires.<\/p>\n<p>La convocatoria fue confirmada por la Uni\u00f3n del Personal Civil de la Naci\u00f3n (UPCN) que conduce Fabiola Mosquera. Desde all\u00ed hab\u00edan pedido al gobierno de Axel Kicillof la reapertura \u201curgente\u201d de la mesa.<\/p>\n","protected":false},"excerpt":{"rendered":"<p>Luego del pedido de UPCN y la reuni\u00f3n informal de este mi\u00e9rcoles, el Gobierno bonaerense y los gremios estatales y docentes volver\u00e1n a discutir paritarias el pr\u00f3ximo jueves.<\/p>\n","protected":false},"author":8,"featured_media":0,"comment_status":"closed","ping_status":"closed","sticky":false,"template":"","format":"standard","meta":{"_jetpack_newsletter_access":"","_jetpack_dont_email_post_to_subs":false,"_jetpack_newsletter_tier_id":0,"_jetpack_memberships_contains_paywalled_content":false,"_jetpack_memberships_contains_paid_content":false,"footnotes":""},"categories":[40],"tags":[],"class_list":["post-121500","post","type-post","status-publish","format-standard","hentry","category-provincia"],"jetpack_featured_media_url":"","jetpack_shortlink":"https:\/\/wp.me\/p2JWE0-vBG","jetpack-related-posts":[{"id":120056,"url":"https:\/\/www.24baires.com\/?p=120056","url_meta":{"origin":121500,"position":0},"title":"Provincia arranca la semana con reuniones paritarias","author":"GB","date":"02\/05\/2023","format":false,"excerpt":"Tras el pedido de los gremios, el gobierno de Axel Kicillof acept\u00f3 adelantar la negociaci\u00f3n para volver a discutir salarios. Los docentes y los gremios estatales bonaerenses volver\u00e1n a sentarse con las autoridades provinciales para discutir los aumentos salariales. El gobierno de Axel Kicillof acept\u00f3 el pedido de los sindicatos\u2026","rel":"","context":"En \u00abProvincia\u00bb","block_context":{"text":"Provincia","link":"https:\/\/www.24baires.com\/?cat=40"},"img":{"alt_text":"","src":"https:\/\/i0.wp.com\/www.24baires.com\/wp-content\/uploads\/2023\/02\/paritariasjpg.jpg?resize=350%2C200","width":350,"height":200,"srcset":"https:\/\/i0.wp.com\/www.24baires.com\/wp-content\/uploads\/2023\/02\/paritariasjpg.jpg?resize=350%2C200 1x, https:\/\/i0.wp.com\/www.24baires.com\/wp-content\/uploads\/2023\/02\/paritariasjpg.jpg?resize=525%2C300 1.5x, https:\/\/i0.wp.com\/www.24baires.com\/wp-content\/uploads\/2023\/02\/paritariasjpg.jpg?resize=700%2C400 2x"},"classes":[]},{"id":116308,"url":"https:\/\/www.24baires.com\/?p=116308","url_meta":{"origin":121500,"position":1},"title":"Provincia reabre la paritaria con los docentes","author":"GB","date":"24\/09\/2020","format":false,"excerpt":"Los gremios docentes ser\u00e1n recibidos por la Provincia este jueves para comenzar a desandar la negociaci\u00f3n salarial. Este jueves los docentes bonaerenses comenzar\u00e1n a seguir de cerca la paritaria salarial que comienza entre el Gobierno y los gremios. El mi\u00e9rcoles hubo negociaci\u00f3n con los estatales, pero la Provincia no realiz\u00f3\u2026","rel":"","context":"En \u00abProvincia\u00bb","block_context":{"text":"Provincia","link":"https:\/\/www.24baires.com\/?cat=40"},"img":{"alt_text":"","src":"https:\/\/i0.wp.com\/www.24baires.com\/wp-content\/uploads\/2019\/11\/docentes-bonaerenses.jpg?resize=350%2C200","width":350,"height":200,"srcset":"https:\/\/i0.wp.com\/www.24baires.com\/wp-content\/uploads\/2019\/11\/docentes-bonaerenses.jpg?resize=350%2C200 1x, https:\/\/i0.wp.com\/www.24baires.com\/wp-content\/uploads\/2019\/11\/docentes-bonaerenses.jpg?resize=525%2C300 1.5x"},"classes":[]},{"id":120970,"url":"https:\/\/www.24baires.com\/?p=120970","url_meta":{"origin":121500,"position":2},"title":"Provincia acord\u00f3 con los gremios estatales y docentes un 20% de aumento","author":"GB","date":"16\/02\/2024","format":false,"excerpt":"Los gremios estatales y docentes de la provincia de Buenos Aires aceptaron este jueves la oferta de aumento salarial del 20% en el marco de la apertura de las paritarias 2024. En el caso de los docentes, en el aumento no se contempla las sumas del Fondo Nacional de Incentivo\u2026","rel":"","context":"En \u00abProvincia\u00bb","block_context":{"text":"Provincia","link":"https:\/\/www.24baires.com\/?cat=40"},"img":{"alt_text":"","src":"https:\/\/i0.wp.com\/www.24baires.com\/wp-content\/uploads\/2023\/10\/paritariasjpg.webp?resize=350%2C200","width":350,"height":200,"srcset":"https:\/\/i0.wp.com\/www.24baires.com\/wp-content\/uploads\/2023\/10\/paritariasjpg.webp?resize=350%2C200 1x, https:\/\/i0.wp.com\/www.24baires.com\/wp-content\/uploads\/2023\/10\/paritariasjpg.webp?resize=525%2C300 1.5x, https:\/\/i0.wp.com\/www.24baires.com\/wp-content\/uploads\/2023\/10\/paritariasjpg.webp?resize=700%2C400 2x"},"classes":[]},{"id":120629,"url":"https:\/\/www.24baires.com\/?p=120629","url_meta":{"origin":121500,"position":3},"title":"La Provincia recibe a los gremios para discutir paritarias","author":"GB","date":"07\/11\/2023","format":false,"excerpt":"Los gremios que representan a las y los trabajadores estatales fueron llamados a una reuni\u00f3n para rediscutir paritarias. El Gobierno de la Provincia de Buenos Aires convoc\u00f3 a los gremios que representan a las y los trabajadores estatales a una reuni\u00f3n para rediscutir paritarias, una demanda que creci\u00f3 tras las\u2026","rel":"","context":"En \u00abProvincia\u00bb","block_context":{"text":"Provincia","link":"https:\/\/www.24baires.com\/?cat=40"},"img":{"alt_text":"","src":"https:\/\/i0.wp.com\/www.24baires.com\/wp-content\/uploads\/2022\/12\/docentes-y-estatales-bonaerenses.jpeg?resize=350%2C200","width":350,"height":200,"srcset":"https:\/\/i0.wp.com\/www.24baires.com\/wp-content\/uploads\/2022\/12\/docentes-y-estatales-bonaerenses.jpeg?resize=350%2C200 1x, https:\/\/i0.wp.com\/www.24baires.com\/wp-content\/uploads\/2022\/12\/docentes-y-estatales-bonaerenses.jpeg?resize=525%2C300 1.5x, https:\/\/i0.wp.com\/www.24baires.com\/wp-content\/uploads\/2022\/12\/docentes-y-estatales-bonaerenses.jpeg?resize=700%2C400 2x"},"classes":[]},{"id":121122,"url":"https:\/\/www.24baires.com\/?p=121122","url_meta":{"origin":121500,"position":4},"title":"Dos gremios estatales aceptaron paritarias del 13,5% para marzo","author":"GB","date":"15\/03\/2024","format":false,"excerpt":"La Provincia cerr\u00f3 las paritarias de marzo para los estatales. Volver\u00e1n a negociar en abril, y ma\u00f1ana ser\u00e1 el turno de los docentes. Dos gremios estatales aceptaron la oferta del Gobierno bonaerense en paritarias, de un 13,5 por ciento de aumento para los empleados nucleados bajo la Ley 10.430 y\u2026","rel":"","context":"En \u00abProvincia\u00bb","block_context":{"text":"Provincia","link":"https:\/\/www.24baires.com\/?cat=40"},"img":{"alt_text":"","src":"https:\/\/i0.wp.com\/www.24baires.com\/wp-content\/uploads\/2024\/03\/paritarias-estatales.webp?resize=350%2C200","width":350,"height":200,"srcset":"https:\/\/i0.wp.com\/www.24baires.com\/wp-content\/uploads\/2024\/03\/paritarias-estatales.webp?resize=350%2C200 1x, https:\/\/i0.wp.com\/www.24baires.com\/wp-content\/uploads\/2024\/03\/paritarias-estatales.webp?resize=525%2C300 1.5x, https:\/\/i0.wp.com\/www.24baires.com\/wp-content\/uploads\/2024\/03\/paritarias-estatales.webp?resize=700%2C400 2x"},"classes":[]},{"id":116276,"url":"https:\/\/www.24baires.com\/?p=116276","url_meta":{"origin":121500,"position":5},"title":"Provincia recibe a estatales, docentes y judiciales para discutir salarios","author":"AF","date":"20\/09\/2020","format":false,"excerpt":"Los encuentros virtuales comenzar\u00e1n el mi\u00e9rcoles y se aceleraron despu\u00e9s del incremento de haberes anunciado para los efectivos de la polic\u00eda. El Gobierno bonaerense y los representantes de los trabajadores estatales, docentes y judiciales reanudar\u00e1n las paritarias esta semana, en una serie de encuentros virtuales a los que convoc\u00f3 la\u2026","rel":"","context":"En \u00abSociedad\u00bb","block_context":{"text":"Sociedad","link":"https:\/\/www.24baires.com\/?cat=1"},"img":{"alt_text":"","src":"https:\/\/i0.wp.com\/www.24baires.com\/wp-content\/uploads\/2019\/03\/docentes.jpg?resize=350%2C200","width":350,"height":200,"srcset":"https:\/\/i0.wp.com\/www.24baires.com\/wp-content\/uploads\/2019\/03\/docentes.jpg?resize=350%2C200 1x, https:\/\/i0.wp.com\/www.24baires.com\/wp-content\/uploads\/2019\/03\/docentes.jpg?resize=525%2C300 1.5x"},"classes":[]}],"jetpack_sharing_enabled":true,"jetpack_likes_enabled":true,"_links":{"self":[{"href":"https:\/\/www.24baires.com\/index.php?rest_route=\/wp\/v2\/posts\/121500","targetHints":{"allow":["GET"]}}],"collection":[{"href":"https:\/\/www.24baires.com\/index.php?rest_route=\/wp\/v2\/posts"}],"about":[{"href":"https:\/\/www.24baires.com\/index.php?rest_route=\/wp\/v2\/types\/post"}],"author":[{"embeddable":true,"href":"https:\/\/www.24baires.com\/index.php?rest_route=\/wp\/v2\/users\/8"}],"replies":[{"embeddable":true,"href":"https:\/\/www.24baires.com\/index.php?rest_route=%2Fwp%2Fv2%2Fcomments&post=121500"}],"version-history":[{"count":1,"href":"https:\/\/www.24baires.com\/index.php?rest_route=\/wp\/v2\/posts\/121500\/revisions"}],"predecessor-version":[{"id":121501,"href":"https:\/\/www.24baires.com\/index.php?rest_route=\/wp\/v2\/posts\/121500\/revisions\/121501"}],"wp:attachment":[{"href":"https:\/\/www.24baires.com\/index.php?rest_route=%2Fwp%2Fv2%2Fmedia&parent=121500"}],"wp:term":[{"taxonomy":"category","embeddable":true,"href":"https:\/\/www.24baires.com\/index.php?rest_route=%2Fwp%2Fv2%2Fcategories&post=121500"},{"taxonomy":"post_tag","embeddable":true,"href":"https:\/\/www.24baires.com\/index.php?rest_route=%2Fwp%2Fv2%2Ftags&post=121500"}],"curies":[{"name":"wp","href":"https:\/\/api.w.org\/{rel}","templated":true}]}}