{"id":121495,"date":"2024-07-31T06:33:22","date_gmt":"2024-07-31T09:33:22","guid":{"rendered":"https:\/\/www.24baires.com\/?p=121495"},"modified":"2024-07-31T06:33:22","modified_gmt":"2024-07-31T09:33:22","slug":"finalmente-la-planta-de-gnl-se-instalara-en-rio-negro-kicillof-brindara-una-coferencia-de-prensa","status":"publish","type":"post","link":"https:\/\/www.24baires.com\/?p=121495","title":{"rendered":"Finalmente la planta de GNL se instalar\u00e1 en R\u00edo Negro: Kicillof brindar\u00e1 una coferencia de prensa"},"content":{"rendered":"<p><img data-recalc-dims=\"1\" loading=\"lazy\" decoding=\"async\" class=\"aligncenter wp-image-119124\" src=\"https:\/\/i0.wp.com\/www.24baires.com\/wp-content\/uploads\/2022\/07\/kicillof.jpg?resize=720%2C480\" alt=\"\" width=\"720\" height=\"480\" srcset=\"https:\/\/i0.wp.com\/www.24baires.com\/wp-content\/uploads\/2022\/07\/kicillof.jpg?w=960&amp;ssl=1 960w, https:\/\/i0.wp.com\/www.24baires.com\/wp-content\/uploads\/2022\/07\/kicillof.jpg?resize=300%2C200&amp;ssl=1 300w, https:\/\/i0.wp.com\/www.24baires.com\/wp-content\/uploads\/2022\/07\/kicillof.jpg?resize=768%2C512&amp;ssl=1 768w\" sizes=\"auto, (max-width: 720px) 100vw, 720px\" \/>Tras varias semanas de disputa, la provincia de R\u00edo Negro finalmente fue elegida por YPF para construir la Planta de GNL. As\u00ed, Bah\u00eda Blanca qued\u00f3 descartada.<!--more--><\/p>\n<p>El directorio de YPF eligi\u00f3 a R\u00edo Negro para realizar la inversi\u00f3n m\u00e1s grande de la historia del pa\u00eds, confirmaron fuentes de la petrolera a INFOCIELO. As\u00ed, la planta de gas natural licuado (GNL) para exportar al mundo desembarcar\u00e1 en la localidad de Sierra Grande, y le gan\u00f3 la pulseada a la provincia de Buenos Aires, que hab\u00eda impulsado a Bah\u00eda Blanca como la mejor opci\u00f3n debido a su desarrollo portuario.<\/p>\n<p>La decisi\u00f3n se da despu\u00e9s de varias semanas de disputa entre ambas provincias, y un enrosque pol\u00edtico de trasfondo. Es que el gobernador rionegrino, Alberto Weretilneck, comunic\u00f3 su adhesi\u00f3n al R\u00e9gimen de Incentivo para Grandes Inversiones (RIGI), condici\u00f3n que puso el presidente de YPF, Horacio Mar\u00edn, para ejecutar la millonaria inversi\u00f3n.<\/p>\n<p>Por el contrario, su par bonaerense, Axel Kicillof, cuestion\u00f3 dicha pol\u00edtica de inversiones extranjeras que se aprob\u00f3 con la Ley Bases de Javier Milei, y como consecuencia perdi\u00f3 una posibilidad hist\u00f3rica para la Provincia, que mirar\u00e1 de lejos la instalaci\u00f3n de la Planta de GNL.<\/p>\n<p>El proyecto \u00abArgentina LNG\u00bb se posiciona como la obra de infraestructura m\u00e1s grande que se haya hecho en la historia del pa\u00eds, y requerir\u00e1 de una inversi\u00f3n de entre 30.000 y 50.000 millones de d\u00f3lares, y tendr\u00e1 como objetivo el procesamiento, transporte y licuefacci\u00f3n del gas que sale de Vaca Muerta, para luego exportarlo al mundo.<\/p>\n<p>Las dos opciones que se pusieron sobre la mesa, y que llevaban ya varias semanas de disputas -y pol\u00e9micas- fueron Bah\u00eda Blanca (Buenos Aires) y Punta Colorada (R\u00edo Negro). La primera ciudad es, seg\u00fan ingenieros, la mejor opci\u00f3n. Pero desde Naci\u00f3n tiraban m\u00e1s para el lado de la segunda. Y no tanto por cuestiones t\u00e9cnicas, sino m\u00e1s bien pol\u00edticas, considerando que Kicillof es un claro enemigo pol\u00edtico de Milei, dicho por el propio<\/p>\n","protected":false},"excerpt":{"rendered":"<p>Tras varias semanas de disputa, la provincia de R\u00edo Negro finalmente fue elegida por YPF para construir la Planta de GNL. As\u00ed, Bah\u00eda Blanca qued\u00f3 descartada.<\/p>\n","protected":false},"author":8,"featured_media":0,"comment_status":"closed","ping_status":"closed","sticky":false,"template":"","format":"standard","meta":{"_jetpack_newsletter_access":"","_jetpack_dont_email_post_to_subs":false,"_jetpack_newsletter_tier_id":0,"_jetpack_memberships_contains_paywalled_content":false,"_jetpack_memberships_contains_paid_content":false,"footnotes":""},"categories":[40],"tags":[],"class_list":["post-121495","post","type-post","status-publish","format-standard","hentry","category-provincia"],"jetpack_featured_media_url":"","jetpack_shortlink":"https:\/\/wp.me\/p2JWE0-vBB","jetpack-related-posts":[{"id":121598,"url":"https:\/\/www.24baires.com\/?p=121598","url_meta":{"origin":121495,"position":0},"title":"Provincia lanz\u00f3 el \u00abRIGI Bonaerense\u00bb para la industria","author":"GB","date":"03\/09\/2024","format":false,"excerpt":"El gobierno de Axel Kicillof present\u00f3 los lineamientos del \"RIGI bonaerense\". Ser\u00e1 para quienes \"cumplan con los objetivos de la provincia\". En el marco de una jornada en defensa de la industria nacional - coincidente con el D\u00eda de la Industria- llevada a cabo en Ituzaing\u00f3, el gobierno de Axel\u2026","rel":"","context":"En \u00abProvincia\u00bb","block_context":{"text":"Provincia","link":"https:\/\/www.24baires.com\/?cat=40"},"img":{"alt_text":"","src":"https:\/\/i0.wp.com\/www.24baires.com\/wp-content\/uploads\/2024\/09\/rigi-bona.webp?resize=350%2C200","width":350,"height":200,"srcset":"https:\/\/i0.wp.com\/www.24baires.com\/wp-content\/uploads\/2024\/09\/rigi-bona.webp?resize=350%2C200 1x, https:\/\/i0.wp.com\/www.24baires.com\/wp-content\/uploads\/2024\/09\/rigi-bona.webp?resize=525%2C300 1.5x, https:\/\/i0.wp.com\/www.24baires.com\/wp-content\/uploads\/2024\/09\/rigi-bona.webp?resize=700%2C400 2x"},"classes":[]},{"id":121488,"url":"https:\/\/www.24baires.com\/?p=121488","url_meta":{"origin":121495,"position":1},"title":"Bianco confirm\u00f3 que el RIGI bonaerense: \u00abEst\u00e1 avanzado\u00bb","author":"GB","date":"30\/07\/2024","format":false,"excerpt":"El ministro Carlos Bianco defendi\u00f3 la elecci\u00f3n de Bah\u00eda Blanca para la planta de Gas Natural Licuado (GNL) y anunci\u00f3 una invitaci\u00f3n a los bloques opositores para visitar la ciudad y conocer de cerca el proyecto. Los ministros bonaerenses del Gabinete del gobernador Axel Kicillof participaron nuevamente de la conferencia\u2026","rel":"","context":"En \u00abPol\u00edtica\u00bb","block_context":{"text":"Pol\u00edtica","link":"https:\/\/www.24baires.com\/?cat=51"},"img":{"alt_text":"","src":"https:\/\/i0.wp.com\/www.24baires.com\/wp-content\/uploads\/2020\/06\/bianco-1.jpg?resize=350%2C200","width":350,"height":200,"srcset":"https:\/\/i0.wp.com\/www.24baires.com\/wp-content\/uploads\/2020\/06\/bianco-1.jpg?resize=350%2C200 1x, https:\/\/i0.wp.com\/www.24baires.com\/wp-content\/uploads\/2020\/06\/bianco-1.jpg?resize=525%2C300 1.5x, https:\/\/i0.wp.com\/www.24baires.com\/wp-content\/uploads\/2020\/06\/bianco-1.jpg?resize=700%2C400 2x"},"classes":[]},{"id":119282,"url":"https:\/\/www.24baires.com\/?p=119282","url_meta":{"origin":121495,"position":2},"title":"YPF y Petronas avanzar\u00e1n en desarrollo de GNL con gas de Vaca Muerta","author":"AF","date":"01\/09\/2022","format":false,"excerpt":"Alberto Fern\u00e1ndez, junto al titular de YPF, encabezaron el anuncio de una alianza entre la petrolera argentina y la firma de Malasia. El mandatario asegur\u00f3 que el acuerdo de YPF y Petronas es \"una piedra fundacional\" para la Argentina. YPF y la petrolera malaya Petronas firmaron un Acuerdo de Estudio\u2026","rel":"","context":"En \u00abPol\u00edtica\u00bb","block_context":{"text":"Pol\u00edtica","link":"https:\/\/www.24baires.com\/?cat=51"},"img":{"alt_text":"","src":"https:\/\/i0.wp.com\/www.24baires.com\/wp-content\/uploads\/2022\/09\/6311332ff3e7b_900.jpg?resize=350%2C200","width":350,"height":200,"srcset":"https:\/\/i0.wp.com\/www.24baires.com\/wp-content\/uploads\/2022\/09\/6311332ff3e7b_900.jpg?resize=350%2C200 1x, https:\/\/i0.wp.com\/www.24baires.com\/wp-content\/uploads\/2022\/09\/6311332ff3e7b_900.jpg?resize=525%2C300 1.5x, https:\/\/i0.wp.com\/www.24baires.com\/wp-content\/uploads\/2022\/09\/6311332ff3e7b_900.jpg?resize=700%2C400 2x"},"classes":[]},{"id":121527,"url":"https:\/\/www.24baires.com\/?p=121527","url_meta":{"origin":121495,"position":3},"title":"Bah\u00eda Blanca se adhiri\u00f3 al RIGI de Milei","author":"GB","date":"09\/08\/2024","format":false,"excerpt":"El Concejo Deliberante de Bah\u00eda Blanca, con el apoyo de los ediles que responden al intendente Federico Susbielles, aprob\u00f3 la incorporaci\u00f3n al R\u00e9gimen de Incentivo para las Grandes Inversiones (RIGI). Luego del esc\u00e1ndalo por la mudanza de la planta de GNL del puerto de Bah\u00eda Blanca, el Concejo Deliberante local\u2026","rel":"","context":"En \u00abMunicipios\u00bb","block_context":{"text":"Municipios","link":"https:\/\/www.24baires.com\/?cat=44"},"img":{"alt_text":"","src":"https:\/\/i0.wp.com\/www.24baires.com\/wp-content\/uploads\/2024\/08\/intendnte-bahia.webp?resize=350%2C200","width":350,"height":200,"srcset":"https:\/\/i0.wp.com\/www.24baires.com\/wp-content\/uploads\/2024\/08\/intendnte-bahia.webp?resize=350%2C200 1x, https:\/\/i0.wp.com\/www.24baires.com\/wp-content\/uploads\/2024\/08\/intendnte-bahia.webp?resize=525%2C300 1.5x, https:\/\/i0.wp.com\/www.24baires.com\/wp-content\/uploads\/2024\/08\/intendnte-bahia.webp?resize=700%2C400 2x"},"classes":[]},{"id":120244,"url":"https:\/\/www.24baires.com\/?p=120244","url_meta":{"origin":121495,"position":4},"title":"El gasoducto N\u00e9stor Kirchner llega a la provincia de Buenos Aires","author":"AF","date":"03\/07\/2023","format":false,"excerpt":"Kicillof se prepara para ser el anfitri\u00f3n, el domingo que viene, 9 de julio, de un gran acto para celebrar en Salliquel\u00f3 el llenado del gasoducto que viene de Vaca Muerta y estrenar\u00e1 un tramo bonaerense. El 1852 Juan Bautista Alberdi acu\u00f1o aquella frase de \"Gobernar es poblar\". En esos\u2026","rel":"","context":"En \u00abSociedad\u00bb","block_context":{"text":"Sociedad","link":"https:\/\/www.24baires.com\/?cat=1"},"img":{"alt_text":"","src":"https:\/\/i0.wp.com\/www.24baires.com\/wp-content\/uploads\/2023\/07\/gasoducto.jpg?resize=350%2C200","width":350,"height":200,"srcset":"https:\/\/i0.wp.com\/www.24baires.com\/wp-content\/uploads\/2023\/07\/gasoducto.jpg?resize=350%2C200 1x, https:\/\/i0.wp.com\/www.24baires.com\/wp-content\/uploads\/2023\/07\/gasoducto.jpg?resize=525%2C300 1.5x, https:\/\/i0.wp.com\/www.24baires.com\/wp-content\/uploads\/2023\/07\/gasoducto.jpg?resize=700%2C400 2x"},"classes":[]},{"id":120656,"url":"https:\/\/www.24baires.com\/?p=120656","url_meta":{"origin":121495,"position":5},"title":"Axel Kicillof anunci\u00f3 una mega inversi\u00f3n para el puerto de Bah\u00eda Blanca","author":"GB","date":"15\/11\/2023","format":false,"excerpt":"El gobernador bonaerense, Axel Kicillof, encabez\u00f3 un acto para anunciar inversiones mil millonarias en el puerto de Bah\u00eda Blanca. Junto con autoridades de YPF y el intendente electo de Bah\u00eda Blanca, Federico Susbielles, el gobernador de la provincia de Buenos Aires, Axel Kicillof, anuncia un acuerdo con una empresa china.\u2026","rel":"","context":"En \u00abProvincia\u00bb","block_context":{"text":"Provincia","link":"https:\/\/www.24baires.com\/?cat=40"},"img":{"alt_text":"","src":"https:\/\/i0.wp.com\/www.24baires.com\/wp-content\/uploads\/2023\/11\/kicillof-obras.webp?resize=350%2C200","width":350,"height":200,"srcset":"https:\/\/i0.wp.com\/www.24baires.com\/wp-content\/uploads\/2023\/11\/kicillof-obras.webp?resize=350%2C200 1x, https:\/\/i0.wp.com\/www.24baires.com\/wp-content\/uploads\/2023\/11\/kicillof-obras.webp?resize=525%2C300 1.5x, https:\/\/i0.wp.com\/www.24baires.com\/wp-content\/uploads\/2023\/11\/kicillof-obras.webp?resize=700%2C400 2x"},"classes":[]}],"jetpack_sharing_enabled":true,"jetpack_likes_enabled":true,"_links":{"self":[{"href":"https:\/\/www.24baires.com\/index.php?rest_route=\/wp\/v2\/posts\/121495","targetHints":{"allow":["GET"]}}],"collection":[{"href":"https:\/\/www.24baires.com\/index.php?rest_route=\/wp\/v2\/posts"}],"about":[{"href":"https:\/\/www.24baires.com\/index.php?rest_route=\/wp\/v2\/types\/post"}],"author":[{"embeddable":true,"href":"https:\/\/www.24baires.com\/index.php?rest_route=\/wp\/v2\/users\/8"}],"replies":[{"embeddable":true,"href":"https:\/\/www.24baires.com\/index.php?rest_route=%2Fwp%2Fv2%2Fcomments&post=121495"}],"version-history":[{"count":1,"href":"https:\/\/www.24baires.com\/index.php?rest_route=\/wp\/v2\/posts\/121495\/revisions"}],"predecessor-version":[{"id":121496,"href":"https:\/\/www.24baires.com\/index.php?rest_route=\/wp\/v2\/posts\/121495\/revisions\/121496"}],"wp:attachment":[{"href":"https:\/\/www.24baires.com\/index.php?rest_route=%2Fwp%2Fv2%2Fmedia&parent=121495"}],"wp:term":[{"taxonomy":"category","embeddable":true,"href":"https:\/\/www.24baires.com\/index.php?rest_route=%2Fwp%2Fv2%2Fcategories&post=121495"},{"taxonomy":"post_tag","embeddable":true,"href":"https:\/\/www.24baires.com\/index.php?rest_route=%2Fwp%2Fv2%2Ftags&post=121495"}],"curies":[{"name":"wp","href":"https:\/\/api.w.org\/{rel}","templated":true}]}}