{"id":121488,"date":"2024-07-30T06:50:08","date_gmt":"2024-07-30T09:50:08","guid":{"rendered":"https:\/\/www.24baires.com\/?p=121488"},"modified":"2024-07-30T06:50:08","modified_gmt":"2024-07-30T09:50:08","slug":"bianco-confirmo-que-el-rigi-bonaerense-esta-avanzado","status":"publish","type":"post","link":"https:\/\/www.24baires.com\/?p=121488","title":{"rendered":"Bianco confirm\u00f3 que el RIGI bonaerense: \u00abEst\u00e1 avanzado\u00bb"},"content":{"rendered":"<p><img data-recalc-dims=\"1\" loading=\"lazy\" decoding=\"async\" class=\"aligncenter wp-image-115455\" src=\"https:\/\/i0.wp.com\/www.24baires.com\/wp-content\/uploads\/2020\/06\/bianco-1.jpg?resize=720%2C402\" alt=\"\" width=\"720\" height=\"402\" srcset=\"https:\/\/i0.wp.com\/www.24baires.com\/wp-content\/uploads\/2020\/06\/bianco-1.jpg?w=560&amp;ssl=1 560w, https:\/\/i0.wp.com\/www.24baires.com\/wp-content\/uploads\/2020\/06\/bianco-1.jpg?resize=300%2C168&amp;ssl=1 300w\" sizes=\"auto, (max-width: 720px) 100vw, 720px\" \/>El ministro Carlos Bianco defendi\u00f3 la elecci\u00f3n de Bah\u00eda Blanca para la planta de Gas Natural Licuado (GNL) y anunci\u00f3 una invitaci\u00f3n a los bloques opositores para visitar la ciudad y conocer de cerca el proyecto.<!--more--><\/p>\n<p>Los ministros bonaerenses del Gabinete del gobernador Axel Kicillof participaron nuevamente de la conferencia de prensa semanal. En esta ocasi\u00f3n, el ministro Carlos Bianco ofreci\u00f3 un panorama detallado sobre la situaci\u00f3n que enfrenta el territorio provincial y reiter\u00f3 los motivos para que la planta de Gas Natural Licuado (GNL) se instale en Bah\u00eda Blanca.<\/p>\n<p>En primer lugar, Bianco repas\u00f3 la agenda del mandatario provincial y present\u00f3 una serie de beneficios para la Cuenta DNI del Banco Provincia durante el mes de agosto. \u00abLos nuevos beneficios de la Cuenta DNI del Banco Provincia para agosto son un esfuerzo financiero muy importante. Creemos que sus accionistas y due\u00f1os son los 17 millones de bonaerenses\u00bb, explic\u00f3 Bianco, titular de la cartera de Gobierno.<\/p>\n<p>Sobre el Registro de Inversiones de Gas e Infraestructura (RIGI) bonaerense, Bianco se\u00f1al\u00f3 que la presentaci\u00f3n del proyecto est\u00e1 \u201cavanzada\u201d. \u201cCuando uno presenta un proyecto en la Legislatura, se requiere de un trabajo pol\u00edtico para poder avanzar en un momento donde el oficialismo no tiene los votos necesarios\u201d, indic\u00f3 en respuesta a la consulta de la prensa.<\/p>\n<p>Adem\u00e1s, Bianco mencion\u00f3 que esta semana se decidi\u00f3 \u201cinvitar a los otros bloques a una visita por la planta de Bah\u00eda Blanca para recorrer el puerto, las zonas y la infraestructura existente para que conozcan, de primera mano, qu\u00e9 trata un eventual proyecto y empezar a discutir los distintos aspectos t\u00e9cnicos y pol\u00edticos\u201d.<\/p>\n<p>Bianco resalt\u00f3 que Bah\u00eda Blanca es la \u201cmejor localizaci\u00f3n\u201d posible para la planta de GNL, destacando que la ciudad ya cuenta con \u201cuna infraestructura existente, una fuerza de trabajo capacitada y un puerto que ya existe\u201d.<\/p>\n<p>Finalmente, el funcionario bonaerense lament\u00f3 que la discusi\u00f3n se haya politizado, afirmando: \u201cLamentamos que se haya tenido que politizar un asunto t\u00e9cnico y que responde a la racionalidad econ\u00f3mica, no a las razones meramente pol\u00edticas. Sobre todo, cuando se quiere perjudicar a una provincia\u201d.<\/p>\n","protected":false},"excerpt":{"rendered":"<p>El ministro Carlos Bianco defendi\u00f3 la elecci\u00f3n de Bah\u00eda Blanca para la planta de Gas Natural Licuado (GNL) y anunci\u00f3 una invitaci\u00f3n a los bloques opositores para visitar la ciudad y conocer de cerca el proyecto.<\/p>\n","protected":false},"author":8,"featured_media":0,"comment_status":"closed","ping_status":"closed","sticky":false,"template":"","format":"standard","meta":{"_jetpack_newsletter_access":"","_jetpack_dont_email_post_to_subs":false,"_jetpack_newsletter_tier_id":0,"_jetpack_memberships_contains_paywalled_content":false,"_jetpack_memberships_contains_paid_content":false,"footnotes":""},"categories":[51,40],"tags":[],"class_list":["post-121488","post","type-post","status-publish","format-standard","hentry","category-politica","category-provincia"],"jetpack_featured_media_url":"","jetpack_shortlink":"https:\/\/wp.me\/p2JWE0-vBu","jetpack-related-posts":[{"id":121598,"url":"https:\/\/www.24baires.com\/?p=121598","url_meta":{"origin":121488,"position":0},"title":"Provincia lanz\u00f3 el \u00abRIGI Bonaerense\u00bb para la industria","author":"GB","date":"03\/09\/2024","format":false,"excerpt":"El gobierno de Axel Kicillof present\u00f3 los lineamientos del \"RIGI bonaerense\". Ser\u00e1 para quienes \"cumplan con los objetivos de la provincia\". En el marco de una jornada en defensa de la industria nacional - coincidente con el D\u00eda de la Industria- llevada a cabo en Ituzaing\u00f3, el gobierno de Axel\u2026","rel":"","context":"En \u00abProvincia\u00bb","block_context":{"text":"Provincia","link":"https:\/\/www.24baires.com\/?cat=40"},"img":{"alt_text":"","src":"https:\/\/i0.wp.com\/www.24baires.com\/wp-content\/uploads\/2024\/09\/rigi-bona.webp?resize=350%2C200","width":350,"height":200,"srcset":"https:\/\/i0.wp.com\/www.24baires.com\/wp-content\/uploads\/2024\/09\/rigi-bona.webp?resize=350%2C200 1x, https:\/\/i0.wp.com\/www.24baires.com\/wp-content\/uploads\/2024\/09\/rigi-bona.webp?resize=525%2C300 1.5x, https:\/\/i0.wp.com\/www.24baires.com\/wp-content\/uploads\/2024\/09\/rigi-bona.webp?resize=700%2C400 2x"},"classes":[]},{"id":121495,"url":"https:\/\/www.24baires.com\/?p=121495","url_meta":{"origin":121488,"position":1},"title":"Finalmente la planta de GNL se instalar\u00e1 en R\u00edo Negro: Kicillof brindar\u00e1 una coferencia de prensa","author":"GB","date":"31\/07\/2024","format":false,"excerpt":"Tras varias semanas de disputa, la provincia de R\u00edo Negro finalmente fue elegida por YPF para construir la Planta de GNL. As\u00ed, Bah\u00eda Blanca qued\u00f3 descartada. El directorio de YPF eligi\u00f3 a R\u00edo Negro para realizar la inversi\u00f3n m\u00e1s grande de la historia del pa\u00eds, confirmaron fuentes de la petrolera\u2026","rel":"","context":"En \u00abProvincia\u00bb","block_context":{"text":"Provincia","link":"https:\/\/www.24baires.com\/?cat=40"},"img":{"alt_text":"","src":"https:\/\/i0.wp.com\/www.24baires.com\/wp-content\/uploads\/2022\/07\/kicillof.jpg?resize=350%2C200","width":350,"height":200,"srcset":"https:\/\/i0.wp.com\/www.24baires.com\/wp-content\/uploads\/2022\/07\/kicillof.jpg?resize=350%2C200 1x, https:\/\/i0.wp.com\/www.24baires.com\/wp-content\/uploads\/2022\/07\/kicillof.jpg?resize=525%2C300 1.5x, https:\/\/i0.wp.com\/www.24baires.com\/wp-content\/uploads\/2022\/07\/kicillof.jpg?resize=700%2C400 2x"},"classes":[]},{"id":115982,"url":"https:\/\/www.24baires.com\/?p=115982","url_meta":{"origin":121488,"position":2},"title":"Bragado y Laprida vuelven oficialmente a fase 3","author":"AF","date":"18\/08\/2020","format":false,"excerpt":"As\u00ed lo defini\u00f3 el jefe de Gabinete, Carlos Bianco. En el caso de Laprida, responsabilizaron a \u201cmilitantes anticuarentena\u201d por la expansi\u00f3n del virus. Acorde a las nuevas directivas de Provincia de cara al nuevo recambio de etapa de cuarentena, es oficial la vuelta a fase 3 en los distritos de\u2026","rel":"","context":"En \u00abProvincia\u00bb","block_context":{"text":"Provincia","link":"https:\/\/www.24baires.com\/?cat=40"},"img":{"alt_text":"","src":"https:\/\/i0.wp.com\/www.24baires.com\/wp-content\/uploads\/2013\/07\/barbijos.jpg?resize=350%2C200","width":350,"height":200,"srcset":"https:\/\/i0.wp.com\/www.24baires.com\/wp-content\/uploads\/2013\/07\/barbijos.jpg?resize=350%2C200 1x, https:\/\/i0.wp.com\/www.24baires.com\/wp-content\/uploads\/2013\/07\/barbijos.jpg?resize=525%2C300 1.5x"},"classes":[]},{"id":120766,"url":"https:\/\/www.24baires.com\/?p=120766","url_meta":{"origin":121488,"position":3},"title":"Desde Provincia aseguraron que no aplicar\u00e1n el \u00abProtocolo Anitpiquetes\u00bb","author":"GB","date":"19\/12\/2023","format":false,"excerpt":"As\u00ed lo confirm\u00f3 Carlos BIanco, Ministro de Gobierno de la provincia de Buenos Aires. \"Criminaliza en cierto sentido la protesta\", asegur\u00f3. A tan solo 24 horas de la primera manifestaci\u00f3n en contra del Gobierno de Javier Milei y en medio de la controversia por el protocolo antipiquetes anunciado la semana\u2026","rel":"","context":"En \u00abProvincia\u00bb","block_context":{"text":"Provincia","link":"https:\/\/www.24baires.com\/?cat=40"},"img":{"alt_text":"","src":"https:\/\/i0.wp.com\/www.24baires.com\/wp-content\/uploads\/2020\/06\/bianco-1.jpg?resize=350%2C200","width":350,"height":200,"srcset":"https:\/\/i0.wp.com\/www.24baires.com\/wp-content\/uploads\/2020\/06\/bianco-1.jpg?resize=350%2C200 1x, https:\/\/i0.wp.com\/www.24baires.com\/wp-content\/uploads\/2020\/06\/bianco-1.jpg?resize=525%2C300 1.5x, https:\/\/i0.wp.com\/www.24baires.com\/wp-content\/uploads\/2020\/06\/bianco-1.jpg?resize=700%2C400 2x"},"classes":[]},{"id":116172,"url":"https:\/\/www.24baires.com\/?p=116172","url_meta":{"origin":121488,"position":4},"title":"Pese al anuncio de aumentos, contin\u00faa la protesta de polic\u00edas","author":"AF","date":"09\/09\/2020","format":false,"excerpt":"A pesar del anuncio de ayer del jefe de Gabinete bonaerense, cientos de efectivos permanecieron anoche y continuaban hoy concentrados en Puerta 12 y otras dependencias, a la espera del anuncio oficial que podr\u00eda concretarse ma\u00f1ana. Efectivos de la polic\u00eda bonaerense permanec\u00edan esta ma\u00f1ana concentrados en las puertas del Centro\u2026","rel":"","context":"En \u00abProvincia\u00bb","block_context":{"text":"Provincia","link":"https:\/\/www.24baires.com\/?cat=40"},"img":{"alt_text":"","src":"https:\/\/i0.wp.com\/www.24baires.com\/wp-content\/uploads\/2020\/09\/5f58c5d77c51d_1004x565.jpg?resize=350%2C200","width":350,"height":200,"srcset":"https:\/\/i0.wp.com\/www.24baires.com\/wp-content\/uploads\/2020\/09\/5f58c5d77c51d_1004x565.jpg?resize=350%2C200 1x, https:\/\/i0.wp.com\/www.24baires.com\/wp-content\/uploads\/2020\/09\/5f58c5d77c51d_1004x565.jpg?resize=525%2C300 1.5x"},"classes":[]},{"id":122989,"url":"https:\/\/www.24baires.com\/?p=122989","url_meta":{"origin":121488,"position":5},"title":"\u201cTendr\u00e1 que buscar d\u00f3nde disponer sus residuos\u201d: la Provincia desaf\u00eda a la \u00abprioridad porte\u00f1a\u00bb","author":"GB","date":"13\/04\/2026","format":false,"excerpt":"El ministro de Gobierno bonaerense, Carlos Bianco, record\u00f3 que la Ciudad de Buenos Aires no paga por el pasivo ambiental que deja en la provincia de Buenos Aires. Escala la tensi\u00f3n. El gobierno de la provincia de Buenos Aires sali\u00f3 al cruce del decreto de \u201cprioridad porte\u00f1a\u201d firmado por Jorge\u2026","rel":"","context":"En \u00abProvincia\u00bb","block_context":{"text":"Provincia","link":"https:\/\/www.24baires.com\/?cat=40"},"img":{"alt_text":"","src":"https:\/\/i0.wp.com\/www.24baires.com\/wp-content\/uploads\/2025\/01\/bianco.webp?resize=350%2C200","width":350,"height":200,"srcset":"https:\/\/i0.wp.com\/www.24baires.com\/wp-content\/uploads\/2025\/01\/bianco.webp?resize=350%2C200 1x, https:\/\/i0.wp.com\/www.24baires.com\/wp-content\/uploads\/2025\/01\/bianco.webp?resize=525%2C300 1.5x, https:\/\/i0.wp.com\/www.24baires.com\/wp-content\/uploads\/2025\/01\/bianco.webp?resize=700%2C400 2x"},"classes":[]}],"jetpack_sharing_enabled":true,"jetpack_likes_enabled":true,"_links":{"self":[{"href":"https:\/\/www.24baires.com\/index.php?rest_route=\/wp\/v2\/posts\/121488","targetHints":{"allow":["GET"]}}],"collection":[{"href":"https:\/\/www.24baires.com\/index.php?rest_route=\/wp\/v2\/posts"}],"about":[{"href":"https:\/\/www.24baires.com\/index.php?rest_route=\/wp\/v2\/types\/post"}],"author":[{"embeddable":true,"href":"https:\/\/www.24baires.com\/index.php?rest_route=\/wp\/v2\/users\/8"}],"replies":[{"embeddable":true,"href":"https:\/\/www.24baires.com\/index.php?rest_route=%2Fwp%2Fv2%2Fcomments&post=121488"}],"version-history":[{"count":1,"href":"https:\/\/www.24baires.com\/index.php?rest_route=\/wp\/v2\/posts\/121488\/revisions"}],"predecessor-version":[{"id":121489,"href":"https:\/\/www.24baires.com\/index.php?rest_route=\/wp\/v2\/posts\/121488\/revisions\/121489"}],"wp:attachment":[{"href":"https:\/\/www.24baires.com\/index.php?rest_route=%2Fwp%2Fv2%2Fmedia&parent=121488"}],"wp:term":[{"taxonomy":"category","embeddable":true,"href":"https:\/\/www.24baires.com\/index.php?rest_route=%2Fwp%2Fv2%2Fcategories&post=121488"},{"taxonomy":"post_tag","embeddable":true,"href":"https:\/\/www.24baires.com\/index.php?rest_route=%2Fwp%2Fv2%2Ftags&post=121488"}],"curies":[{"name":"wp","href":"https:\/\/api.w.org\/{rel}","templated":true}]}}