{"id":121429,"date":"2024-06-11T06:37:44","date_gmt":"2024-06-11T09:37:44","guid":{"rendered":"https:\/\/www.24baires.com\/?p=121429"},"modified":"2024-06-11T06:37:44","modified_gmt":"2024-06-11T09:37:44","slug":"la-cgt-creara-la-universidad-popular-de-los-trabajadores-en-mar-del-plata","status":"publish","type":"post","link":"https:\/\/www.24baires.com\/?p=121429","title":{"rendered":"La CGT crear\u00e1 la Universidad Popular de los Trabajadores en Mar del Plata"},"content":{"rendered":"<p><img data-recalc-dims=\"1\" loading=\"lazy\" decoding=\"async\" class=\"aligncenter wp-image-121430\" src=\"https:\/\/i0.wp.com\/www.24baires.com\/wp-content\/uploads\/2024\/06\/univ-cgt.webp?resize=720%2C383\" alt=\"\" width=\"720\" height=\"383\" \/>Habr\u00e1 cursos de formaci\u00f3n para dirigentes sindicales y pol\u00edticos. Ser\u00e1 la primera experiencia a nivel nacional.<!--more--><\/p>\n<p>A trav\u00e9s de un convenio con la Universidad Nacional de Mar del Plata, la Confederaci\u00f3n General del Trabajo, regional Mar del Plata \u2013 Bat\u00e1n anunci\u00f3 el proyecto que constituye la primera experiencia a nivel nacional.<\/p>\n<p>\u201cPara nosotros es un hecho hist\u00f3rico, somos la primera central de trabajadores en crear una Universidad Popular, y estoy seguro que muchos se van a sumar. Hoy el mayor acto de rebeld\u00eda es el conocimiento\u201d, expres\u00f3 el secretario general del gremio, Jos\u00e9 Luis Rocha.<\/p>\n<p>Los articuladores que llevar\u00e1n adelante el proceso formativo ser\u00e1n el Sindicato de Empleados de Comercio y la Fundaci\u00f3n Cepes. La Universidad Popular de los Trabajadores tendr\u00e1 capacitaciones para dirigentes gremiales, delegados y miembros de las comisiones directivas de los sindicatos.<\/p>\n<p>Por su parte el secretario Adjunto, Miguel Guglielmotti, destac\u00f3 que \u201cel Gobierno Nacional intenta alejar a los hijos de los trabajadores y trabajadoras de la Universidad, en respuesta a eso nosotros nos unimos y creamos instancias de formaci\u00f3n y capacitaci\u00f3n\u201d.<\/p>\n<p>El rector de la Universidad Nacional de Mar del Plata, Alfredo Lazzeretti detall\u00f3 que \u201cbuscamos ofrecer capacitaci\u00f3n a dirigentes gremiales sobre temas cruciales como la violencia de g\u00e9nero y la formaci\u00f3n integral para el di\u00e1logo con el sector empresarial\u201d.<\/p>\n","protected":false},"excerpt":{"rendered":"<p>Habr\u00e1 cursos de formaci\u00f3n para dirigentes sindicales y pol\u00edticos. Ser\u00e1 la primera experiencia a nivel nacional.<\/p>\n","protected":false},"author":8,"featured_media":0,"comment_status":"closed","ping_status":"closed","sticky":false,"template":"","format":"standard","meta":{"_jetpack_newsletter_access":"","_jetpack_dont_email_post_to_subs":false,"_jetpack_newsletter_tier_id":0,"_jetpack_memberships_contains_paywalled_content":false,"_jetpack_memberships_contains_paid_content":false,"footnotes":""},"categories":[1],"tags":[],"class_list":["post-121429","post","type-post","status-publish","format-standard","hentry","category-sociedad"],"jetpack_featured_media_url":"","jetpack_shortlink":"https:\/\/wp.me\/p2JWE0-vAx","jetpack-related-posts":[{"id":113184,"url":"https:\/\/www.24baires.com\/?p=113184","url_meta":{"origin":121429,"position":0},"title":"Kicillof ya defini\u00f3 parte de su gabinete","author":"AF","date":"28\/11\/2019","format":false,"excerpt":"Mientras define a sus colaboradores, el gobernador electo analiza postergar su asunci\u00f3n para el 11 de diciembre, para que no se superponga con el traspaso del mando presidencial. El gobernador electo de la provincia de Buenos Aires, Axel Kicillof, le da los \u00faltimos toques a su plan de gobierno y\u2026","rel":"","context":"En \u00abPol\u00edtica\u00bb","block_context":{"text":"Pol\u00edtica","link":"https:\/\/www.24baires.com\/?cat=51"},"img":{"alt_text":"","src":"https:\/\/i0.wp.com\/www.24baires.com\/wp-content\/uploads\/2019\/11\/kicillof.jpg?resize=350%2C200","width":350,"height":200,"srcset":"https:\/\/i0.wp.com\/www.24baires.com\/wp-content\/uploads\/2019\/11\/kicillof.jpg?resize=350%2C200 1x, https:\/\/i0.wp.com\/www.24baires.com\/wp-content\/uploads\/2019\/11\/kicillof.jpg?resize=525%2C300 1.5x"},"classes":[]},{"id":103414,"url":"https:\/\/www.24baires.com\/?p=103414","url_meta":{"origin":121429,"position":1},"title":"La Universidad de Mar del Plata le reclama al Gobierno Nacional una deuda de $ 30 millones","author":"Grupo Sierra","date":"18\/07\/2018","format":false,"excerpt":"La Universidad Nacional de Mar del Plata (Unmdp) le reclam\u00f3 al Gobierno nacional una deuda de unos 30 millones de pesos en concepto de \"otros gastos\" correspondientes al segundo trimestre, con el la casa de estudios cubre insumos, servicios, alquileres y combustibles. Si bien el Goebierno nacional gira el dinero\u2026","rel":"","context":"En \u00abEducaci\u00f3n\u00bb","block_context":{"text":"Educaci\u00f3n","link":"https:\/\/www.24baires.com\/?cat=327"},"img":{"alt_text":"Resultado de imagen para universidad de mar del plata","src":"https:\/\/i0.wp.com\/www.admisiones.org\/app\/resources\/img\/universidades\/mdp.jpg?resize=350%2C200&ssl=1","width":350,"height":200,"srcset":"https:\/\/i0.wp.com\/www.admisiones.org\/app\/resources\/img\/universidades\/mdp.jpg?resize=350%2C200&ssl=1 1x, https:\/\/i0.wp.com\/www.admisiones.org\/app\/resources\/img\/universidades\/mdp.jpg?resize=525%2C300&ssl=1 1.5x"},"classes":[]},{"id":15147,"url":"https:\/\/www.24baires.com\/?p=15147","url_meta":{"origin":121429,"position":2},"title":"Bi\u00f3logos aseguran que hay un alto nivel de contaminaci\u00f3n en playas marplatenses","author":"AF","date":"09\/02\/2013","format":false,"excerpt":"Un informe realizado por bi\u00f3logos de la Universidad de Mar del Plata alert\u00f3 sobre importantes \u00edndices de contaminaci\u00f3n en las aguas de este centro tur\u00edstico, haciendo de algunas playas no aptas para ba\u00f1arse. Seg\u00fan explic\u00f3 el bi\u00f3logo, Eduardo Vallarino, explic\u00f3 que hace cinco a\u00f1os cient\u00edficos Hace 5 a\u00f1os, cient\u00edficos de\u2026","rel":"","context":"En \u00abLocales\u00bb","block_context":{"text":"Locales","link":"https:\/\/www.24baires.com\/?cat=38"},"img":{"alt_text":"","src":"","width":0,"height":0},"classes":[]},{"id":56811,"url":"https:\/\/www.24baires.com\/?p=56811","url_meta":{"origin":121429,"position":3},"title":"Mar del Plata: abri\u00f3 la feria del libro con m\u00e1s de 450 actividades","author":"GB","date":"09\/11\/2014","format":false,"excerpt":"Durante el acto, los organizadores destacaron la labor conjunta de las instituciones, la continuidad y el crecimiento de la Feria del Libro que cuenta con 450 actividades hasta el 24 de noviembre en la Plaza Mitre. Adem\u00e1s, se resalt\u00f3 la participaci\u00f3n de los vecinos de General Pueyrredon que a\u00f1o a\u2026","rel":"","context":"En \u00abLocales\u00bb","block_context":{"text":"Locales","link":"https:\/\/www.24baires.com\/?cat=38"},"img":{"alt_text":"feria del libro mdp","src":"https:\/\/i0.wp.com\/www.24baires.com\/wp-content\/uploads\/2014\/11\/feria-del-libro-mdp-300x225.jpg?resize=350%2C200","width":350,"height":200},"classes":[]},{"id":93344,"url":"https:\/\/www.24baires.com\/?p=93344","url_meta":{"origin":121429,"position":4},"title":"M\u00e1s del 37% de los marplatenses est\u00e1n por debajo de la l\u00ednea de pobreza","author":"AF","date":"27\/03\/2017","format":false,"excerpt":"Alrededor de 190 mil pobres y 43.300 indigentes hay en Mar del Plata, seg\u00fan determin\u00f3 un relevamiento realizado por el Grupo de Estudios del Trabajo de la Facultad de Ciencias Econ\u00f3micas de la universidad nacional de la ciudad balnearia. La estimaci\u00f3n toma como referencia datos correspondientes al segundo trimestre del\u2026","rel":"","context":"En \u00abLocales\u00bb","block_context":{"text":"Locales","link":"https:\/\/www.24baires.com\/?cat=38"},"img":{"alt_text":"","src":"https:\/\/i0.wp.com\/www.24baires.com\/wp-content\/uploads\/2014\/07\/mar-del-plata-invierno.jpg?resize=350%2C200","width":350,"height":200,"srcset":"https:\/\/i0.wp.com\/www.24baires.com\/wp-content\/uploads\/2014\/07\/mar-del-plata-invierno.jpg?resize=350%2C200 1x, https:\/\/i0.wp.com\/www.24baires.com\/wp-content\/uploads\/2014\/07\/mar-del-plata-invierno.jpg?resize=525%2C300 1.5x"},"classes":[]},{"id":100030,"url":"https:\/\/www.24baires.com\/?p=100030","url_meta":{"origin":121429,"position":5},"title":"\u00abHacen m\u00e1s ricos a los ricos y m\u00e1s pobres a los pobres\u00bb","author":"AF","date":"18\/01\/2018","format":false,"excerpt":"El gastron\u00f3mico Barrionuevo comparti\u00f3 un almuerzo con dos de los tres triunviros de la CGT m\u00e1s el camionero Moyano y otros dirigentes de peso en Mar del Plata. De esa reuni\u00f3n surgi\u00f3 un dur\u00edsimo comunicado en contra del r\u00e9gimen macrista. El triunviro de la CGT Juan Carlos Schmid anunci\u00f3 que,\u2026","rel":"","context":"En \u00abSociedad\u00bb","block_context":{"text":"Sociedad","link":"https:\/\/www.24baires.com\/?cat=1"},"img":{"alt_text":"","src":"https:\/\/i0.wp.com\/www.24baires.com\/wp-content\/uploads\/2018\/01\/cgt.jpg?resize=350%2C200","width":350,"height":200,"srcset":"https:\/\/i0.wp.com\/www.24baires.com\/wp-content\/uploads\/2018\/01\/cgt.jpg?resize=350%2C200 1x, https:\/\/i0.wp.com\/www.24baires.com\/wp-content\/uploads\/2018\/01\/cgt.jpg?resize=525%2C300 1.5x"},"classes":[]}],"jetpack_sharing_enabled":true,"jetpack_likes_enabled":true,"_links":{"self":[{"href":"https:\/\/www.24baires.com\/index.php?rest_route=\/wp\/v2\/posts\/121429","targetHints":{"allow":["GET"]}}],"collection":[{"href":"https:\/\/www.24baires.com\/index.php?rest_route=\/wp\/v2\/posts"}],"about":[{"href":"https:\/\/www.24baires.com\/index.php?rest_route=\/wp\/v2\/types\/post"}],"author":[{"embeddable":true,"href":"https:\/\/www.24baires.com\/index.php?rest_route=\/wp\/v2\/users\/8"}],"replies":[{"embeddable":true,"href":"https:\/\/www.24baires.com\/index.php?rest_route=%2Fwp%2Fv2%2Fcomments&post=121429"}],"version-history":[{"count":1,"href":"https:\/\/www.24baires.com\/index.php?rest_route=\/wp\/v2\/posts\/121429\/revisions"}],"predecessor-version":[{"id":121431,"href":"https:\/\/www.24baires.com\/index.php?rest_route=\/wp\/v2\/posts\/121429\/revisions\/121431"}],"wp:attachment":[{"href":"https:\/\/www.24baires.com\/index.php?rest_route=%2Fwp%2Fv2%2Fmedia&parent=121429"}],"wp:term":[{"taxonomy":"category","embeddable":true,"href":"https:\/\/www.24baires.com\/index.php?rest_route=%2Fwp%2Fv2%2Fcategories&post=121429"},{"taxonomy":"post_tag","embeddable":true,"href":"https:\/\/www.24baires.com\/index.php?rest_route=%2Fwp%2Fv2%2Ftags&post=121429"}],"curies":[{"name":"wp","href":"https:\/\/api.w.org\/{rel}","templated":true}]}}