{"id":121376,"date":"2024-05-23T10:12:40","date_gmt":"2024-05-23T13:12:40","guid":{"rendered":"https:\/\/www.24baires.com\/?p=121376"},"modified":"2024-05-23T10:12:40","modified_gmt":"2024-05-23T13:12:40","slug":"las-tarifas-de-los-servicios-publicos-aumentaron-casi-300-en-6-meses","status":"publish","type":"post","link":"https:\/\/www.24baires.com\/?p=121376","title":{"rendered":"Las tarifas de los servicios p\u00fablicos aumentaron casi 300% en 6 meses"},"content":{"rendered":"<p><img data-recalc-dims=\"1\" loading=\"lazy\" decoding=\"async\" class=\"aligncenter wp-image-86720\" src=\"https:\/\/i0.wp.com\/www.24baires.com\/wp-content\/uploads\/2016\/08\/gas.jpg?resize=720%2C405\" alt=\"\" width=\"720\" height=\"405\" srcset=\"https:\/\/i0.wp.com\/www.24baires.com\/wp-content\/uploads\/2016\/08\/gas.jpg?w=560&amp;ssl=1 560w, https:\/\/i0.wp.com\/www.24baires.com\/wp-content\/uploads\/2016\/08\/gas.jpg?resize=300%2C169&amp;ssl=1 300w\" sizes=\"auto, (max-width: 720px) 100vw, 720px\" \/>Seg\u00fan un estudio de la UBA, una familia del conurbano bonaerense destin\u00f3 casi 120 mil pesos a cubrir las tarifas de los servicios p\u00fablicos.<!--more--><\/p>\n<p>La desregulaci\u00f3n de las tarifas decretada por Javier Milei dio como resultado un aumento exponencial (que ahora est\u00e1n intentando frenar). Un estudio realizado por un instituto dependiente de la UBA y el CONICET muestra el impacto del aumento de los servicios p\u00fablicos para las familias del conurbano bonaerense. \u00bfSeguir\u00e1n subiendo?<\/p>\n<p>El reporte de tarifas y subsidios elaborado por el Instituto Interdisciplinario de Econom\u00eda Pol\u00edtica (IIEP) correspondiente a mayo sugiere que s\u00ed. Es que a pesar de las subas r\u00e9cord de los \u00faltimos meses, el Estado sigue haci\u00e9ndose cargo del 63 por ciento del costo de los servicios p\u00fablicos del AMBA a trav\u00e9s de subsidios. Vale recordar que, el plan del gobierno libertario es reducir al m\u00ednimo esos subsidios.<\/p>\n<p>Tarifas: las familias del conurbano destinaron m\u00e1s de 100 mil pesos para pagarlas<br \/>\nA\u00fan as\u00ed, el costo de la canasta total se increment\u00f3 295 por ciento respecto de diciembre de 2023, es decir, en seis meses. Esto responde a las actualizaciones de de las tarifas de transporte (en enero y febrero), de luz (en febrero), agua y gas natural (en abril).<\/p>\n","protected":false},"excerpt":{"rendered":"<p>Seg\u00fan un estudio de la UBA, una familia del conurbano bonaerense destin\u00f3 casi 120 mil pesos a cubrir las tarifas de los servicios p\u00fablicos.<\/p>\n","protected":false},"author":8,"featured_media":0,"comment_status":"closed","ping_status":"closed","sticky":false,"template":"","format":"standard","meta":{"_jetpack_newsletter_access":"","_jetpack_dont_email_post_to_subs":false,"_jetpack_newsletter_tier_id":0,"_jetpack_memberships_contains_paywalled_content":false,"_jetpack_memberships_contains_paid_content":false,"footnotes":""},"categories":[78],"tags":[],"class_list":["post-121376","post","type-post","status-publish","format-standard","hentry","category-consumidores"],"jetpack_featured_media_url":"","jetpack_shortlink":"https:\/\/wp.me\/p2JWE0-vzG","jetpack-related-posts":[{"id":107286,"url":"https:\/\/www.24baires.com\/?p=107286","url_meta":{"origin":121376,"position":0},"title":"No hay colectivos de media ni larga distancia en todo el pa\u00eds","author":"AF","date":"19\/03\/2019","format":false,"excerpt":"El combo de quita de subsidios al transporte, la liberaci\u00f3n del precio del combustible y los tarifazos dispar\u00f3 una medida de fuerza de la UTA en los colectivos de media y larga distancia de todo el pa\u00eds desde ayer a la noche, que se prolongar\u00e1 hasta la medianoche de ma\u00f1ana.\u2026","rel":"","context":"En \u00abSociedad\u00bb","block_context":{"text":"Sociedad","link":"https:\/\/www.24baires.com\/?cat=1"},"img":{"alt_text":"","src":"https:\/\/i0.wp.com\/www.24baires.com\/wp-content\/uploads\/2013\/05\/retiro-vac%C3%ADo.jpg?resize=350%2C200","width":350,"height":200,"srcset":"https:\/\/i0.wp.com\/www.24baires.com\/wp-content\/uploads\/2013\/05\/retiro-vac%C3%ADo.jpg?resize=350%2C200 1x, https:\/\/i0.wp.com\/www.24baires.com\/wp-content\/uploads\/2013\/05\/retiro-vac%C3%ADo.jpg?resize=525%2C300 1.5x"},"classes":[]},{"id":118955,"url":"https:\/\/www.24baires.com\/?p=118955","url_meta":{"origin":121376,"position":1},"title":"Provincia aumentar\u00e1 la tarifa de luz a partir de julio","author":"GB","date":"08\/06\/2022","format":false,"excerpt":"La Provincia eval\u00faa realizar un aumento de la tarifa de luz en consonancia con Naci\u00f3n, por lo que convocar\u00e1 a audiencias p\u00fablicas. La Provincia eval\u00faa realizar un aumento de la tarifa de luz en consonancia con Naci\u00f3n, por lo que convocar\u00e1 a audiencias p\u00fablicas. La tarifa de luz aumentar\u00e1 un\u2026","rel":"","context":"En \u00abLocales\u00bb","block_context":{"text":"Locales","link":"https:\/\/www.24baires.com\/?cat=38"},"img":{"alt_text":"","src":"https:\/\/i0.wp.com\/www.24baires.com\/wp-content\/uploads\/2016\/09\/boletas-de-luz.jpg?resize=350%2C200","width":350,"height":200,"srcset":"https:\/\/i0.wp.com\/www.24baires.com\/wp-content\/uploads\/2016\/09\/boletas-de-luz.jpg?resize=350%2C200 1x, https:\/\/i0.wp.com\/www.24baires.com\/wp-content\/uploads\/2016\/09\/boletas-de-luz.jpg?resize=525%2C300 1.5x, https:\/\/i0.wp.com\/www.24baires.com\/wp-content\/uploads\/2016\/09\/boletas-de-luz.jpg?resize=700%2C400 2x"},"classes":[]},{"id":101330,"url":"https:\/\/www.24baires.com\/?p=101330","url_meta":{"origin":121376,"position":2},"title":"Tarifazo de gas: empresas pidieron subas de hasta 55%","author":"GB","date":"28\/03\/2018","format":false,"excerpt":"En las audiencias p\u00fablicas celebradas en febrero las distribuidoras de todo el pa\u00eds solicitaron ese incremento. Aranguren anunciar\u00e1 este mi\u00e9rcoles una nueva suba en la tarifa de gas. El ministro de Energ\u00eda y Miner\u00eda de la Naci\u00f3n, Juan Jos\u00e9 Aranguren, anunciar\u00e1 este mi\u00e9rcoles una nueva suba en la tarifa de\u2026","rel":"","context":"En \u00abConsumidores\u00bb","block_context":{"text":"Consumidores","link":"https:\/\/www.24baires.com\/?cat=78"},"img":{"alt_text":"","src":"https:\/\/i0.wp.com\/www.24baires.com\/wp-content\/uploads\/2016\/08\/gas.jpg?resize=350%2C200","width":350,"height":200,"srcset":"https:\/\/i0.wp.com\/www.24baires.com\/wp-content\/uploads\/2016\/08\/gas.jpg?resize=350%2C200 1x, https:\/\/i0.wp.com\/www.24baires.com\/wp-content\/uploads\/2016\/08\/gas.jpg?resize=525%2C300 1.5x"},"classes":[]},{"id":114181,"url":"https:\/\/www.24baires.com\/?p=114181","url_meta":{"origin":121376,"position":3},"title":"El Gobierno anunci\u00f3 que aumentar\u00e1n las tarifas de transporte","author":"AF","date":"20\/02\/2020","format":false,"excerpt":"El ministro del \u00e1rea, Mario Meoni, afirm\u00f3 que los aumentos comienzan en mayo y estar\u00e1n por debajo de la inflaci\u00f3n. El ministro Mario Meoni adelant\u00f3 hoy que en el mes de mayo comenzar\u00e1n a realizarse aumentos en las tarifas en el transporte. El titular de esa cartera detall\u00f3 que las\u2026","rel":"","context":"En \u00abSociedad\u00bb","block_context":{"text":"Sociedad","link":"https:\/\/www.24baires.com\/?cat=1"},"img":{"alt_text":"","src":"https:\/\/i0.wp.com\/www.24baires.com\/wp-content\/uploads\/2015\/01\/colectivos-micro-bah%C3%ADa-blanca.jpg?resize=350%2C200","width":350,"height":200,"srcset":"https:\/\/i0.wp.com\/www.24baires.com\/wp-content\/uploads\/2015\/01\/colectivos-micro-bah%C3%ADa-blanca.jpg?resize=350%2C200 1x, https:\/\/i0.wp.com\/www.24baires.com\/wp-content\/uploads\/2015\/01\/colectivos-micro-bah%C3%ADa-blanca.jpg?resize=525%2C300 1.5x"},"classes":[]},{"id":105467,"url":"https:\/\/www.24baires.com\/?p=105467","url_meta":{"origin":121376,"position":4},"title":"Agua: se espera otro aumento del 50% en 2019","author":"GB","date":"15\/11\/2018","format":false,"excerpt":"El ente regulador del agua confirm\u00f3 que, a trav\u00e9s de dos etapas a ejecutarse en enero y mayo, los ciudadanos de la Ciudad y del Gran Buenos Aires sufrir\u00e1n el a\u00f1o pr\u00f3ximo un aumento del 48,5% en sus boletas de aguas corriente y cloacas. De esa forma, en s\u00f3lo 6\u2026","rel":"","context":"En \u00abConsumidores\u00bb","block_context":{"text":"Consumidores","link":"https:\/\/www.24baires.com\/?cat=78"},"img":{"alt_text":"","src":"https:\/\/i0.wp.com\/www.24baires.com\/wp-content\/uploads\/2015\/01\/canilla-de-agua.jpg?resize=350%2C200","width":350,"height":200,"srcset":"https:\/\/i0.wp.com\/www.24baires.com\/wp-content\/uploads\/2015\/01\/canilla-de-agua.jpg?resize=350%2C200 1x, https:\/\/i0.wp.com\/www.24baires.com\/wp-content\/uploads\/2015\/01\/canilla-de-agua.jpg?resize=525%2C300 1.5x"},"classes":[]},{"id":117701,"url":"https:\/\/www.24baires.com\/?p=117701","url_meta":{"origin":121376,"position":5},"title":"Mar del Plata: el intendente fij\u00f3 el boleto en 51,8 pesos","author":"GB","date":"05\/06\/2021","format":false,"excerpt":"Regir\u00e1 a partir del 21 de junio. Sostuvo que el precio obedece a la inflaci\u00f3n y a \"la falta de aportes nacionales y provinciales\" para el sector. En septiembre se ir\u00e1 a $ 59,90. El intendente Guillermo Montenegro dispuso que desde el 21 de junio el boleto de colectivo aumente\u2026","rel":"","context":"En \u00abMunicipios\u00bb","block_context":{"text":"Municipios","link":"https:\/\/www.24baires.com\/?cat=44"},"img":{"alt_text":"","src":"https:\/\/i0.wp.com\/www.24baires.com\/wp-content\/uploads\/2019\/04\/carga-sube.jpg?resize=350%2C200","width":350,"height":200,"srcset":"https:\/\/i0.wp.com\/www.24baires.com\/wp-content\/uploads\/2019\/04\/carga-sube.jpg?resize=350%2C200 1x, https:\/\/i0.wp.com\/www.24baires.com\/wp-content\/uploads\/2019\/04\/carga-sube.jpg?resize=525%2C300 1.5x"},"classes":[]}],"jetpack_sharing_enabled":true,"jetpack_likes_enabled":true,"_links":{"self":[{"href":"https:\/\/www.24baires.com\/index.php?rest_route=\/wp\/v2\/posts\/121376","targetHints":{"allow":["GET"]}}],"collection":[{"href":"https:\/\/www.24baires.com\/index.php?rest_route=\/wp\/v2\/posts"}],"about":[{"href":"https:\/\/www.24baires.com\/index.php?rest_route=\/wp\/v2\/types\/post"}],"author":[{"embeddable":true,"href":"https:\/\/www.24baires.com\/index.php?rest_route=\/wp\/v2\/users\/8"}],"replies":[{"embeddable":true,"href":"https:\/\/www.24baires.com\/index.php?rest_route=%2Fwp%2Fv2%2Fcomments&post=121376"}],"version-history":[{"count":1,"href":"https:\/\/www.24baires.com\/index.php?rest_route=\/wp\/v2\/posts\/121376\/revisions"}],"predecessor-version":[{"id":121377,"href":"https:\/\/www.24baires.com\/index.php?rest_route=\/wp\/v2\/posts\/121376\/revisions\/121377"}],"wp:attachment":[{"href":"https:\/\/www.24baires.com\/index.php?rest_route=%2Fwp%2Fv2%2Fmedia&parent=121376"}],"wp:term":[{"taxonomy":"category","embeddable":true,"href":"https:\/\/www.24baires.com\/index.php?rest_route=%2Fwp%2Fv2%2Fcategories&post=121376"},{"taxonomy":"post_tag","embeddable":true,"href":"https:\/\/www.24baires.com\/index.php?rest_route=%2Fwp%2Fv2%2Ftags&post=121376"}],"curies":[{"name":"wp","href":"https:\/\/api.w.org\/{rel}","templated":true}]}}