{"id":121349,"date":"2024-05-15T06:28:51","date_gmt":"2024-05-15T09:28:51","guid":{"rendered":"https:\/\/www.24baires.com\/?p=121349"},"modified":"2024-05-15T06:28:51","modified_gmt":"2024-05-15T09:28:51","slug":"en-medio-de-la-caida-del-salario-y-el-consumo-la-inflacion-de-abril-fue-del-88","status":"publish","type":"post","link":"https:\/\/www.24baires.com\/?p=121349","title":{"rendered":"En medio de la ca\u00edda del salario y el consumo, la inflaci\u00f3n de abril fue del 8,8%"},"content":{"rendered":"<p><img data-recalc-dims=\"1\" loading=\"lazy\" decoding=\"async\" class=\"aligncenter wp-image-120933\" src=\"https:\/\/i0.wp.com\/www.24baires.com\/wp-content\/uploads\/2024\/02\/super.jpeg?resize=720%2C405\" alt=\"\" width=\"720\" height=\"405\" srcset=\"https:\/\/i0.wp.com\/www.24baires.com\/wp-content\/uploads\/2024\/02\/super.jpeg?w=800&amp;ssl=1 800w, https:\/\/i0.wp.com\/www.24baires.com\/wp-content\/uploads\/2024\/02\/super.jpeg?resize=300%2C169&amp;ssl=1 300w, https:\/\/i0.wp.com\/www.24baires.com\/wp-content\/uploads\/2024\/02\/super.jpeg?resize=768%2C432&amp;ssl=1 768w\" sizes=\"auto, (max-width: 720px) 100vw, 720px\" \/>El INDEC inform\u00f3 que los precios aumentaron un 8,8% en abril, un 289,4% interanual y un 65% en el primer cuatrimestre.<!--more--><\/p>\n<p>El Instituto Nacional de Estad\u00edsticas y Censos (INDEC) dio a conocer este martes el \u00cdndice de Precios al Consumidor (IPC) e inform\u00f3 que la inflaci\u00f3n del mes de abril fue de 8,8%. De esa manera, los aumentos de precios se mantienen en desaceleraci\u00f3n, en relaci\u00f3n al 11% de marzo; proceso motivado por la recesi\u00f3n econ\u00f3mica y la ca\u00edda del nivel del ingreso de los trabajadores.<\/p>\n<p>Con el aumento del 8,8% con respecto a marzo, la variaci\u00f3n de precios en el primer cuatrimestre de 2023 es del 65%, sin contar el 25% de diciembre de 2023, ya bajo la administraci\u00f3n de Javier Milei. Asimismo, la interanual alcanz\u00f3 el 289,4%.<\/p>\n<p>Los sectores en los que se produjeron las mayores subas fueron: Vivienda, agua, electricidad, gas y otros combustibles, Salud, Alimentos y bebidas no alcoh\u00f3licas, Informaci\u00f3n y comunicaci\u00f3n y Restaurantes y hoteles. Esos rubros \u201cexplicaron el 75% del alza del Nivel General\u201d, destacaba el informe oficial.<\/p>\n<p>Desde que asumi\u00f3 el gobierno de La Libertad Avanza, la inflaci\u00f3n fue la siguiente: 25,5% en diciembre de 2023; de 20,6% (254 interanual); 13,2% (276,2 interanual) y 11% en marzo, que en la sumatoria signific\u00f3 una suba de 287,9%. Un r\u00e9cord no registrado en los \u00faltimos 40 a\u00f1os..<\/p>\n<p>A nivel nacional, las estimaciones preliminares para mayo tambi\u00e9n son a la baja, principalmente por la decisi\u00f3n del Gobierno de frenar el aumento de tarifas de luz y gas que estaba previsto para este mes.<\/p>\n<p>Por otra parte, el \u00cdndice de Inflaci\u00f3n de los Trabajadores que elabora la Universidad Metropolitana para la Educaci\u00f3n y el Trabajo (Umet) inform\u00f3 una inflaci\u00f3n de 9,2% mensual. Dato que seg\u00fan los expertos se sustenta en la estabilidad del tipo de cambio, los menores costos financieros para las empresas y la ca\u00edda del consumo.<\/p>\n<p>En tanto, el n\u00famero de la Umet demuestra que la suba de precios en los \u00faltimos cuatro meses fue del 71,2% y de un acumulado de 307,8% en t\u00e9rminos interanuales.<\/p>\n","protected":false},"excerpt":{"rendered":"<p>El INDEC inform\u00f3 que los precios aumentaron un 8,8% en abril, un 289,4% interanual y un 65% en el primer cuatrimestre.<\/p>\n","protected":false},"author":8,"featured_media":0,"comment_status":"closed","ping_status":"closed","sticky":false,"template":"","format":"standard","meta":{"_jetpack_newsletter_access":"","_jetpack_dont_email_post_to_subs":false,"_jetpack_newsletter_tier_id":0,"_jetpack_memberships_contains_paywalled_content":false,"_jetpack_memberships_contains_paid_content":false,"footnotes":""},"categories":[78],"tags":[],"class_list":["post-121349","post","type-post","status-publish","format-standard","hentry","category-consumidores"],"jetpack_featured_media_url":"","jetpack_shortlink":"https:\/\/wp.me\/p2JWE0-vzf","jetpack-related-posts":[{"id":32197,"url":"https:\/\/www.24baires.com\/?p=32197","url_meta":{"origin":121349,"position":0},"title":"Seg\u00fan datos del INDEC, el PBI creci\u00f3 un 8,3% en el segundo trimestre del 2013","author":"GB","date":"20\/09\/2013","format":false,"excerpt":"El Producto Interno Bruto (PBI) creci\u00f3 durante el segundo trimestre del a\u00f1o 8,3% en relaci\u00f3n a abril-junio del a\u00f1o pasado, por lo que el primer semestre de 2013 cerr\u00f3 con un crecimiento acumulado del 5,8%, seg\u00fan el Indec. Los sectores productores de bienes registraron un avance de 8,4% en el\u2026","rel":"","context":"En \u00abEconom\u00eda\u00bb","block_context":{"text":"Econom\u00eda","link":"https:\/\/www.24baires.com\/?cat=45"},"img":{"alt_text":"","src":"","width":0,"height":0},"classes":[]},{"id":120096,"url":"https:\/\/www.24baires.com\/?p=120096","url_meta":{"origin":121349,"position":1},"title":"La inflaci\u00f3n de abril fue del 8,4% y acumula un 108,8% interanual","author":"AF","date":"12\/05\/2023","format":false,"excerpt":"Los datos brindados por el Instituto Nacional de Estad\u00edstica y Censos indican que la inflaci\u00f3n acumula un aumento del 32% en el primer cuatrimestre del a\u00f1o. El \u00cdndice de Precios al Consumidor (IPC-Costo de Vida) subi\u00f3 8,4% en abril, impulsado por los rubros Alimentos y Bebidas, junto con Indumentaria y\u2026","rel":"","context":"En \u00abEconom\u00eda\u00bb","block_context":{"text":"Econom\u00eda","link":"https:\/\/www.24baires.com\/?cat=45"},"img":{"alt_text":"","src":"https:\/\/i0.wp.com\/www.24baires.com\/wp-content\/uploads\/2023\/03\/inflacion-aceite-precios-super-gondolas-consumo.jpg?resize=350%2C200","width":350,"height":200,"srcset":"https:\/\/i0.wp.com\/www.24baires.com\/wp-content\/uploads\/2023\/03\/inflacion-aceite-precios-super-gondolas-consumo.jpg?resize=350%2C200 1x, https:\/\/i0.wp.com\/www.24baires.com\/wp-content\/uploads\/2023\/03\/inflacion-aceite-precios-super-gondolas-consumo.jpg?resize=525%2C300 1.5x, https:\/\/i0.wp.com\/www.24baires.com\/wp-content\/uploads\/2023\/03\/inflacion-aceite-precios-super-gondolas-consumo.jpg?resize=700%2C400 2x"},"classes":[]},{"id":121802,"url":"https:\/\/www.24baires.com\/?p=121802","url_meta":{"origin":121349,"position":2},"title":"El consumo de yerba mate alcanz\u00f3 su nivel m\u00e1s bajo en 9 a\u00f1os, seg\u00fan un estudio","author":"GB","date":"07\/11\/2024","format":false,"excerpt":"El consumo de yerba mate cay\u00f3 8,8% interanual, mientras las exportaciones y las importaciones aumentan, afectando a productores y generando un exceso de stocks. El consumo interno de yerba mate en Argentina experiment\u00f3 una ca\u00edda del 8,8% interanual en los primeros nueve meses de 2024, alcanzando su nivel m\u00e1s bajo\u2026","rel":"","context":"En \u00abConsumidores\u00bb","block_context":{"text":"Consumidores","link":"https:\/\/www.24baires.com\/?cat=78"},"img":{"alt_text":"","src":"https:\/\/i0.wp.com\/www.24baires.com\/wp-content\/uploads\/2024\/11\/yerba.webp?resize=350%2C200","width":350,"height":200,"srcset":"https:\/\/i0.wp.com\/www.24baires.com\/wp-content\/uploads\/2024\/11\/yerba.webp?resize=350%2C200 1x, https:\/\/i0.wp.com\/www.24baires.com\/wp-content\/uploads\/2024\/11\/yerba.webp?resize=525%2C300 1.5x, https:\/\/i0.wp.com\/www.24baires.com\/wp-content\/uploads\/2024\/11\/yerba.webp?resize=700%2C400 2x"},"classes":[]},{"id":102158,"url":"https:\/\/www.24baires.com\/?p=102158","url_meta":{"origin":121349,"position":3},"title":"Seg\u00fan el Indec, la inflaci\u00f3n de abril fue del 2,7%","author":"AF","date":"15\/05\/2018","format":false,"excerpt":"El aumento registrado en abril se debi\u00f3 al tarifazo de servicios p\u00fablicos, el transporte y los alimentos, seg\u00fan inform\u00f3 el Instituto Nacional de Estad\u00edstica y Censos. En el primer cuatrimestre del a\u00f1o la inflaci\u00f3n minorista fue de 9,6%. Seg\u00fan el INDEC -elogiado por Mauricio Macri, Marcos Pe\u00f1a y dem\u00e1s integrantes\u2026","rel":"","context":"En \u00abEconom\u00eda\u00bb","block_context":{"text":"Econom\u00eda","link":"https:\/\/www.24baires.com\/?cat=45"},"img":{"alt_text":"","src":"https:\/\/i0.wp.com\/www.24baires.com\/wp-content\/uploads\/2013\/03\/supermercado2.jpg?resize=350%2C200","width":350,"height":200,"srcset":"https:\/\/i0.wp.com\/www.24baires.com\/wp-content\/uploads\/2013\/03\/supermercado2.jpg?resize=350%2C200 1x, https:\/\/i0.wp.com\/www.24baires.com\/wp-content\/uploads\/2013\/03\/supermercado2.jpg?resize=525%2C300 1.5x"},"classes":[]},{"id":121107,"url":"https:\/\/www.24baires.com\/?p=121107","url_meta":{"origin":121349,"position":4},"title":"La inflaci\u00f3n se ubic\u00f3 en el 13,2% en febrero","author":"GB","date":"12\/03\/2024","format":false,"excerpt":"El INDEC registr\u00f3 una inflaci\u00f3n del 13,2 % en febrero. Aunque retrocedi\u00f3 varios puntos, el n\u00famero qued\u00f3 condicionado por la fuerte recesi\u00f3n de la industria. El Instituto Nacional de Estad\u00edsticas y Censos (INDEC) dio a conocer la inflaci\u00f3n del mes de febrero que fue del 13,2%, una cifra que se\u2026","rel":"","context":"En \u00abEconom\u00eda\u00bb","block_context":{"text":"Econom\u00eda","link":"https:\/\/www.24baires.com\/?cat=45"},"img":{"alt_text":"","src":"https:\/\/i0.wp.com\/www.24baires.com\/wp-content\/uploads\/2024\/03\/super.webp?resize=350%2C200","width":350,"height":200,"srcset":"https:\/\/i0.wp.com\/www.24baires.com\/wp-content\/uploads\/2024\/03\/super.webp?resize=350%2C200 1x, https:\/\/i0.wp.com\/www.24baires.com\/wp-content\/uploads\/2024\/03\/super.webp?resize=525%2C300 1.5x, https:\/\/i0.wp.com\/www.24baires.com\/wp-content\/uploads\/2024\/03\/super.webp?resize=700%2C400 2x"},"classes":[]},{"id":121435,"url":"https:\/\/www.24baires.com\/?p=121435","url_meta":{"origin":121349,"position":5},"title":"La inflaci\u00f3n fue del 4,2% en mayo","author":"GB","date":"14\/06\/2024","format":false,"excerpt":"El INDEC registr\u00f3 una inflaci\u00f3n del 4,2% en mayo y volvi\u00f3 a desacelerarse aunque la racha podr\u00eda cortarse en junio debido a la suba de tarifas. El Instituto Nacional de Estad\u00edsticas y Censos (INDEC) dio a conocer la inflaci\u00f3n del mes de mayo que fue del 4,2%, una cifra que\u2026","rel":"","context":"En \u00abEconom\u00eda\u00bb","block_context":{"text":"Econom\u00eda","link":"https:\/\/www.24baires.com\/?cat=45"},"img":{"alt_text":"","src":"https:\/\/i0.wp.com\/www.24baires.com\/wp-content\/uploads\/2024\/03\/super.webp?resize=350%2C200","width":350,"height":200,"srcset":"https:\/\/i0.wp.com\/www.24baires.com\/wp-content\/uploads\/2024\/03\/super.webp?resize=350%2C200 1x, https:\/\/i0.wp.com\/www.24baires.com\/wp-content\/uploads\/2024\/03\/super.webp?resize=525%2C300 1.5x, https:\/\/i0.wp.com\/www.24baires.com\/wp-content\/uploads\/2024\/03\/super.webp?resize=700%2C400 2x"},"classes":[]}],"jetpack_sharing_enabled":true,"jetpack_likes_enabled":true,"_links":{"self":[{"href":"https:\/\/www.24baires.com\/index.php?rest_route=\/wp\/v2\/posts\/121349","targetHints":{"allow":["GET"]}}],"collection":[{"href":"https:\/\/www.24baires.com\/index.php?rest_route=\/wp\/v2\/posts"}],"about":[{"href":"https:\/\/www.24baires.com\/index.php?rest_route=\/wp\/v2\/types\/post"}],"author":[{"embeddable":true,"href":"https:\/\/www.24baires.com\/index.php?rest_route=\/wp\/v2\/users\/8"}],"replies":[{"embeddable":true,"href":"https:\/\/www.24baires.com\/index.php?rest_route=%2Fwp%2Fv2%2Fcomments&post=121349"}],"version-history":[{"count":1,"href":"https:\/\/www.24baires.com\/index.php?rest_route=\/wp\/v2\/posts\/121349\/revisions"}],"predecessor-version":[{"id":121350,"href":"https:\/\/www.24baires.com\/index.php?rest_route=\/wp\/v2\/posts\/121349\/revisions\/121350"}],"wp:attachment":[{"href":"https:\/\/www.24baires.com\/index.php?rest_route=%2Fwp%2Fv2%2Fmedia&parent=121349"}],"wp:term":[{"taxonomy":"category","embeddable":true,"href":"https:\/\/www.24baires.com\/index.php?rest_route=%2Fwp%2Fv2%2Fcategories&post=121349"},{"taxonomy":"post_tag","embeddable":true,"href":"https:\/\/www.24baires.com\/index.php?rest_route=%2Fwp%2Fv2%2Ftags&post=121349"}],"curies":[{"name":"wp","href":"https:\/\/api.w.org\/{rel}","templated":true}]}}