{"id":121329,"date":"2024-05-13T06:29:00","date_gmt":"2024-05-13T09:29:00","guid":{"rendered":"https:\/\/www.24baires.com\/?p=121329"},"modified":"2024-05-13T06:29:00","modified_gmt":"2024-05-13T09:29:00","slug":"kicillof-advirtio-que-el-pais-vive-una-emergencia-social-de-las-mas-grandes-de-la-historia","status":"publish","type":"post","link":"https:\/\/www.24baires.com\/?p=121329","title":{"rendered":"Kicillof advirti\u00f3 que el pa\u00eds vive \u00abuna emergencia social de las m\u00e1s grandes de la historia\u00bb"},"content":{"rendered":"<p><img data-recalc-dims=\"1\" loading=\"lazy\" decoding=\"async\" class=\"aligncenter wp-image-120506\" src=\"https:\/\/i0.wp.com\/www.24baires.com\/wp-content\/uploads\/2023\/09\/kicillof.webp?resize=720%2C480\" alt=\"\" width=\"720\" height=\"480\" srcset=\"https:\/\/i0.wp.com\/www.24baires.com\/wp-content\/uploads\/2023\/09\/kicillof.webp?w=887&amp;ssl=1 887w, https:\/\/i0.wp.com\/www.24baires.com\/wp-content\/uploads\/2023\/09\/kicillof.webp?resize=300%2C200&amp;ssl=1 300w, https:\/\/i0.wp.com\/www.24baires.com\/wp-content\/uploads\/2023\/09\/kicillof.webp?resize=768%2C512&amp;ssl=1 768w\" sizes=\"auto, (max-width: 720px) 100vw, 720px\" \/>Durante un acto junto a UNICEF e intendentes bonaerenses, el gobernador Axel Kicillof critic\u00f3 a la administraci\u00f3n de Javier Milei por el crecimientos exponencial de la pobreza infantil. Pas\u00f3 del 53% al 70%, este primer semestre.<!--more--><\/p>\n<p>El gobernador bonaerense, Axel Kicillof, volvi\u00f3 a cuestionar duramente las pol\u00edticas econ\u00f3micas del gobierno de Javier Milei por el crecimiento de la pobreza y la indigencia infantil y, en ese marco, afirm\u00f3 que los datos del \u201cprimer semestre del \u201824\u201d son \u201cuna verdadera cat\u00e1strofe social\u201d. El porcentaje de ni\u00f1os pobres se dispar\u00f3 al 70%, de acuerdo a lo destacado por el mandatario.<\/p>\n<p>Aprovechando el acto de firmas de las cartas de compromiso, junto a la representante de UNICEF Argentina Luisa Brumana, del programa Municipio Unido por la Ni\u00f1ez y Adolescencia de UNICEF, el economista se refiri\u00f3 a la profundizaci\u00f3n de los niveles de pobreza e indigencia que afectan a la poblaci\u00f3n infantil de la provincia y el pa\u00eds.<\/p>\n<p>\u201cEn este momento tan dif\u00edcil para nuestro pa\u00eds; la Provincia y los Municipios bonaerenses coinciden en que nuestra prioridad es trabajar de forma articulada para garantizar los derechos de los ni\u00f1os\u201d, comenz\u00f3 expresando el economista; al tiempo que destac\u00f3 que \u201cel acompa\u00f1amiento de UNICEF se vuelve m\u00e1s necesario que nunca ahora que el Gobierno nacional ha provocado una situaci\u00f3n social muy grave\u201d.<\/p>\n<p>En este sentido, Kicillof remarc\u00f3 que el Ejecutivo que encabeza Milei \u201cse ha desentendido de la realidad de millones de argentinos\u201d, y remat\u00f3: \u201cEst\u00e1 incumpliendo obligaciones que no son optativas, son su responsabilidad por mandato de la Constituci\u00f3n: cortan recursos, cierran dependencias y ni siquiera designan funcionarios con los que se puedan articular pol\u00edticas p\u00fablicas en \u00e1reas fundamentales\u201d.<\/p>\n","protected":false},"excerpt":{"rendered":"<p>Durante un acto junto a UNICEF e intendentes bonaerenses, el gobernador Axel Kicillof critic\u00f3 a la administraci\u00f3n de Javier Milei por el crecimientos exponencial de la pobreza infantil. Pas\u00f3 del 53% al 70%, este primer semestre.<\/p>\n","protected":false},"author":8,"featured_media":0,"comment_status":"closed","ping_status":"closed","sticky":false,"template":"","format":"standard","meta":{"_jetpack_newsletter_access":"","_jetpack_dont_email_post_to_subs":false,"_jetpack_newsletter_tier_id":0,"_jetpack_memberships_contains_paywalled_content":false,"_jetpack_memberships_contains_paid_content":false,"footnotes":""},"categories":[1],"tags":[],"class_list":["post-121329","post","type-post","status-publish","format-standard","hentry","category-sociedad"],"jetpack_featured_media_url":"","jetpack_shortlink":"https:\/\/wp.me\/p2JWE0-vyV","jetpack-related-posts":[{"id":121019,"url":"https:\/\/www.24baires.com\/?p=121019","url_meta":{"origin":121329,"position":0},"title":"Milei elimin\u00f3 el Fondo para el Fortalecimiento Fiscal de la provincia de Buenos Aires","author":"GB","date":"26\/02\/2024","format":false,"excerpt":"En medio de una disputa con los gobernadores, Javier Milei elimin\u00f3 el Fondo de Fortalecimiento Fiscal que recibi\u00f3 la provincia de Buenos Aires desde 2020. Por Decreto, el presidente de la Naci\u00f3n, Javier Milei, dispuso un duro ajuste sobre las arcas de la provincia de Buenos Aires. La decisi\u00f3n sali\u00f3\u2026","rel":"","context":"En \u00abPol\u00edtica\u00bb","block_context":{"text":"Pol\u00edtica","link":"https:\/\/www.24baires.com\/?cat=51"},"img":{"alt_text":"","src":"https:\/\/i0.wp.com\/www.24baires.com\/wp-content\/uploads\/2024\/02\/milei-axel.webp?resize=350%2C200","width":350,"height":200,"srcset":"https:\/\/i0.wp.com\/www.24baires.com\/wp-content\/uploads\/2024\/02\/milei-axel.webp?resize=350%2C200 1x, https:\/\/i0.wp.com\/www.24baires.com\/wp-content\/uploads\/2024\/02\/milei-axel.webp?resize=525%2C300 1.5x, https:\/\/i0.wp.com\/www.24baires.com\/wp-content\/uploads\/2024\/02\/milei-axel.webp?resize=700%2C400 2x"},"classes":[]},{"id":122653,"url":"https:\/\/www.24baires.com\/?p=122653","url_meta":{"origin":121329,"position":1},"title":"El gobernador sobre las Provincias Unidas: \u201cSon las viudas de Milei\u201d","author":"GB","date":"23\/10\/2025","format":false,"excerpt":"En General Pinto, Kicillof cuestion\u00f3 a los gobernadores de Provincias Unidas y los acus\u00f3 de haber sostenido a Milei: \"Son las viudas de ese modelo\". En medio de una recorrida por el distrito de General Pinto a tan s\u00f3lo cuatro d\u00edas de las elecciones legislativas, el gobernador de la Provincia\u2026","rel":"","context":"En \u00abPol\u00edtica\u00bb","block_context":{"text":"Pol\u00edtica","link":"https:\/\/www.24baires.com\/?cat=51"},"img":{"alt_text":"","src":"https:\/\/i0.wp.com\/www.24baires.com\/wp-content\/uploads\/2025\/10\/kici-cammpana.webp?resize=350%2C200","width":350,"height":200,"srcset":"https:\/\/i0.wp.com\/www.24baires.com\/wp-content\/uploads\/2025\/10\/kici-cammpana.webp?resize=350%2C200 1x, https:\/\/i0.wp.com\/www.24baires.com\/wp-content\/uploads\/2025\/10\/kici-cammpana.webp?resize=525%2C300 1.5x, https:\/\/i0.wp.com\/www.24baires.com\/wp-content\/uploads\/2025\/10\/kici-cammpana.webp?resize=700%2C400 2x"},"classes":[]},{"id":120656,"url":"https:\/\/www.24baires.com\/?p=120656","url_meta":{"origin":121329,"position":2},"title":"Axel Kicillof anunci\u00f3 una mega inversi\u00f3n para el puerto de Bah\u00eda Blanca","author":"GB","date":"15\/11\/2023","format":false,"excerpt":"El gobernador bonaerense, Axel Kicillof, encabez\u00f3 un acto para anunciar inversiones mil millonarias en el puerto de Bah\u00eda Blanca. Junto con autoridades de YPF y el intendente electo de Bah\u00eda Blanca, Federico Susbielles, el gobernador de la provincia de Buenos Aires, Axel Kicillof, anuncia un acuerdo con una empresa china.\u2026","rel":"","context":"En \u00abProvincia\u00bb","block_context":{"text":"Provincia","link":"https:\/\/www.24baires.com\/?cat=40"},"img":{"alt_text":"","src":"https:\/\/i0.wp.com\/www.24baires.com\/wp-content\/uploads\/2023\/11\/kicillof-obras.webp?resize=350%2C200","width":350,"height":200,"srcset":"https:\/\/i0.wp.com\/www.24baires.com\/wp-content\/uploads\/2023\/11\/kicillof-obras.webp?resize=350%2C200 1x, https:\/\/i0.wp.com\/www.24baires.com\/wp-content\/uploads\/2023\/11\/kicillof-obras.webp?resize=525%2C300 1.5x, https:\/\/i0.wp.com\/www.24baires.com\/wp-content\/uploads\/2023\/11\/kicillof-obras.webp?resize=700%2C400 2x"},"classes":[]},{"id":121462,"url":"https:\/\/www.24baires.com\/?p=121462","url_meta":{"origin":121329,"position":3},"title":"Kicillof dej\u00f3 en claro que \u00absin industria\u00bb no hay Pacto de Mayo","author":"GB","date":"05\/07\/2024","format":false,"excerpt":"El gobernador Axel Kicillof encabez\u00f3 la apertura de la expo IndustrializAR 2024, reiter\u00f3 sus cr\u00edticas al Pacto de Mayo de Javier Milei e hizo un llamamiento a \"defender la industria y el trabajo\". El gobernador bonaerense, Axel Kicillof, encabez\u00f3 la apertura de la expo IndustrializAR 2024 en Pilar, y volvi\u00f3\u2026","rel":"","context":"En \u00abProvincia\u00bb","block_context":{"text":"Provincia","link":"https:\/\/www.24baires.com\/?cat=40"},"img":{"alt_text":"","src":"https:\/\/i0.wp.com\/www.24baires.com\/wp-content\/uploads\/2023\/09\/kicillof.webp?resize=350%2C200","width":350,"height":200,"srcset":"https:\/\/i0.wp.com\/www.24baires.com\/wp-content\/uploads\/2023\/09\/kicillof.webp?resize=350%2C200 1x, https:\/\/i0.wp.com\/www.24baires.com\/wp-content\/uploads\/2023\/09\/kicillof.webp?resize=525%2C300 1.5x, https:\/\/i0.wp.com\/www.24baires.com\/wp-content\/uploads\/2023\/09\/kicillof.webp?resize=700%2C400 2x"},"classes":[]},{"id":120858,"url":"https:\/\/www.24baires.com\/?p=120858","url_meta":{"origin":121329,"position":4},"title":"Kicillof se reuni\u00f3 con el sector farmac\u00e9utico para analizar el impacto del DNU","author":"GB","date":"12\/01\/2024","format":false,"excerpt":"El gobernador bonaerense, Axel Kicillof y el ministro de la Salud, Nicol\u00e1s Kreplak, recibieron a representantes farmac\u00e9uticos para analizar el impacto del DNU en el sector. Ante el mega DNU de Javier Milei para desregularizar la econom\u00eda, el gobernador bonaerense Axel Kicillof se est\u00e1 reuniendo con los sectores m\u00e1s afectados\u2026","rel":"","context":"En \u00abProvincia\u00bb","block_context":{"text":"Provincia","link":"https:\/\/www.24baires.com\/?cat=40"},"img":{"alt_text":"","src":"https:\/\/i0.wp.com\/www.24baires.com\/wp-content\/uploads\/2024\/01\/kici-farmaceuticos.jpg?resize=350%2C200","width":350,"height":200,"srcset":"https:\/\/i0.wp.com\/www.24baires.com\/wp-content\/uploads\/2024\/01\/kici-farmaceuticos.jpg?resize=350%2C200 1x, https:\/\/i0.wp.com\/www.24baires.com\/wp-content\/uploads\/2024\/01\/kici-farmaceuticos.jpg?resize=525%2C300 1.5x, https:\/\/i0.wp.com\/www.24baires.com\/wp-content\/uploads\/2024\/01\/kici-farmaceuticos.jpg?resize=700%2C400 2x"},"classes":[]},{"id":122970,"url":"https:\/\/www.24baires.com\/?p=122970","url_meta":{"origin":121329,"position":5},"title":"Desde Olavarr\u00eda, Kicillof presiona por los fondos adeudados","author":"GB","date":"09\/04\/2026","format":false,"excerpt":"El gobernador inaugur\u00f3 un Polo Judicial junto a Juan Mart\u00edn Mena y, ante miembros de la Suprema Corte, reclam\u00f3 acompa\u00f1amiento en las presentaciones contra Naci\u00f3n. El gobernador Axel Kicillof volvi\u00f3 a insistir con los reclamos que su administraci\u00f3n present\u00f3 ante la Corte Suprema de Justicia de la Naci\u00f3n por los\u2026","rel":"","context":"En \u00abProvincia\u00bb","block_context":{"text":"Provincia","link":"https:\/\/www.24baires.com\/?cat=40"},"img":{"alt_text":"","src":"https:\/\/i0.wp.com\/www.24baires.com\/wp-content\/uploads\/2026\/04\/kicillof-sumo-a-la-justicia-bonaerense-a-la-presion-por-fondos-y-pidio-el-respaldo-de-la-corte.webp.webp?resize=350%2C200","width":350,"height":200,"srcset":"https:\/\/i0.wp.com\/www.24baires.com\/wp-content\/uploads\/2026\/04\/kicillof-sumo-a-la-justicia-bonaerense-a-la-presion-por-fondos-y-pidio-el-respaldo-de-la-corte.webp.webp?resize=350%2C200 1x, https:\/\/i0.wp.com\/www.24baires.com\/wp-content\/uploads\/2026\/04\/kicillof-sumo-a-la-justicia-bonaerense-a-la-presion-por-fondos-y-pidio-el-respaldo-de-la-corte.webp.webp?resize=525%2C300 1.5x, https:\/\/i0.wp.com\/www.24baires.com\/wp-content\/uploads\/2026\/04\/kicillof-sumo-a-la-justicia-bonaerense-a-la-presion-por-fondos-y-pidio-el-respaldo-de-la-corte.webp.webp?resize=700%2C400 2x"},"classes":[]}],"jetpack_sharing_enabled":true,"jetpack_likes_enabled":true,"_links":{"self":[{"href":"https:\/\/www.24baires.com\/index.php?rest_route=\/wp\/v2\/posts\/121329","targetHints":{"allow":["GET"]}}],"collection":[{"href":"https:\/\/www.24baires.com\/index.php?rest_route=\/wp\/v2\/posts"}],"about":[{"href":"https:\/\/www.24baires.com\/index.php?rest_route=\/wp\/v2\/types\/post"}],"author":[{"embeddable":true,"href":"https:\/\/www.24baires.com\/index.php?rest_route=\/wp\/v2\/users\/8"}],"replies":[{"embeddable":true,"href":"https:\/\/www.24baires.com\/index.php?rest_route=%2Fwp%2Fv2%2Fcomments&post=121329"}],"version-history":[{"count":1,"href":"https:\/\/www.24baires.com\/index.php?rest_route=\/wp\/v2\/posts\/121329\/revisions"}],"predecessor-version":[{"id":121330,"href":"https:\/\/www.24baires.com\/index.php?rest_route=\/wp\/v2\/posts\/121329\/revisions\/121330"}],"wp:attachment":[{"href":"https:\/\/www.24baires.com\/index.php?rest_route=%2Fwp%2Fv2%2Fmedia&parent=121329"}],"wp:term":[{"taxonomy":"category","embeddable":true,"href":"https:\/\/www.24baires.com\/index.php?rest_route=%2Fwp%2Fv2%2Fcategories&post=121329"},{"taxonomy":"post_tag","embeddable":true,"href":"https:\/\/www.24baires.com\/index.php?rest_route=%2Fwp%2Fv2%2Ftags&post=121329"}],"curies":[{"name":"wp","href":"https:\/\/api.w.org\/{rel}","templated":true}]}}