{"id":121296,"date":"2024-05-07T08:59:57","date_gmt":"2024-05-07T11:59:57","guid":{"rendered":"https:\/\/www.24baires.com\/?p=121296"},"modified":"2024-05-07T08:59:57","modified_gmt":"2024-05-07T11:59:57","slug":"la-uta-se-adhiere-al-paro-nacional-del-jueves-y-no-habra-colectivos","status":"publish","type":"post","link":"https:\/\/www.24baires.com\/?p=121296","title":{"rendered":"La UTA se adhiere al paro nacional del jueves y no habr\u00e1 colectivos"},"content":{"rendered":"<p><img data-recalc-dims=\"1\" loading=\"lazy\" decoding=\"async\" class=\"aligncenter wp-image-121111\" src=\"https:\/\/i0.wp.com\/www.24baires.com\/wp-content\/uploads\/2024\/03\/colectivos.webp?resize=720%2C408\" alt=\"\" width=\"720\" height=\"408\" srcset=\"https:\/\/i0.wp.com\/www.24baires.com\/wp-content\/uploads\/2024\/03\/colectivos.webp?w=800&amp;ssl=1 800w, https:\/\/i0.wp.com\/www.24baires.com\/wp-content\/uploads\/2024\/03\/colectivos.webp?resize=300%2C170&amp;ssl=1 300w, https:\/\/i0.wp.com\/www.24baires.com\/wp-content\/uploads\/2024\/03\/colectivos.webp?resize=768%2C435&amp;ssl=1 768w\" sizes=\"auto, (max-width: 720px) 100vw, 720px\" \/>La UTA inform\u00f3 que adhiere al paro nacional de la CGT del 9 de mayo y no habr\u00e1 colectivos en todo el pa\u00eds. El comunicado del sindicato de transporte.<!--more--><\/p>\n<p>Hace instantes, la Uni\u00f3n Tranviarios Automotor (UTA), el sindicato que agrupa a los colectiveros del AMBA, confirm\u00f3 que se adhiere al paro nacional del jueves y por lo tanto no habr\u00e1 colectivos durante todo el d\u00eda. As\u00ed, se suma a la medida de fuerza dispuesta por la Confederaci\u00f3n General del Trabajo (CGT).<\/p>\n<p>As\u00ed lo informaron mediante un comunicado este lunes por la noche. Expresaron que se suman al paro \u00abcomo consecuencia de las medidas del Gobierno Nacional tomadas directamente en contra el Pueblo trabajador, y abiertamente orientadas a vulnerar derechos individuales b\u00e1sicos\u00bb y que, por ende, se \u00absuma al reclamo de toda la sociedad\u00bb.<\/p>\n<p>Durante el mi\u00e9rcoles pasado, la CGT encabez\u00f3 una marcha en el centro porte\u00f1o por el D\u00eda del Trabajador y ratific\u00f3 el paro del pr\u00f3ximo 9 de mayo al afirmar que la Argentina \u00abestaba mal y ahora est\u00e1 peor\u00bb.<\/p>\n<p>Por otra parte, la Confederaci\u00f3n Argentina de Trabajadores del Transporte (CATT), encar\u00f3 una medida de fuerza este lunes entre las 8 y las 11 de la ma\u00f1ana. Si bien no se catalog\u00f3 como paro, el servicio estuvo interrumpido durante ese periodo y afect\u00f3 el funcionamiento de todo el sector terrestre, portuario y a\u00e9reo.<\/p>\n","protected":false},"excerpt":{"rendered":"<p>La UTA inform\u00f3 que adhiere al paro nacional de la CGT del 9 de mayo y no habr\u00e1 colectivos en todo el pa\u00eds. El comunicado del sindicato de transporte.<\/p>\n","protected":false},"author":8,"featured_media":0,"comment_status":"closed","ping_status":"closed","sticky":false,"template":"","format":"standard","meta":{"_jetpack_newsletter_access":"","_jetpack_dont_email_post_to_subs":false,"_jetpack_newsletter_tier_id":0,"_jetpack_memberships_contains_paywalled_content":false,"_jetpack_memberships_contains_paid_content":false,"footnotes":""},"categories":[1],"tags":[],"class_list":["post-121296","post","type-post","status-publish","format-standard","hentry","category-sociedad"],"jetpack_featured_media_url":"","jetpack_shortlink":"https:\/\/wp.me\/p2JWE0-vyo","jetpack-related-posts":[{"id":108222,"url":"https:\/\/www.24baires.com\/?p=108222","url_meta":{"origin":121296,"position":0},"title":"Sin transporte el 25 y 29 de mayo: la UTA se \u201ctoma el feriado\u201d y luego adhiere al paro","author":"GB","date":"17\/05\/2019","format":false,"excerpt":"a Uni\u00f3n Tranviarios Automotor ratific\u00f3 la medida para el feriado nacional y dio a conocer que se plegar\u00e1 a la huelga convocada por la central obrera. La Uni\u00f3n Tranviarios Automotor (UTA) anunci\u00f3 su adhesi\u00f3n al paro general convocado por la CGT para el 29 de mayo pr\u00f3ximo. Al mismo tiempo,\u2026","rel":"","context":"En \u00abPol\u00edtica\u00bb","block_context":{"text":"Pol\u00edtica","link":"https:\/\/www.24baires.com\/?cat=51"},"img":{"alt_text":"","src":"https:\/\/i0.wp.com\/www.24baires.com\/wp-content\/uploads\/2013\/10\/colectivos-mdp.jpg?resize=350%2C200","width":350,"height":200,"srcset":"https:\/\/i0.wp.com\/www.24baires.com\/wp-content\/uploads\/2013\/10\/colectivos-mdp.jpg?resize=350%2C200 1x, https:\/\/i0.wp.com\/www.24baires.com\/wp-content\/uploads\/2013\/10\/colectivos-mdp.jpg?resize=525%2C300 1.5x"},"classes":[]},{"id":108276,"url":"https:\/\/www.24baires.com\/?p=108276","url_meta":{"origin":121296,"position":1},"title":"Paro de transporte: el 25 de mayo no habr\u00e1 colectivos","author":"GB","date":"20\/05\/2019","format":false,"excerpt":"La Uni\u00f3n Tranviarios del Automotor (UTA) anunci\u00f3 que no habr\u00e1 colectivos el 25 de mayo porque continuar\u00e1 con la medida de no trabajar los feriados. El Gobierno reconoce nuestro reclamo pero que hasta al fecha no hubo soluciones. Nos tomaremos el descanso del feriado nacional\u201d, afirm\u00f3 la UTA en un\u2026","rel":"","context":"En \u00abSociedad\u00bb","block_context":{"text":"Sociedad","link":"https:\/\/www.24baires.com\/?cat=1"},"img":{"alt_text":"","src":"https:\/\/i0.wp.com\/www.24baires.com\/wp-content\/uploads\/2013\/10\/colectivos-mdp.jpg?resize=350%2C200","width":350,"height":200,"srcset":"https:\/\/i0.wp.com\/www.24baires.com\/wp-content\/uploads\/2013\/10\/colectivos-mdp.jpg?resize=350%2C200 1x, https:\/\/i0.wp.com\/www.24baires.com\/wp-content\/uploads\/2013\/10\/colectivos-mdp.jpg?resize=525%2C300 1.5x"},"classes":[]},{"id":102928,"url":"https:\/\/www.24baires.com\/?p=102928","url_meta":{"origin":121296,"position":2},"title":"A pesar de las presiones del Gobierno, UTA y ferroviarios confirmaron que no se bajan del paro","author":"GB","date":"22\/06\/2018","format":false,"excerpt":"Desde el oficialismo tentaron a uno de los sindicatos con la adjudicaci\u00f3n de un predio, sin embargo todos aseguraron que el lunes la adhesi\u00f3n del transporte ser\u00e1 total. Todos los detalles. El paro nacional convocado por la CGT para el pr\u00f3ximo lunes ser\u00e1 total. Tanto la UTA, el gremio que\u2026","rel":"","context":"En \u00abPol\u00edtica\u00bb","block_context":{"text":"Pol\u00edtica","link":"https:\/\/www.24baires.com\/?cat=51"},"img":{"alt_text":"","src":"https:\/\/i0.wp.com\/www.24baires.com\/wp-content\/uploads\/2017\/06\/ferovaires-tren.jpg?resize=350%2C200","width":350,"height":200,"srcset":"https:\/\/i0.wp.com\/www.24baires.com\/wp-content\/uploads\/2017\/06\/ferovaires-tren.jpg?resize=350%2C200 1x, https:\/\/i0.wp.com\/www.24baires.com\/wp-content\/uploads\/2017\/06\/ferovaires-tren.jpg?resize=525%2C300 1.5x"},"classes":[]},{"id":107903,"url":"https:\/\/www.24baires.com\/?p=107903","url_meta":{"origin":121296,"position":3},"title":"Las CTA y el Frente Sindical dan inicio a un nuevo paro nacional contra las pol\u00edticas de Macri","author":"GB","date":"30\/04\/2019","format":false,"excerpt":"Las organizaciones conducidas por Micheli y Yasky se suman a Camioneros y la Bancaria como los principales gremios que se adhieren a una nueva jornada de protestas en todo el pa\u00eds producto de la crisis generada por el Gobierno de Cambiemos. Fuerte acatamiento de las l\u00edneas de colectivos pese a\u2026","rel":"","context":"En \u00abPol\u00edtica\u00bb","block_context":{"text":"Pol\u00edtica","link":"https:\/\/www.24baires.com\/?cat=51"},"img":{"alt_text":"","src":"https:\/\/i0.wp.com\/www.24baires.com\/wp-content\/uploads\/2019\/04\/frente-sindical.jpg?resize=350%2C200","width":350,"height":200,"srcset":"https:\/\/i0.wp.com\/www.24baires.com\/wp-content\/uploads\/2019\/04\/frente-sindical.jpg?resize=350%2C200 1x, https:\/\/i0.wp.com\/www.24baires.com\/wp-content\/uploads\/2019\/04\/frente-sindical.jpg?resize=525%2C300 1.5x"},"classes":[]},{"id":108343,"url":"https:\/\/www.24baires.com\/?p=108343","url_meta":{"origin":121296,"position":4},"title":"Confirmado: el 25 y el 29 de mayo no habr\u00e1 colectivos","author":"GB","date":"23\/05\/2019","format":false,"excerpt":"La Uni\u00f3n Tranviarios del Automotor (UTA) anunci\u00f3 que no habr\u00e1 colectivos el 25 de mayo porque continuar\u00e1 con la medida de no trabajar los feriados. El Gobierno reconoce nuestro reclamo pero que hasta al fecha no hubo soluciones. Nos tomaremos el descanso del feriado nacional\u201d, afirm\u00f3 la UTA en un\u2026","rel":"","context":"En \u00abPol\u00edtica\u00bb","block_context":{"text":"Pol\u00edtica","link":"https:\/\/www.24baires.com\/?cat=51"},"img":{"alt_text":"","src":"https:\/\/i0.wp.com\/www.24baires.com\/wp-content\/uploads\/2013\/10\/colectivos-mdp.jpg?resize=350%2C200","width":350,"height":200,"srcset":"https:\/\/i0.wp.com\/www.24baires.com\/wp-content\/uploads\/2013\/10\/colectivos-mdp.jpg?resize=350%2C200 1x, https:\/\/i0.wp.com\/www.24baires.com\/wp-content\/uploads\/2013\/10\/colectivos-mdp.jpg?resize=525%2C300 1.5x"},"classes":[]},{"id":104530,"url":"https:\/\/www.24baires.com\/?p=104530","url_meta":{"origin":121296,"position":5},"title":"Transporte confirm\u00f3 que adhiere al paro del 25 de septiembre","author":"GB","date":"18\/09\/2018","format":false,"excerpt":"Pese a los intentos del Gobierno por disuadir a los referentes gremiales, Roberto Fern\u00e1ndez, secretario general de la UTA, asegur\u00f3 que el sindicato acompa\u00f1ar\u00e1 el paro nacional anunciado para el pr\u00f3ximo martes y adelant\u00f3 que prev\u00e9n un alto acatamiento. Los gremios del transporte p\u00fablico, vitales para la contundencia de un\u2026","rel":"","context":"En \u00abPol\u00edtica\u00bb","block_context":{"text":"Pol\u00edtica","link":"https:\/\/www.24baires.com\/?cat=51"},"img":{"alt_text":"","src":"https:\/\/i0.wp.com\/www.24baires.com\/wp-content\/uploads\/2014\/08\/colectivo-112-lan%C3%BAs.jpg?resize=350%2C200","width":350,"height":200,"srcset":"https:\/\/i0.wp.com\/www.24baires.com\/wp-content\/uploads\/2014\/08\/colectivo-112-lan%C3%BAs.jpg?resize=350%2C200 1x, https:\/\/i0.wp.com\/www.24baires.com\/wp-content\/uploads\/2014\/08\/colectivo-112-lan%C3%BAs.jpg?resize=525%2C300 1.5x"},"classes":[]}],"jetpack_sharing_enabled":true,"jetpack_likes_enabled":true,"_links":{"self":[{"href":"https:\/\/www.24baires.com\/index.php?rest_route=\/wp\/v2\/posts\/121296","targetHints":{"allow":["GET"]}}],"collection":[{"href":"https:\/\/www.24baires.com\/index.php?rest_route=\/wp\/v2\/posts"}],"about":[{"href":"https:\/\/www.24baires.com\/index.php?rest_route=\/wp\/v2\/types\/post"}],"author":[{"embeddable":true,"href":"https:\/\/www.24baires.com\/index.php?rest_route=\/wp\/v2\/users\/8"}],"replies":[{"embeddable":true,"href":"https:\/\/www.24baires.com\/index.php?rest_route=%2Fwp%2Fv2%2Fcomments&post=121296"}],"version-history":[{"count":1,"href":"https:\/\/www.24baires.com\/index.php?rest_route=\/wp\/v2\/posts\/121296\/revisions"}],"predecessor-version":[{"id":121297,"href":"https:\/\/www.24baires.com\/index.php?rest_route=\/wp\/v2\/posts\/121296\/revisions\/121297"}],"wp:attachment":[{"href":"https:\/\/www.24baires.com\/index.php?rest_route=%2Fwp%2Fv2%2Fmedia&parent=121296"}],"wp:term":[{"taxonomy":"category","embeddable":true,"href":"https:\/\/www.24baires.com\/index.php?rest_route=%2Fwp%2Fv2%2Fcategories&post=121296"},{"taxonomy":"post_tag","embeddable":true,"href":"https:\/\/www.24baires.com\/index.php?rest_route=%2Fwp%2Fv2%2Ftags&post=121296"}],"curies":[{"name":"wp","href":"https:\/\/api.w.org\/{rel}","templated":true}]}}