{"id":121281,"date":"2024-05-01T10:37:48","date_gmt":"2024-05-01T13:37:48","guid":{"rendered":"https:\/\/www.24baires.com\/?p=121281"},"modified":"2024-05-01T10:37:48","modified_gmt":"2024-05-01T13:37:48","slug":"la-cgt-marcha-por-el-dia-del-trabajador-y-manda-un-mensaje-al-senado-tras-la-aprobacion-de-la-ley-de-bases","status":"publish","type":"post","link":"https:\/\/www.24baires.com\/?p=121281","title":{"rendered":"La CGT marcha por el D\u00eda del Trabajador y manda un mensaje al Senado tras la aprobaci\u00f3n de la Ley de Bases"},"content":{"rendered":"<p><img data-recalc-dims=\"1\" loading=\"lazy\" decoding=\"async\" class=\"aligncenter wp-image-121282\" src=\"https:\/\/i0.wp.com\/www.24baires.com\/wp-content\/uploads\/2024\/05\/cgt.webp?resize=720%2C405\" alt=\"\" width=\"720\" height=\"405\" \/>La CGT desplegar\u00e1 su poder de movilizaci\u00f3n en las calles porte\u00f1as. D\u00eda del Trabajador y batalla final por la Ley Bases de Javier Milei.<!--more--><\/p>\n<p>En conmemoraci\u00f3n de un nuevo D\u00eda del Trabajador, pero con la esperanza de dar un mensaje al Gobierno de Javier Milei y al Senado de la Naci\u00f3n, de cara al tratamiento de la Ley Bases, la CGT vuelve a marchar por las calles porte\u00f1as.<\/p>\n<p>La macha que se desarrollar\u00e1 bajo la consiga \u201cLa Patria no se vende\u201d se llevar\u00e1 a cabo desde las 10:00 en avenida Independencia y Defensa, en la Ciudad de Buenos Aires, desde donde los manifestantes marchar\u00e1n hasta el monumento al Trabajo, ubicado en la avenida Paseo Col\u00f3n al 800 de la Capital Federal.<\/p>\n<p>\u00abLa patria no se vende\u00bb y \u00aben la calle para cambiar la vida\u00bb, son las consignas de la marcha que no tendr\u00e1 oradores pero s\u00ed la lectura de un documento consensuado.<\/p>\n<p>La convocatoria tiene lugar a pocas horas de la media sanci\u00f3n de la nueva Ley \u00d3mnibus en Diputados que incluye un plan de reformas laborales y del paquete fiscal que reintrodujo el pago de ganancias a m\u00e1s de un mill\u00f3n de trabajadores.<\/p>\n<p>La marcha se llevar\u00e1 a cabo como antesala al segundo paro general convocado por la CGT y las dos CTA par ale pr\u00f3ximo 9 de mayo.<\/p>\n<p>Fuentes de gobernaci\u00f3n confirmaron a Infocielo que Axel Kicillof este mi\u00e9rcoles estar\u00e1 en la movilizaci\u00f3n organizada por la CGT en el marco del D\u00eda del Trabajador. El Gobernador viene apalancando su construcci\u00f3n pol\u00edtica en el apoyo sindical, primero con el eje ATE &#8211; CTA y ahora junto a la CGT. Ayer, sin ir m\u00e1s lejos, mand\u00f3 un mensaje para ese sector desde Olavarr\u00eda.<\/p>\n","protected":false},"excerpt":{"rendered":"<p>La CGT desplegar\u00e1 su poder de movilizaci\u00f3n en las calles porte\u00f1as. D\u00eda del Trabajador y batalla final por la Ley Bases de Javier Milei.<\/p>\n","protected":false},"author":8,"featured_media":0,"comment_status":"closed","ping_status":"closed","sticky":false,"template":"","format":"standard","meta":{"_jetpack_newsletter_access":"","_jetpack_dont_email_post_to_subs":false,"_jetpack_newsletter_tier_id":0,"_jetpack_memberships_contains_paywalled_content":false,"_jetpack_memberships_contains_paid_content":false,"footnotes":""},"categories":[1],"tags":[],"class_list":["post-121281","post","type-post","status-publish","format-standard","hentry","category-sociedad"],"jetpack_featured_media_url":"","jetpack_shortlink":"https:\/\/wp.me\/p2JWE0-vy9","jetpack-related-posts":[{"id":121320,"url":"https:\/\/www.24baires.com\/?p=121320","url_meta":{"origin":121281,"position":0},"title":"Comenz\u00f3 el paro general de la CGT","author":"GB","date":"09\/05\/2024","format":false,"excerpt":"Desde las 00 y hasta la medianoche del jueves inici\u00f3 el paro general convocado por la CGT en contra del gobierno de Javier Milei. Comenz\u00f3 esta madrugada el segundo paro general de la CGT -y las dem\u00e1s centrales obreras- contra el gobierno de Javier Milei y con la Ley Bases\u2026","rel":"","context":"En \u00abPol\u00edtica\u00bb","block_context":{"text":"Pol\u00edtica","link":"https:\/\/www.24baires.com\/?cat=51"},"img":{"alt_text":"","src":"https:\/\/i0.wp.com\/www.24baires.com\/wp-content\/uploads\/2024\/05\/paro-cgt.webp?resize=350%2C200","width":350,"height":200,"srcset":"https:\/\/i0.wp.com\/www.24baires.com\/wp-content\/uploads\/2024\/05\/paro-cgt.webp?resize=350%2C200 1x, https:\/\/i0.wp.com\/www.24baires.com\/wp-content\/uploads\/2024\/05\/paro-cgt.webp?resize=525%2C300 1.5x, https:\/\/i0.wp.com\/www.24baires.com\/wp-content\/uploads\/2024\/05\/paro-cgt.webp?resize=700%2C400 2x"},"classes":[]},{"id":121215,"url":"https:\/\/www.24baires.com\/?p=121215","url_meta":{"origin":121281,"position":1},"title":"Gobierno se re\u00fane por primera vez con la CGT, en medio de amenazas de un nuevo paro","author":"GB","date":"10\/04\/2024","format":false,"excerpt":"El Gobierno cit\u00f3 a representantes de la CGT para tener la primera reuni\u00f3n oficial en la era Milei. Con un paro general de por medio, intentar\u00e1n bajar la tensi\u00f3n. En medio de una fuerte tensi\u00f3n y bajo la amenaza de un nuevo paro general, el Gobierno nacional decidi\u00f3 citar a\u2026","rel":"","context":"En \u00abPol\u00edtica\u00bb","block_context":{"text":"Pol\u00edtica","link":"https:\/\/www.24baires.com\/?cat=51"},"img":{"alt_text":"","src":"https:\/\/i0.wp.com\/www.24baires.com\/wp-content\/uploads\/2024\/04\/cgt.webp?resize=350%2C200","width":350,"height":200,"srcset":"https:\/\/i0.wp.com\/www.24baires.com\/wp-content\/uploads\/2024\/04\/cgt.webp?resize=350%2C200 1x, https:\/\/i0.wp.com\/www.24baires.com\/wp-content\/uploads\/2024\/04\/cgt.webp?resize=525%2C300 1.5x, https:\/\/i0.wp.com\/www.24baires.com\/wp-content\/uploads\/2024\/04\/cgt.webp?resize=700%2C400 2x"},"classes":[]},{"id":120882,"url":"https:\/\/www.24baires.com\/?p=120882","url_meta":{"origin":121281,"position":2},"title":"Barrionuevo cruz\u00f3 a Milei: \u00abIncorpor\u00f3 a la casta pol\u00edtica a su Gobierno\u00bb","author":"AF","date":"18\/01\/2024","format":false,"excerpt":"\"No le auguro ni en el Congreso ni en la Justicia que vaya a tener \u00e9xito, de la manera que ha venido a querer llevarnos a todos por delante\", analiz\u00f3 el dirigente gastron\u00f3mico sobre la suerte del DNU y la ley \"Bases\". El dirigente gastron\u00f3mico Luis Barrionuevo asegur\u00f3 este jueves\u2026","rel":"","context":"En \u00abPol\u00edtica\u00bb","block_context":{"text":"Pol\u00edtica","link":"https:\/\/www.24baires.com\/?cat=51"},"img":{"alt_text":"","src":"https:\/\/i0.wp.com\/www.24baires.com\/wp-content\/uploads\/2024\/01\/WhatsApp-Image-2024-01-18-at-20.26.13.jpeg?resize=350%2C200","width":350,"height":200,"srcset":"https:\/\/i0.wp.com\/www.24baires.com\/wp-content\/uploads\/2024\/01\/WhatsApp-Image-2024-01-18-at-20.26.13.jpeg?resize=350%2C200 1x, https:\/\/i0.wp.com\/www.24baires.com\/wp-content\/uploads\/2024\/01\/WhatsApp-Image-2024-01-18-at-20.26.13.jpeg?resize=525%2C300 1.5x, https:\/\/i0.wp.com\/www.24baires.com\/wp-content\/uploads\/2024\/01\/WhatsApp-Image-2024-01-18-at-20.26.13.jpeg?resize=700%2C400 2x, https:\/\/i0.wp.com\/www.24baires.com\/wp-content\/uploads\/2024\/01\/WhatsApp-Image-2024-01-18-at-20.26.13.jpeg?resize=1050%2C600 3x"},"classes":[]},{"id":104586,"url":"https:\/\/www.24baires.com\/?p=104586","url_meta":{"origin":121281,"position":3},"title":"Gremios de la CGT marchar\u00e1n a Luj\u00e1n el 20 de octubre","author":"AF","date":"20\/09\/2018","format":false,"excerpt":"La plana mayor del Frente Sindical para el Modelo Nacional ocup\u00f3 el escenario levantado en el micro estadio de Ferro donde realizaron un plenario de regionales de la CGT. El frente elabor\u00f3 un documento llamado \u201cLa patria est\u00e1 en peligro\u201d, donde convoc\u00f3 al paro del 25, a elaborar un plan\u2026","rel":"","context":"En \u00abSociedad\u00bb","block_context":{"text":"Sociedad","link":"https:\/\/www.24baires.com\/?cat=1"},"img":{"alt_text":"","src":"https:\/\/i0.wp.com\/www.24baires.com\/wp-content\/uploads\/2018\/09\/cgt-1.jpg?resize=350%2C200","width":350,"height":200,"srcset":"https:\/\/i0.wp.com\/www.24baires.com\/wp-content\/uploads\/2018\/09\/cgt-1.jpg?resize=350%2C200 1x, https:\/\/i0.wp.com\/www.24baires.com\/wp-content\/uploads\/2018\/09\/cgt-1.jpg?resize=525%2C300 1.5x"},"classes":[]},{"id":120891,"url":"https:\/\/www.24baires.com\/?p=120891","url_meta":{"origin":121281,"position":4},"title":"El Gobierno prorrog\u00f3 las sesiones extraordinarias hasta febrero","author":"GB","date":"22\/01\/2024","format":false,"excerpt":"El gobierno de Javier Milei prorrog\u00f3 el per\u00edodo de sesiones extraordinarias del Congreso hasta febrero para tener tiempo suficiente para que ambas C\u00e1maras aprueben la Ley \u00d3mnibus. El Gobierno de Javier Milei prorrog\u00f3 las sesiones extraordinarias del Congreso hasta el 15 de febrero, en momentos en que el oficialismo de\u2026","rel":"","context":"En \u00abPol\u00edtica\u00bb","block_context":{"text":"Pol\u00edtica","link":"https:\/\/www.24baires.com\/?cat=51"},"img":{"alt_text":"","src":"https:\/\/i0.wp.com\/www.24baires.com\/wp-content\/uploads\/2023\/11\/milei.webp?resize=350%2C200","width":350,"height":200,"srcset":"https:\/\/i0.wp.com\/www.24baires.com\/wp-content\/uploads\/2023\/11\/milei.webp?resize=350%2C200 1x, https:\/\/i0.wp.com\/www.24baires.com\/wp-content\/uploads\/2023\/11\/milei.webp?resize=525%2C300 1.5x, https:\/\/i0.wp.com\/www.24baires.com\/wp-content\/uploads\/2023\/11\/milei.webp?resize=700%2C400 2x"},"classes":[]},{"id":107509,"url":"https:\/\/www.24baires.com\/?p=107509","url_meta":{"origin":121281,"position":5},"title":"Sin huelga, las principales centrales de trabajadores se movilizar\u00e1n este jueves","author":"AF","date":"03\/04\/2019","format":false,"excerpt":"La CGT, el Frente Sindical, las CTA y los movimientos sociales se manifestar\u00e1n en rechazo a las pol\u00edticas del gobierno de Mauricio Macri. \"Tenemos las mejores expectativas para la movilizaci\u00f3n, que creo ser\u00e1 important\u00edsima y va a poner el acento en la discusi\u00f3n de un modelo de pa\u00eds distinto al\u2026","rel":"","context":"En \u00abSociedad\u00bb","block_context":{"text":"Sociedad","link":"https:\/\/www.24baires.com\/?cat=1"},"img":{"alt_text":"","src":"https:\/\/i0.wp.com\/www.24baires.com\/wp-content\/uploads\/2019\/04\/cgt.jpg?resize=350%2C200","width":350,"height":200,"srcset":"https:\/\/i0.wp.com\/www.24baires.com\/wp-content\/uploads\/2019\/04\/cgt.jpg?resize=350%2C200 1x, https:\/\/i0.wp.com\/www.24baires.com\/wp-content\/uploads\/2019\/04\/cgt.jpg?resize=525%2C300 1.5x"},"classes":[]}],"jetpack_sharing_enabled":true,"jetpack_likes_enabled":true,"_links":{"self":[{"href":"https:\/\/www.24baires.com\/index.php?rest_route=\/wp\/v2\/posts\/121281","targetHints":{"allow":["GET"]}}],"collection":[{"href":"https:\/\/www.24baires.com\/index.php?rest_route=\/wp\/v2\/posts"}],"about":[{"href":"https:\/\/www.24baires.com\/index.php?rest_route=\/wp\/v2\/types\/post"}],"author":[{"embeddable":true,"href":"https:\/\/www.24baires.com\/index.php?rest_route=\/wp\/v2\/users\/8"}],"replies":[{"embeddable":true,"href":"https:\/\/www.24baires.com\/index.php?rest_route=%2Fwp%2Fv2%2Fcomments&post=121281"}],"version-history":[{"count":1,"href":"https:\/\/www.24baires.com\/index.php?rest_route=\/wp\/v2\/posts\/121281\/revisions"}],"predecessor-version":[{"id":121283,"href":"https:\/\/www.24baires.com\/index.php?rest_route=\/wp\/v2\/posts\/121281\/revisions\/121283"}],"wp:attachment":[{"href":"https:\/\/www.24baires.com\/index.php?rest_route=%2Fwp%2Fv2%2Fmedia&parent=121281"}],"wp:term":[{"taxonomy":"category","embeddable":true,"href":"https:\/\/www.24baires.com\/index.php?rest_route=%2Fwp%2Fv2%2Fcategories&post=121281"},{"taxonomy":"post_tag","embeddable":true,"href":"https:\/\/www.24baires.com\/index.php?rest_route=%2Fwp%2Fv2%2Ftags&post=121281"}],"curies":[{"name":"wp","href":"https:\/\/api.w.org\/{rel}","templated":true}]}}