{"id":121260,"date":"2024-04-24T06:24:16","date_gmt":"2024-04-24T09:24:16","guid":{"rendered":"https:\/\/www.24baires.com\/?p=121260"},"modified":"2024-04-24T06:24:16","modified_gmt":"2024-04-24T09:24:16","slug":"la-educacion-nos-hace-libres-convocamos-a-la-sociedad-argentina-a-defenderla","status":"publish","type":"post","link":"https:\/\/www.24baires.com\/?p=121260","title":{"rendered":"\u00abLa educaci\u00f3n nos hace libres. Convocamos a la sociedad argentina a defenderla\u00bb"},"content":{"rendered":"<p><img data-recalc-dims=\"1\" loading=\"lazy\" decoding=\"async\" class=\"aligncenter wp-image-121261\" src=\"https:\/\/i0.wp.com\/www.24baires.com\/wp-content\/uploads\/2024\/04\/marcha-universitaria.webp?resize=720%2C316\" alt=\"\" width=\"720\" height=\"316\" \/>Finaliz\u00f3 la multitudinaria marcha federal universitaria contra el brutal ajuste de Javier Milei. En el documento de cierre, dirigentes del movimiento estudiantil exigieron la restituci\u00f3n de fondos y pidieron al pueblo que defienda la educaci\u00f3n p\u00fablica.<!--more--><\/p>\n<p>Con la lectura de un contundente y extenso documento termin\u00f3 la multitudinaria marcha universitaria federal en la que cientos de miles de estudiantes, docentes, partidos pol\u00edticos, organizaciones sociales, de derechos humanos y poblaci\u00f3n en general se congregaron en defensa de la universidad p\u00fablica y gratuita, con una movilizaci\u00f3n desde Congreso a Plaza de Mayo, en CABA.<\/p>\n<p>\u201cLa Universidad P\u00fablica argentina atraviesa un per\u00edodo cr\u00edtico como consecuencia de las pol\u00edticas implementadas por el gobierno nacional; agradecemos las manifestaciones de la sociedad en apoyo del sistema universitario p\u00fablico y convocamos a la ciudadan\u00eda a trabajar para sostener las universidades abiertas haciendo docencia, investigaci\u00f3n y extensi\u00f3n. Las universidades p\u00fablicas son uno de los motores de la democracia, la producci\u00f3n y los lazos sociales\u201d, comenz\u00f3 el texto le\u00eddo ante un efusivo p\u00fablico.<\/p>\n<p>Y con respecto a las medidas del gobierno de Javier Milei y su impacto en el funcionamiento de las casas de altos estudios, detall\u00f3: \u201cNuestras universidades han sufrido un fuerte ajuste en t\u00e9rminos reales en los denominados gastos de funcionamiento; la partida que mes a mes el Poder Ejecutivo env\u00eda a las Universidades para que puedan funcionar (mantener edificios, realizar obras, sostener programas de becas, residencias y comedores, incentivar el desarrollo cient\u00edfico, financiar hospitales, laboratorios y proyectos de investigaci\u00f3n, y pagar servicios b\u00e1sicos, alquileres, seguros y la protecci\u00f3n de sus sedes)\u201d.<\/p>\n<p>\u201cLlegamos a marzo de 2024 con un presupuesto de gastos a valores de septiembre de 2022. El incremento del 70% de estas partidas, dispuesto para el mes de marzo, m\u00e1s el reciente anuncio, en el marco de esta convocatoria, de un 70% adicional, constituyen un aliciente a\u00fan insuficiente en tanto la inflaci\u00f3n fue de un 300% en el mismo per\u00edodo de tiempo\u201d, remarc\u00f3.<\/p>\n","protected":false},"excerpt":{"rendered":"<p>Finaliz\u00f3 la multitudinaria marcha federal universitaria contra el brutal ajuste de Javier Milei. En el documento de cierre, dirigentes del movimiento estudiantil exigieron la restituci\u00f3n de fondos y pidieron al pueblo que defienda la educaci\u00f3n p\u00fablica.<\/p>\n","protected":false},"author":8,"featured_media":0,"comment_status":"closed","ping_status":"closed","sticky":false,"template":"","format":"standard","meta":{"_jetpack_newsletter_access":"","_jetpack_dont_email_post_to_subs":false,"_jetpack_newsletter_tier_id":0,"_jetpack_memberships_contains_paywalled_content":false,"_jetpack_memberships_contains_paid_content":false,"footnotes":""},"categories":[1],"tags":[],"class_list":["post-121260","post","type-post","status-publish","format-standard","hentry","category-sociedad"],"jetpack_featured_media_url":"","jetpack_shortlink":"https:\/\/wp.me\/p2JWE0-vxO","jetpack-related-posts":[{"id":104180,"url":"https:\/\/www.24baires.com\/?p=104180","url_meta":{"origin":121260,"position":0},"title":"Fracas\u00f3 de nuevo la paritaria universitaria y se espera una masiva movilizaci\u00f3n","author":"GB","date":"30\/08\/2018","format":false,"excerpt":"Las negociaciones entre el gobierno y los sindicatos pasaron a un cuarto intermedio hasta el viernes como reflejo de un escenario cada vez m\u00e1s trabado. Mientras tanto, desde las 17 se espera una multitudinaria marcha hasta el Congreso en defensa del sistema educativo p\u00fablico. El gobierno nacional recibi\u00f3 nuevamente a\u2026","rel":"","context":"En \u00abPol\u00edtica\u00bb","block_context":{"text":"Pol\u00edtica","link":"https:\/\/www.24baires.com\/?cat=51"},"img":{"alt_text":"","src":"https:\/\/i0.wp.com\/www.24baires.com\/wp-content\/uploads\/2018\/04\/docentes-universitarios.jpg?resize=350%2C200","width":350,"height":200,"srcset":"https:\/\/i0.wp.com\/www.24baires.com\/wp-content\/uploads\/2018\/04\/docentes-universitarios.jpg?resize=350%2C200 1x, https:\/\/i0.wp.com\/www.24baires.com\/wp-content\/uploads\/2018\/04\/docentes-universitarios.jpg?resize=525%2C300 1.5x"},"classes":[]},{"id":93248,"url":"https:\/\/www.24baires.com\/?p=93248","url_meta":{"origin":121260,"position":1},"title":"Multitudinaria Marcha Federal Educativa: convocaron a un nuevo paro nacional","author":"GB","date":"22\/03\/2017","format":false,"excerpt":"La titular de CTERA llam\u00f3 a una huelga con movilizaci\u00f3n para el 30 de marzo, ante una multitud que march\u00f3 desde todo el pa\u00eds hasta la Plaza de Mayo. Los docentes volvieron a reclamar por la apertura de la paritaria nacional. La Marcha Federal Educativa que arranc\u00f3 el martes, finaliz\u00f3\u2026","rel":"","context":"En \u00abSociedad\u00bb","block_context":{"text":"Sociedad","link":"https:\/\/www.24baires.com\/?cat=1"},"img":{"alt_text":"","src":"https:\/\/i0.wp.com\/www.24baires.com\/wp-content\/uploads\/2017\/03\/marcha-federal-docente-1.jpg?resize=350%2C200","width":350,"height":200,"srcset":"https:\/\/i0.wp.com\/www.24baires.com\/wp-content\/uploads\/2017\/03\/marcha-federal-docente-1.jpg?resize=350%2C200 1x, https:\/\/i0.wp.com\/www.24baires.com\/wp-content\/uploads\/2017\/03\/marcha-federal-docente-1.jpg?resize=525%2C300 1.5x"},"classes":[]},{"id":121714,"url":"https:\/\/www.24baires.com\/?p=121714","url_meta":{"origin":121260,"position":2},"title":"Arancelar\u00e1n el acceso de estudiantes extranjeros a universidades p\u00fablicas nacionales","author":"GB","date":"04\/10\/2024","format":false,"excerpt":"La medida prevista en el texto original de la Ley Bases, que finalmente fue quitada, ser\u00e1 dispuesta por el Gobierno mediante un decreto que Javier Milei firmar\u00e1 en los pr\u00f3ximos d\u00edas. Fuentes del Gobierno Nacional adelantaron que en los pr\u00f3ximos d\u00edas se avanzar\u00e1 con el proyecto de arancelamiento para estudiantes\u2026","rel":"","context":"En \u00abLocales\u00bb","block_context":{"text":"Locales","link":"https:\/\/www.24baires.com\/?cat=38"},"img":{"alt_text":"","src":"https:\/\/i0.wp.com\/www.24baires.com\/wp-content\/uploads\/2024\/10\/marcha-univ.webp?resize=350%2C200","width":350,"height":200,"srcset":"https:\/\/i0.wp.com\/www.24baires.com\/wp-content\/uploads\/2024\/10\/marcha-univ.webp?resize=350%2C200 1x, https:\/\/i0.wp.com\/www.24baires.com\/wp-content\/uploads\/2024\/10\/marcha-univ.webp?resize=525%2C300 1.5x, https:\/\/i0.wp.com\/www.24baires.com\/wp-content\/uploads\/2024\/10\/marcha-univ.webp?resize=700%2C400 2x"},"classes":[]},{"id":119288,"url":"https:\/\/www.24baires.com\/?p=119288","url_meta":{"origin":121260,"position":3},"title":"Multitudinarias marchas en todo el pa\u00eds luego del ataque a Cristina","author":"AF","date":"03\/09\/2022","format":false,"excerpt":"Movilizaciones en diferentes ciudades argentinas tuvieron lugar este viernes a ra\u00edz de los hechos violentos sufridos por la Vicepresidenta en la noche de este jueves, con un acto central celebrado en la porte\u00f1a e hist\u00f3rica Plaza de Mayo. Multitudinarias manifestaciones se llevaron a cabo este viernes en todo el pa\u00eds\u2026","rel":"","context":"En \u00abSociedad\u00bb","block_context":{"text":"Sociedad","link":"https:\/\/www.24baires.com\/?cat=1"},"img":{"alt_text":"","src":"https:\/\/i0.wp.com\/www.24baires.com\/wp-content\/uploads\/2022\/09\/plaza-de-mayo.jpg?resize=350%2C200","width":350,"height":200,"srcset":"https:\/\/i0.wp.com\/www.24baires.com\/wp-content\/uploads\/2022\/09\/plaza-de-mayo.jpg?resize=350%2C200 1x, https:\/\/i0.wp.com\/www.24baires.com\/wp-content\/uploads\/2022\/09\/plaza-de-mayo.jpg?resize=525%2C300 1.5x, https:\/\/i0.wp.com\/www.24baires.com\/wp-content\/uploads\/2022\/09\/plaza-de-mayo.jpg?resize=700%2C400 2x"},"classes":[]},{"id":102177,"url":"https:\/\/www.24baires.com\/?p=102177","url_meta":{"origin":121260,"position":4},"title":"Conflicto universitario: con una marcha de antorchas, los docentes vuelven a movilizarse","author":"GB","date":"16\/05\/2018","format":false,"excerpt":"Luego de otra reuni\u00f3n fallida con el Gobierno Nacional, desde CONADU convocaron a una nueva medida de fuerza para este jueves con una columna que partir\u00e1 desde Avenida de Mayo y 9 de julio hasta Plaza de Mayo. Luego de otra reuni\u00f3n fallida con el Gobierno Nacional, los docentes universitarios\u2026","rel":"","context":"En \u00abLocales\u00bb","block_context":{"text":"Locales","link":"https:\/\/www.24baires.com\/?cat=38"},"img":{"alt_text":"","src":"https:\/\/i0.wp.com\/www.24baires.com\/wp-content\/uploads\/2018\/04\/docentes-universitarios.jpg?resize=350%2C200","width":350,"height":200,"srcset":"https:\/\/i0.wp.com\/www.24baires.com\/wp-content\/uploads\/2018\/04\/docentes-universitarios.jpg?resize=350%2C200 1x, https:\/\/i0.wp.com\/www.24baires.com\/wp-content\/uploads\/2018\/04\/docentes-universitarios.jpg?resize=525%2C300 1.5x"},"classes":[]},{"id":104859,"url":"https:\/\/www.24baires.com\/?p=104859","url_meta":{"origin":121260,"position":5},"title":"Nuevo paro de docentes universitarios por el presupuesto","author":"GB","date":"10\/10\/2018","format":false,"excerpt":"Desde Conadu resolvieron llevar a cabo una medida de fuerza para el mi\u00e9rcoles 24 con movilizaci\u00f3n al Congreso. En la oportunidad, se plegar\u00e1n a distintos gremios que tambi\u00e9n marchar\u00e1n para repudiar el recorte proyectado por el gobierno nacional para el a\u00f1o pr\u00f3ximo. Ante el inminente tratamiento en el Congreso de\u2026","rel":"","context":"En \u00abPol\u00edtica\u00bb","block_context":{"text":"Pol\u00edtica","link":"https:\/\/www.24baires.com\/?cat=51"},"img":{"alt_text":"","src":"https:\/\/i0.wp.com\/www.24baires.com\/wp-content\/uploads\/2018\/04\/docentes-universitarios.jpg?resize=350%2C200","width":350,"height":200,"srcset":"https:\/\/i0.wp.com\/www.24baires.com\/wp-content\/uploads\/2018\/04\/docentes-universitarios.jpg?resize=350%2C200 1x, https:\/\/i0.wp.com\/www.24baires.com\/wp-content\/uploads\/2018\/04\/docentes-universitarios.jpg?resize=525%2C300 1.5x"},"classes":[]}],"jetpack_sharing_enabled":true,"jetpack_likes_enabled":true,"_links":{"self":[{"href":"https:\/\/www.24baires.com\/index.php?rest_route=\/wp\/v2\/posts\/121260","targetHints":{"allow":["GET"]}}],"collection":[{"href":"https:\/\/www.24baires.com\/index.php?rest_route=\/wp\/v2\/posts"}],"about":[{"href":"https:\/\/www.24baires.com\/index.php?rest_route=\/wp\/v2\/types\/post"}],"author":[{"embeddable":true,"href":"https:\/\/www.24baires.com\/index.php?rest_route=\/wp\/v2\/users\/8"}],"replies":[{"embeddable":true,"href":"https:\/\/www.24baires.com\/index.php?rest_route=%2Fwp%2Fv2%2Fcomments&post=121260"}],"version-history":[{"count":1,"href":"https:\/\/www.24baires.com\/index.php?rest_route=\/wp\/v2\/posts\/121260\/revisions"}],"predecessor-version":[{"id":121262,"href":"https:\/\/www.24baires.com\/index.php?rest_route=\/wp\/v2\/posts\/121260\/revisions\/121262"}],"wp:attachment":[{"href":"https:\/\/www.24baires.com\/index.php?rest_route=%2Fwp%2Fv2%2Fmedia&parent=121260"}],"wp:term":[{"taxonomy":"category","embeddable":true,"href":"https:\/\/www.24baires.com\/index.php?rest_route=%2Fwp%2Fv2%2Fcategories&post=121260"},{"taxonomy":"post_tag","embeddable":true,"href":"https:\/\/www.24baires.com\/index.php?rest_route=%2Fwp%2Fv2%2Ftags&post=121260"}],"curies":[{"name":"wp","href":"https:\/\/api.w.org\/{rel}","templated":true}]}}