{"id":121233,"date":"2024-04-15T06:25:46","date_gmt":"2024-04-15T09:25:46","guid":{"rendered":"https:\/\/www.24baires.com\/?p=121233"},"modified":"2024-04-15T06:25:46","modified_gmt":"2024-04-15T09:25:46","slug":"de-locos-el-gobierno-ahora-pide-a-las-prepagas-que-congelen-sus-precios","status":"publish","type":"post","link":"https:\/\/www.24baires.com\/?p=121233","title":{"rendered":"De locos: el Gobierno ahora pide a las prepagas que congelen sus precios"},"content":{"rendered":"<p><img data-recalc-dims=\"1\" loading=\"lazy\" decoding=\"async\" class=\"aligncenter wp-image-98454\" src=\"https:\/\/i0.wp.com\/www.24baires.com\/wp-content\/uploads\/2017\/10\/prepaga.jpg?resize=720%2C480\" alt=\"\" width=\"720\" height=\"480\" srcset=\"https:\/\/i0.wp.com\/www.24baires.com\/wp-content\/uploads\/2017\/10\/prepaga.jpg?w=560&amp;ssl=1 560w, https:\/\/i0.wp.com\/www.24baires.com\/wp-content\/uploads\/2017\/10\/prepaga.jpg?resize=300%2C200&amp;ssl=1 300w\" sizes=\"auto, (max-width: 720px) 100vw, 720px\" \/>Parece que la libertad no avanza y que el mercado no se regula solo que pregona Javier Milei, y es en este marco que desde el Gobierno ahora aprietan a las empresas de medicina prepaga para que aflojen con los brutales aumentos.<!--more--><\/p>\n<p>En medio del brutal ajuste y la ola de despidos, y contra el propio mega DNU que desregul\u00f3 toda la econom\u00eda, ahora el Gobierno de Javier Milei parece declararle la guerra a las prepagas, y hasta les pidi\u00f3 que congelen los precios.<\/p>\n<p>Uno de los puntos del decreto 70\/2023 anunciados por Milei se trataba justamente de libertar el sector para que fijen los precios a gusto. De hecho el mandatario defendi\u00f3 su medida y la suba que aplicaban las empresas, argumentando que los valores iban a acomodarse solos a trav\u00e9s del mercado.<\/p>\n<p>Sin embargo, y luego de algunas declaraciones contrarias del ministro de Econom\u00eda, Luis Caputo, parece que ahora el Gobierno est\u00e1 dispuesto a enfrentarse a las compa\u00f1\u00edas privadas de salud, seg\u00fan inform\u00f3 el diario La Naci\u00f3n.<\/p>\n<p>De acuerdo con este medio, la gesti\u00f3n libertaria amenaza con tomar medidas administrativas y judiciales contra las empresas por presunta \u201ccartelizaci\u00f3n\u201d y \u201cabuso de posici\u00f3n dominante en el mercado\u201d por los incrementos de las cuotas de enero, febrero y marzo.<\/p>\n<p>Al mismo tiempo, y en contra de la doctrina libertaria que pregona Milei sobre la libertad de mercado, el Poder Ejecutivo pretende que las compa\u00f1\u00edas de servicios m\u00e9dicos congelen sus tarifas por al menos dos meses para amortiguar el impacto en la inflaci\u00f3n.<\/p>\n<p>\u201cEn charlas informales se les pidi\u00f3 a las prepagas que no hubiera aumentos por dos o tres meses y las prepagas dijeron que no, que reci\u00e9n en junio o julio podr\u00edan plantear un aumento cero\u201d, contaron fuentes del Gobierno, seg\u00fan La Naci\u00f3n.<\/p>\n<p>Por su parte, las empresas aseguran que en todo momento tuvieron voluntad de acercarse y buscar soluciones, pero que los funcionarios no quisieron recibirlas m\u00e1s. Incluso esta semana Caputo no les otorg\u00f3 a las c\u00e1maras del sector la audiencia que hab\u00edan solicitado.<\/p>\n","protected":false},"excerpt":{"rendered":"<p>Parece que la libertad no avanza y que el mercado no se regula solo que pregona Javier Milei, y es en este marco que desde el Gobierno ahora aprietan a las empresas de medicina prepaga para que aflojen con los brutales aumentos.<\/p>\n","protected":false},"author":8,"featured_media":0,"comment_status":"closed","ping_status":"closed","sticky":false,"template":"","format":"standard","meta":{"_jetpack_newsletter_access":"","_jetpack_dont_email_post_to_subs":false,"_jetpack_newsletter_tier_id":0,"_jetpack_memberships_contains_paywalled_content":false,"_jetpack_memberships_contains_paid_content":false,"footnotes":""},"categories":[78],"tags":[],"class_list":["post-121233","post","type-post","status-publish","format-standard","hentry","category-consumidores"],"jetpack_featured_media_url":"","jetpack_shortlink":"https:\/\/wp.me\/p2JWE0-vxn","jetpack-related-posts":[{"id":121202,"url":"https:\/\/www.24baires.com\/?p=121202","url_meta":{"origin":121233,"position":0},"title":"Para Caputo a las prepagas \u00abse les fue la mano\u00bb con los aumentos","author":"GB","date":"07\/04\/2024","format":false,"excerpt":"El ministro de Econom\u00eda, Luis Caputo, declar\u00f3 que el Gobierno \"est\u00e1 viendo que se puede hacer\" ante los exorbitantes aumentos de las medicinas prepagas, permitidos claro est\u00e1, por el DNU de Javier Milei. El mercado regul\u00e1ndose solo. El titular del Ministerio de Econom\u00eda, Luis Caputo, emiti\u00f3 cr\u00edticas contundentes hacia los\u2026","rel":"","context":"En \u00abEconom\u00eda\u00bb","block_context":{"text":"Econom\u00eda","link":"https:\/\/www.24baires.com\/?cat=45"},"img":{"alt_text":"","src":"https:\/\/i0.wp.com\/www.24baires.com\/wp-content\/uploads\/2024\/03\/luis-caputojpg.webp?resize=350%2C200","width":350,"height":200,"srcset":"https:\/\/i0.wp.com\/www.24baires.com\/wp-content\/uploads\/2024\/03\/luis-caputojpg.webp?resize=350%2C200 1x, https:\/\/i0.wp.com\/www.24baires.com\/wp-content\/uploads\/2024\/03\/luis-caputojpg.webp?resize=525%2C300 1.5x, https:\/\/i0.wp.com\/www.24baires.com\/wp-content\/uploads\/2024\/03\/luis-caputojpg.webp?resize=700%2C400 2x"},"classes":[]},{"id":121286,"url":"https:\/\/www.24baires.com\/?p=121286","url_meta":{"origin":121233,"position":1},"title":"El Gobierno nacional autoriz\u00f3 aumentos del 93% en abril y 114% en mayo en Prepagas","author":"GB","date":"03\/05\/2024","format":false,"excerpt":"Mientras las cl\u00ednicas empiezan a dejar de atender a los afiliados de las prepagas, el gobierno de Javier Milei difundi\u00f3 c\u00f3mo se deber\u00e1n ajustar las cuotas y convalid\u00f3 aumentos del 93,3% en abril y 114% en mayo. El Gobierno nacional anunci\u00f3 c\u00f3mo se deber\u00e1n ajustar las cuotas de las prepagas:\u2026","rel":"","context":"En \u00abPol\u00edtica\u00bb","block_context":{"text":"Pol\u00edtica","link":"https:\/\/www.24baires.com\/?cat=51"},"img":{"alt_text":"","src":"https:\/\/i0.wp.com\/www.24baires.com\/wp-content\/uploads\/2017\/10\/prepaga.jpg?resize=350%2C200","width":350,"height":200,"srcset":"https:\/\/i0.wp.com\/www.24baires.com\/wp-content\/uploads\/2017\/10\/prepaga.jpg?resize=350%2C200 1x, https:\/\/i0.wp.com\/www.24baires.com\/wp-content\/uploads\/2017\/10\/prepaga.jpg?resize=525%2C300 1.5x, https:\/\/i0.wp.com\/www.24baires.com\/wp-content\/uploads\/2017\/10\/prepaga.jpg?resize=700%2C400 2x"},"classes":[]},{"id":120813,"url":"https:\/\/www.24baires.com\/?p=120813","url_meta":{"origin":121233,"position":2},"title":"En medio de la incertidumbre, entr\u00f3 en vigencia el mega DNU que impuls\u00f3 el Presidente","author":"GB","date":"29\/12\/2023","format":false,"excerpt":"Sin que la Justicia resolviera los amparos presentados para declararlo inconstitucional, este viernes entr\u00f3 en vigencia el mega DNU anunciado d\u00edas atr\u00e1s por el presidente Javier Milei. En el marco de m\u00e1s de 30 amparos judiciales presentados por organizaciones sociales y sindicales, abogados constitucionalistas y ciudadanos particulares, y sin que\u2026","rel":"","context":"En \u00abPol\u00edtica\u00bb","block_context":{"text":"Pol\u00edtica","link":"https:\/\/www.24baires.com\/?cat=51"},"img":{"alt_text":"","src":"https:\/\/i0.wp.com\/www.24baires.com\/wp-content\/uploads\/2023\/12\/javier_mieleijpg.webp?resize=350%2C200","width":350,"height":200,"srcset":"https:\/\/i0.wp.com\/www.24baires.com\/wp-content\/uploads\/2023\/12\/javier_mieleijpg.webp?resize=350%2C200 1x, https:\/\/i0.wp.com\/www.24baires.com\/wp-content\/uploads\/2023\/12\/javier_mieleijpg.webp?resize=525%2C300 1.5x, https:\/\/i0.wp.com\/www.24baires.com\/wp-content\/uploads\/2023\/12\/javier_mieleijpg.webp?resize=700%2C400 2x"},"classes":[]},{"id":120864,"url":"https:\/\/www.24baires.com\/?p=120864","url_meta":{"origin":121233,"position":3},"title":"La Justicia dict\u00f3 la primera cautelar contra la suba de una prepaga trsd el DNU Milei","author":"AF","date":"15\/01\/2024","format":false,"excerpt":"Lo decidi\u00f3 la jueza Martina Forns en el marco de la causa contra el Hospital Italiano. Tiene efectos exclusivos a la afiliada que hizo el planteo: una jubilada de 78 a\u00f1os. Desde que Javier Milei dict\u00f3 el decreto 70\/2023, el 20 de diciembre \u00faltimo, se produjo una lluvia de medidas\u2026","rel":"","context":"En \u00abSociedad\u00bb","block_context":{"text":"Sociedad","link":"https:\/\/www.24baires.com\/?cat=1"},"img":{"alt_text":"","src":"https:\/\/i0.wp.com\/www.24baires.com\/wp-content\/uploads\/2024\/01\/WhatsApp-Image-2024-01-15-at-22.20.22.jpeg?resize=350%2C200","width":350,"height":200,"srcset":"https:\/\/i0.wp.com\/www.24baires.com\/wp-content\/uploads\/2024\/01\/WhatsApp-Image-2024-01-15-at-22.20.22.jpeg?resize=350%2C200 1x, https:\/\/i0.wp.com\/www.24baires.com\/wp-content\/uploads\/2024\/01\/WhatsApp-Image-2024-01-15-at-22.20.22.jpeg?resize=525%2C300 1.5x, https:\/\/i0.wp.com\/www.24baires.com\/wp-content\/uploads\/2024\/01\/WhatsApp-Image-2024-01-15-at-22.20.22.jpeg?resize=700%2C400 2x"},"classes":[]},{"id":115283,"url":"https:\/\/www.24baires.com\/?p=115283","url_meta":{"origin":121233,"position":4},"title":"El Gobierno eval\u00faa extender el congelamiento de las tarifas","author":"GB","date":"09\/06\/2020","format":false,"excerpt":"A poco de asumir, el presidente Alberto Fern\u00e1nez estableci\u00f3 que los servicios de energ\u00eda el\u00e9ctrica y gas quedar\u00edan congelados por 180 d\u00edas (hasta el 30 de junio). El ministro de Desarrollo Productivo, Mat\u00edas Kulfas, ratific\u00f3 este martes que el Gobierno eval\u00faa extender el congelamiento de las tarifas de servicios p\u00fablicos,\u2026","rel":"","context":"En \u00abPol\u00edtica\u00bb","block_context":{"text":"Pol\u00edtica","link":"https:\/\/www.24baires.com\/?cat=51"},"img":{"alt_text":"","src":"https:\/\/i0.wp.com\/www.24baires.com\/wp-content\/uploads\/2016\/08\/gas.jpg?resize=350%2C200","width":350,"height":200,"srcset":"https:\/\/i0.wp.com\/www.24baires.com\/wp-content\/uploads\/2016\/08\/gas.jpg?resize=350%2C200 1x, https:\/\/i0.wp.com\/www.24baires.com\/wp-content\/uploads\/2016\/08\/gas.jpg?resize=525%2C300 1.5x"},"classes":[]},{"id":120705,"url":"https:\/\/www.24baires.com\/?p=120705","url_meta":{"origin":121233,"position":5},"title":"Milei quiere liberar \u00abtodos los precios de la econom\u00eda\u00bb","author":"AF","date":"29\/11\/2023","format":false,"excerpt":"El presidente electo Javier Milei confirm\u00f3 este mi\u00e9rcoles, en la previa de la Asamblea Legislativa que proclam\u00f3 oficialmente la f\u00f3rmula que integra junto a Victoria Villarruel, que, durante su gesti\u00f3n, la Secretar\u00eda de Comercio Interior no existir\u00e1 \"en el sentido que le han dado hist\u00f3ricamente\" otros gobiernos. El organismo, que\u2026","rel":"","context":"En \u00abSociedad\u00bb","block_context":{"text":"Sociedad","link":"https:\/\/www.24baires.com\/?cat=1"},"img":{"alt_text":"","src":"https:\/\/i0.wp.com\/www.24baires.com\/wp-content\/uploads\/2023\/11\/ministerio-economia.jpeg?resize=350%2C200","width":350,"height":200,"srcset":"https:\/\/i0.wp.com\/www.24baires.com\/wp-content\/uploads\/2023\/11\/ministerio-economia.jpeg?resize=350%2C200 1x, https:\/\/i0.wp.com\/www.24baires.com\/wp-content\/uploads\/2023\/11\/ministerio-economia.jpeg?resize=525%2C300 1.5x, https:\/\/i0.wp.com\/www.24baires.com\/wp-content\/uploads\/2023\/11\/ministerio-economia.jpeg?resize=700%2C400 2x"},"classes":[]}],"jetpack_sharing_enabled":true,"jetpack_likes_enabled":true,"_links":{"self":[{"href":"https:\/\/www.24baires.com\/index.php?rest_route=\/wp\/v2\/posts\/121233","targetHints":{"allow":["GET"]}}],"collection":[{"href":"https:\/\/www.24baires.com\/index.php?rest_route=\/wp\/v2\/posts"}],"about":[{"href":"https:\/\/www.24baires.com\/index.php?rest_route=\/wp\/v2\/types\/post"}],"author":[{"embeddable":true,"href":"https:\/\/www.24baires.com\/index.php?rest_route=\/wp\/v2\/users\/8"}],"replies":[{"embeddable":true,"href":"https:\/\/www.24baires.com\/index.php?rest_route=%2Fwp%2Fv2%2Fcomments&post=121233"}],"version-history":[{"count":1,"href":"https:\/\/www.24baires.com\/index.php?rest_route=\/wp\/v2\/posts\/121233\/revisions"}],"predecessor-version":[{"id":121234,"href":"https:\/\/www.24baires.com\/index.php?rest_route=\/wp\/v2\/posts\/121233\/revisions\/121234"}],"wp:attachment":[{"href":"https:\/\/www.24baires.com\/index.php?rest_route=%2Fwp%2Fv2%2Fmedia&parent=121233"}],"wp:term":[{"taxonomy":"category","embeddable":true,"href":"https:\/\/www.24baires.com\/index.php?rest_route=%2Fwp%2Fv2%2Fcategories&post=121233"},{"taxonomy":"post_tag","embeddable":true,"href":"https:\/\/www.24baires.com\/index.php?rest_route=%2Fwp%2Fv2%2Ftags&post=121233"}],"curies":[{"name":"wp","href":"https:\/\/api.w.org\/{rel}","templated":true}]}}