{"id":12122,"date":"2013-01-14T10:30:40","date_gmt":"2013-01-14T13:30:40","guid":{"rendered":"http:\/\/www.24baires.com\/?p=12122"},"modified":"2013-01-14T14:36:47","modified_gmt":"2013-01-14T17:36:47","slug":"el-31-de-enero-sera-feriado-por-unica-vez-por-la-asamblea-del-ano-13","status":"publish","type":"post","link":"https:\/\/www.24baires.com\/?p=12122","title":{"rendered":"El 31 de enero ser\u00e1 feriado por \u00fanica vez por \u201cLa Asamblea del a\u00f1o 13\u201d"},"content":{"rendered":"<p>El 31 de enero de este a\u00f1o ser\u00e1 feriado por \u00fanica vez en conmemoraci\u00f3n del bicentenario de la Asamblea General Constituyente de 1813, conocida como \u00abAsamblea del a\u00f1o 13\u00bb.\u00a0La ley que\u00a0estableci\u00f3\u00a0el feriado fue sancionada por el Congreso de la Naci\u00f3n en diciembre de 2012 y publicada hoy en el Bolet\u00edn Oficial.<!--more--><\/p>\n<p>\u00abLa Asamblea del A\u00f1o 13\u00bb, tambi\u00e9n conocida como la Asamblea General Constituyente del A\u00f1o 1813, fue convocada por el Segundo Triunvirato, que hab\u00eda accedido al poder en octubre de 1812.<\/p>\n<p>El objetivo fue llamar a una Asamblea que representase a los pueblos reci\u00e9n emancipados y que se definiese el sistema institucional de las Provincias Unidas y aunque no logr\u00f3 contar con algunos representantes del interior, esta Asamblea se inaugur\u00f3 el 31 de enero de 1813.<\/p>\n<p>El prop\u00f3sito era proclamar la independencia y redactar la constituci\u00f3n del nuevo estado.<\/p>\n<p>Durante su transcurso, los intereses sectoriales dividieron a los diputados, lo que termin\u00f3 con una postergaci\u00f3n de la declaraci\u00f3n de la independencia.<\/p>\n<p>Si bien no pudo redactar una constituci\u00f3n, si logr\u00f3 sancionar medidas de car\u00e1cter social como la liberaci\u00f3n de esclavos (aprob\u00f3 la ley conocida como \u00abLey de Libertad de Vientres\u00bb); elimin\u00f3 la mita y el yanaconazgo; prohibi\u00f3 el uso de instrumentos para atormentar a los reos o presuntos delincuentes y aboli\u00f3 todos los t\u00edtulos que denotaran nobleza de sangre.<\/p>\n<p>&nbsp;<\/p>\n<p>&nbsp;<\/p>\n<p>&nbsp;<\/p>\n<p>&nbsp;<\/p>\n<p>&nbsp;<\/p>\n<p>&nbsp;<\/p>\n","protected":false},"excerpt":{"rendered":"<p>El 31 de enero de este a\u00f1o ser\u00e1 feriado por \u00fanica vez en conmemoraci\u00f3n del bicentenario de la Asamblea General Constituyente de 1813, conocida como \u00abAsamblea del a\u00f1o 13\u00bb.\u00a0La ley que\u00a0estableci\u00f3\u00a0el feriado fue sancionada por el Congreso de la Naci\u00f3n en diciembre de 2012 y publicada hoy en el Bolet\u00edn Oficial.<\/p>\n","protected":false},"author":11,"featured_media":0,"comment_status":"open","ping_status":"open","sticky":false,"template":"","format":"standard","meta":{"_jetpack_newsletter_access":"","_jetpack_dont_email_post_to_subs":false,"_jetpack_newsletter_tier_id":0,"_jetpack_memberships_contains_paywalled_content":false,"_jetpack_memberships_contains_paid_content":false,"footnotes":""},"categories":[1],"tags":[],"class_list":["post-12122","post","type-post","status-publish","format-standard","hentry","category-sociedad"],"jetpack_featured_media_url":"","jetpack_shortlink":"https:\/\/wp.me\/p2JWE0-39w","jetpack-related-posts":[{"id":14034,"url":"https:\/\/www.24baires.com\/?p=14034","url_meta":{"origin":12122,"position":0},"title":"El feriado \u00fanico del 31 de enero recuerda el 200\u00ba aniversario de la Asamblea del a\u00f1o 13","author":"AF","date":"30\/01\/2013","format":false,"excerpt":"El hecho, tambi\u00e9n conocido como la Asamblea General Constituyente del A\u00f1o 1813, fue convocado por el Segundo Triunvirato, que hab\u00eda accedido al poder en octubre de 1812. El jueves se conmemor\u00e1n 200 a\u00f1os. Ma\u00f1ana jueves 31 ser\u00e1 feriado por \u00fanica vez en conmemoraci\u00f3n del bicentenario de la Asamblea General Constituyente\u2026","rel":"","context":"En \u00abSociedad\u00bb","block_context":{"text":"Sociedad","link":"https:\/\/www.24baires.com\/?cat=1"},"img":{"alt_text":"","src":"","width":0,"height":0},"classes":[]},{"id":5087,"url":"https:\/\/www.24baires.com\/?p=5087","url_meta":{"origin":12122,"position":1},"title":"2013: 17 feriados y 7 fines de semana largos","author":"AF","date":"12\/11\/2012","format":false,"excerpt":"El calendario de 2013 tendr\u00e1 siete fines de semana largos, dos de cuatro d\u00edas y uno de cinco, y un total de 17 feriados. Al \u00faltimo fin de semana del a\u00f1o se le sumar\u00e1n el feriado del 31 de diciembre y el del 1 de enero que es martes, seg\u00fan\u2026","rel":"","context":"En \u00abSociedad\u00bb","block_context":{"text":"Sociedad","link":"https:\/\/www.24baires.com\/?cat=1"},"img":{"alt_text":"","src":"","width":0,"height":0},"classes":[]},{"id":14178,"url":"https:\/\/www.24baires.com\/?p=14178","url_meta":{"origin":12122,"position":2},"title":"Fiesta Popular en Plaza de Mayo por el Bicentenario de la Asamblea del a\u00f1o XIII","author":"Grupo Sierra","date":"31\/01\/2013","format":false,"excerpt":"Los 200 a\u00f1os de la Asamblea del A\u00f1o XIII, que dict\u00f3 la Libertad de Vientres y encamin\u00f3 la definitiva abolici\u00f3n de la esclavitud, entre otras medidas emancipadoras, fueron celebrados este jueves con una fiesta popular organizada por el Gobierno nacional. En ese marco, desde muy temprano comenzaron a armarse los\u2026","rel":"","context":"En \u00abSociedad\u00bb","block_context":{"text":"Sociedad","link":"https:\/\/www.24baires.com\/?cat=1"},"img":{"alt_text":"Festival_asamblea a\u00f1o 13","src":"https:\/\/i0.wp.com\/www.24baires.com\/wp-content\/uploads\/2013\/01\/Festival_asamblea-a%C3%B1o-13.jpg?resize=350%2C200","width":350,"height":200,"srcset":"https:\/\/i0.wp.com\/www.24baires.com\/wp-content\/uploads\/2013\/01\/Festival_asamblea-a%C3%B1o-13.jpg?resize=350%2C200 1x, https:\/\/i0.wp.com\/www.24baires.com\/wp-content\/uploads\/2013\/01\/Festival_asamblea-a%C3%B1o-13.jpg?resize=525%2C300 1.5x"},"classes":[]},{"id":6258,"url":"https:\/\/www.24baires.com\/?p=6258","url_meta":{"origin":12122,"position":3},"title":"Avanza la aprobaci\u00f3n de un nuevo feriado para el pr\u00f3ximo febrero","author":"AF","date":"21\/11\/2012","format":false,"excerpt":"Ser\u00eda por \u00fanica vez, el 20 de febrero pr\u00f3ximo, y es con motivo de la Batalla de Salta, librada por las fuerzas patriotas a cargo del general Manuel Belgrano. Obtuvo dictamen de mayor\u00eda en el Comisi\u00f3n de Legislaci\u00f3n General, el proyecto que present\u00f3 el diputado Fernando Yarade (FpV-Salta) el 25-11-2011,\u2026","rel":"","context":"En \u00abSociedad\u00bb","block_context":{"text":"Sociedad","link":"https:\/\/www.24baires.com\/?cat=1"},"img":{"alt_text":"","src":"","width":0,"height":0},"classes":[]},{"id":14091,"url":"https:\/\/www.24baires.com\/?p=14091","url_meta":{"origin":12122,"position":4},"title":"De la Asamblea del A\u00f1o XIII al proyecto argentino que conduce Cristina Fern\u00e1ndez de Kirchner","author":"Grupo Sierra","date":"30\/01\/2013","format":false,"excerpt":"(Por Juli\u00e1n Dom\u00ednguez *) \u00a0Hoy los argentinos conmemoramos el bicentenario de la Asamblea del a\u00f1o XIII, la primera experiencia legislativa de nuestra historia. Las ideas que en ella se debatieron y las normas que all\u00ed surgieron configuran uno de los cimientos de nuestra identidad nacional. La Asamblea consigui\u00f3 establecer una\u2026","rel":"","context":"En \u00abOpini\u00f3n\u00bb","block_context":{"text":"Opini\u00f3n","link":"https:\/\/www.24baires.com\/?cat=64"},"img":{"alt_text":"dominguez julian","src":"https:\/\/i0.wp.com\/www.24baires.com\/wp-content\/uploads\/2012\/09\/dominguez-julian.jpg?resize=350%2C200","width":350,"height":200,"srcset":"https:\/\/i0.wp.com\/www.24baires.com\/wp-content\/uploads\/2012\/09\/dominguez-julian.jpg?resize=350%2C200 1x, https:\/\/i0.wp.com\/www.24baires.com\/wp-content\/uploads\/2012\/09\/dominguez-julian.jpg?resize=525%2C300 1.5x"},"classes":[]},{"id":23279,"url":"https:\/\/www.24baires.com\/?p=23279","url_meta":{"origin":12122,"position":5},"title":"El Himno Nacional Argentino cumple 200 a\u00f1os","author":"AF","date":"11\/05\/2013","format":false,"excerpt":"\"O juremos con gloria morir\" es la frase que sintetiza el sentimiento de los criollos que encabezaron el proceso pol\u00edtico independentista en 1810 y que el Himno Nacional, escrito hace 200 a\u00f1os en medio de aquel clima, busc\u00f3 dejar sellado en la historia como s\u00edmbolo contra la opresi\u00f3n colonial. El\u2026","rel":"","context":"En \u00abSociedad\u00bb","block_context":{"text":"Sociedad","link":"https:\/\/www.24baires.com\/?cat=1"},"img":{"alt_text":"","src":"","width":0,"height":0},"classes":[]}],"jetpack_sharing_enabled":true,"jetpack_likes_enabled":true,"_links":{"self":[{"href":"https:\/\/www.24baires.com\/index.php?rest_route=\/wp\/v2\/posts\/12122","targetHints":{"allow":["GET"]}}],"collection":[{"href":"https:\/\/www.24baires.com\/index.php?rest_route=\/wp\/v2\/posts"}],"about":[{"href":"https:\/\/www.24baires.com\/index.php?rest_route=\/wp\/v2\/types\/post"}],"author":[{"embeddable":true,"href":"https:\/\/www.24baires.com\/index.php?rest_route=\/wp\/v2\/users\/11"}],"replies":[{"embeddable":true,"href":"https:\/\/www.24baires.com\/index.php?rest_route=%2Fwp%2Fv2%2Fcomments&post=12122"}],"version-history":[{"count":3,"href":"https:\/\/www.24baires.com\/index.php?rest_route=\/wp\/v2\/posts\/12122\/revisions"}],"predecessor-version":[{"id":12134,"href":"https:\/\/www.24baires.com\/index.php?rest_route=\/wp\/v2\/posts\/12122\/revisions\/12134"}],"wp:attachment":[{"href":"https:\/\/www.24baires.com\/index.php?rest_route=%2Fwp%2Fv2%2Fmedia&parent=12122"}],"wp:term":[{"taxonomy":"category","embeddable":true,"href":"https:\/\/www.24baires.com\/index.php?rest_route=%2Fwp%2Fv2%2Fcategories&post=12122"},{"taxonomy":"post_tag","embeddable":true,"href":"https:\/\/www.24baires.com\/index.php?rest_route=%2Fwp%2Fv2%2Ftags&post=12122"}],"curies":[{"name":"wp","href":"https:\/\/api.w.org\/{rel}","templated":true}]}}