{"id":121165,"date":"2024-03-26T06:38:33","date_gmt":"2024-03-26T09:38:33","guid":{"rendered":"https:\/\/www.24baires.com\/?p=121165"},"modified":"2024-03-26T06:38:33","modified_gmt":"2024-03-26T09:38:33","slug":"kreplak-confirmo-que-nacion-asumio-el-compromiso-de-comprar-la-vacuna","status":"publish","type":"post","link":"https:\/\/www.24baires.com\/?p=121165","title":{"rendered":"Kreplak confirm\u00f3 que Naci\u00f3n asumi\u00f3 el compromiso de comprar la vacuna"},"content":{"rendered":"<p><img data-recalc-dims=\"1\" loading=\"lazy\" decoding=\"async\" class=\"aligncenter wp-image-121166\" src=\"https:\/\/i0.wp.com\/www.24baires.com\/wp-content\/uploads\/2024\/03\/keplak.webp?resize=720%2C405\" alt=\"\" width=\"720\" height=\"405\" srcset=\"https:\/\/i0.wp.com\/www.24baires.com\/wp-content\/uploads\/2024\/03\/keplak.webp?w=800&amp;ssl=1 800w, https:\/\/i0.wp.com\/www.24baires.com\/wp-content\/uploads\/2024\/03\/keplak.webp?resize=300%2C169&amp;ssl=1 300w, https:\/\/i0.wp.com\/www.24baires.com\/wp-content\/uploads\/2024\/03\/keplak.webp?resize=768%2C432&amp;ssl=1 768w\" sizes=\"auto, (max-width: 720px) 100vw, 720px\" \/>En el peor momento de la epidemia de dengue, el ministro de Salud bonaerense, Nicol\u00e1s Kreplak, particip\u00f3 del primer COFESA con su par de la Naci\u00f3n, Mario Russo, y el resto de los titulares de las carteras sanitarias del pa\u00eds.<!--more--><\/p>\n<p>Con la epidemia de dengue como eje principal, este lunes se realiz\u00f3 la primera reuni\u00f3n del Consejo Federal de Salud (COFESA) de la gesti\u00f3n de Javier Milei, con el \u00abaparecido\u00bb ministro de Salud de la Naci\u00f3n, Mario Russo, a la cabeza, su par bonaerense, Nicol\u00e1s Kreplak, y los titulares de las carteras sanitarias provinciales, excepto los de Formosa y R\u00edo Negro.<\/p>\n<p>Tras el encuentro, Kreplak confirm\u00f3 que la Naci\u00f3n se comprometi\u00f3 a evaluar la posibilidad de incluir la vacuna en el calendarioy as\u00ed hacerse cargo el Estado de los costos; previo an\u00e1lisis de la evoluci\u00f3n de la enfermedad en los distritos. En este marco, se destac\u00f3 tambi\u00e9n la necesidad de reforzar las medidas de prevenci\u00f3n.<\/p>\n<p>\u00abLa discusi\u00f3n por la vacuna y el dengue acaba de darse profundamenteen esta reuni\u00f3n\u00bb, cont\u00f3 Kreplak al dejar la sede del Centro Cultural Kircher, en CABA, donde se llev\u00f3 a cabo el encuentro. Y agreg\u00f3: \u00abEn los pr\u00f3ximos meses, cuando tengamos datos concluyentes sobre si es una dosis, dos, a qu\u00e9 pacientes y qu\u00e9 nivel de eficacia tienen, daremos esa informaci\u00f3n a la Naci\u00f3n para que compre la vacuna\u00bb.<\/p>\n<p>Seg\u00fan el funcionario de Axel Kicillof, \u00abel compromiso asumido fue que, si se cuenta con informaci\u00f3n suficiente para incorporar una vacuna, se proceder\u00e1 a hacerlo\u00bb.<\/p>\n<p>La reuni\u00f3n del COFESA fue el primer contacto entre el ministro de Salud, Mario Russo, y Kreplak, a m\u00e1s de 100 d\u00edas de la asunci\u00f3n del Gobierno nacional. En encuentro tuvo lugar en medio de la preocupaci\u00f3n por la epidemia de dengue, que ya registra m\u00e1s de 130.000 casos oficializados y 96 fallecidos en lo que va del a\u00f1o. En este contexto de multiplicaci\u00f3n de los contagios, aument\u00f3 fuertemente la demanda de atenci\u00f3n en las guardias de los hospitales y los centros de salud, lo que genera el desgaste del personal.<\/p>\n<p>Pero el temario del encuentro tambi\u00e9n incluy\u00f3 la implementaci\u00f3n de la receta electr\u00f3nica a partir de julio, la presentaci\u00f3n del plan nacional de calidad en salud y la campa\u00f1a de vacunaci\u00f3n antigripal.<\/p>\n","protected":false},"excerpt":{"rendered":"<p>En el peor momento de la epidemia de dengue, el ministro de Salud bonaerense, Nicol\u00e1s Kreplak, particip\u00f3 del primer COFESA con su par de la Naci\u00f3n, Mario Russo, y el resto de los titulares de las carteras sanitarias del pa\u00eds.<\/p>\n","protected":false},"author":8,"featured_media":0,"comment_status":"closed","ping_status":"closed","sticky":false,"template":"","format":"standard","meta":{"_jetpack_newsletter_access":"","_jetpack_dont_email_post_to_subs":false,"_jetpack_newsletter_tier_id":0,"_jetpack_memberships_contains_paywalled_content":false,"_jetpack_memberships_contains_paid_content":false,"footnotes":""},"categories":[1],"tags":[],"class_list":["post-121165","post","type-post","status-publish","format-standard","hentry","category-sociedad"],"jetpack_featured_media_url":"","jetpack_shortlink":"https:\/\/wp.me\/p2JWE0-vwh","jetpack-related-posts":[{"id":117922,"url":"https:\/\/www.24baires.com\/?p=117922","url_meta":{"origin":121165,"position":0},"title":"Nicol\u00e1s Kreplak asumi\u00f3 como ministro de Salud bonaerense","author":"GB","date":"28\/07\/2021","format":false,"excerpt":"Lo hizo en reemplazo de Daniel Gollan, quien renunci\u00f3 a su cargo para meterse de lleno en la campa\u00f1a electoral. Nicol\u00e1s Kreplak asumi\u00f3 como ministro de Salud bonaerense, en reemplazo de Daniel Gollan, quien renunci\u00f3 para dedicarse a la campa\u00f1a electoral de cara a las PASO del 12 de setiembre.\u2026","rel":"","context":"En \u00abLocales\u00bb","block_context":{"text":"Locales","link":"https:\/\/www.24baires.com\/?cat=38"},"img":{"alt_text":"","src":"https:\/\/i0.wp.com\/www.24baires.com\/wp-content\/uploads\/2021\/07\/20210728120418_kreplak-juramento.jpg?resize=350%2C200","width":350,"height":200,"srcset":"https:\/\/i0.wp.com\/www.24baires.com\/wp-content\/uploads\/2021\/07\/20210728120418_kreplak-juramento.jpg?resize=350%2C200 1x, https:\/\/i0.wp.com\/www.24baires.com\/wp-content\/uploads\/2021\/07\/20210728120418_kreplak-juramento.jpg?resize=525%2C300 1.5x"},"classes":[]},{"id":118290,"url":"https:\/\/www.24baires.com\/?p=118290","url_meta":{"origin":121165,"position":1},"title":"Provincia confirm\u00f3 que va a implementar el pase sanitario","author":"GB","date":"02\/12\/2021","format":false,"excerpt":"Desde el Ministerio de Salud de la Provincia de Buenos Aires se\u00f1alaron que ser\u00e1 una implementaci\u00f3n gradual en etapas. El Gobierno de la Provincia de Buenos Aires ya tom\u00f3 la decisi\u00f3n e implementar\u00e1 el pase sanitario para espacios y eventos p\u00fablicos, con el fin de incentivar la vacunaci\u00f3n en la\u2026","rel":"","context":"En \u00abLocales\u00bb","block_context":{"text":"Locales","link":"https:\/\/www.24baires.com\/?cat=38"},"img":{"alt_text":"","src":"https:\/\/i0.wp.com\/www.24baires.com\/wp-content\/uploads\/2020\/04\/adulto-barbijo.jpg?resize=350%2C200","width":350,"height":200,"srcset":"https:\/\/i0.wp.com\/www.24baires.com\/wp-content\/uploads\/2020\/04\/adulto-barbijo.jpg?resize=350%2C200 1x, https:\/\/i0.wp.com\/www.24baires.com\/wp-content\/uploads\/2020\/04\/adulto-barbijo.jpg?resize=525%2C300 1.5x"},"classes":[]},{"id":120909,"url":"https:\/\/www.24baires.com\/?p=120909","url_meta":{"origin":121165,"position":2},"title":"La Provincia sali\u00f3 a defender el aborto legal","author":"GB","date":"26\/01\/2024","format":false,"excerpt":"Tanto el ministro de Salud bonaerense, Nicolas Kreplak, como su par de Mujeres defendieron la ley de aborto legal. La escena pol\u00edtica nacional est\u00e1 convulsionada por los debates de la ley \u00f3mnibus y el mega DNU, la administraci\u00f3n libertaria tir\u00f3 otra bomba. A trav\u00e9s del procurador del Tesoro de la\u2026","rel":"","context":"En \u00abProvincia\u00bb","block_context":{"text":"Provincia","link":"https:\/\/www.24baires.com\/?cat=40"},"img":{"alt_text":"","src":"https:\/\/i0.wp.com\/www.24baires.com\/wp-content\/uploads\/2024\/01\/salud-provincia.webp?resize=350%2C200","width":350,"height":200,"srcset":"https:\/\/i0.wp.com\/www.24baires.com\/wp-content\/uploads\/2024\/01\/salud-provincia.webp?resize=350%2C200 1x, https:\/\/i0.wp.com\/www.24baires.com\/wp-content\/uploads\/2024\/01\/salud-provincia.webp?resize=525%2C300 1.5x, https:\/\/i0.wp.com\/www.24baires.com\/wp-content\/uploads\/2024\/01\/salud-provincia.webp?resize=700%2C400 2x"},"classes":[]},{"id":117943,"url":"https:\/\/www.24baires.com\/?p=117943","url_meta":{"origin":121165,"position":3},"title":"Comienza la vacunaci\u00f3n de adolescentes de 12 a 17 a\u00f1os","author":"GB","date":"03\/08\/2021","format":false,"excerpt":"Se aplicar\u00e1 la vacuna Moderna, aprobada para dicho grupo etario. Provincia ya envi\u00f3 100 mil turnos. Desde este martes, comienza la vacunaci\u00f3n contra el Covid-19 en adolescentes de entre 12 y 17 a\u00f1os con factores de riesgo y priorizados. Se da en simultaneo en todo el pa\u00eds, tras el lanzamiento\u2026","rel":"","context":"En \u00abProvincia\u00bb","block_context":{"text":"Provincia","link":"https:\/\/www.24baires.com\/?cat=40"},"img":{"alt_text":"","src":"https:\/\/i0.wp.com\/www.24baires.com\/wp-content\/uploads\/2021\/08\/20210803083916_descarga.jpg?resize=350%2C200","width":350,"height":200,"srcset":"https:\/\/i0.wp.com\/www.24baires.com\/wp-content\/uploads\/2021\/08\/20210803083916_descarga.jpg?resize=350%2C200 1x, https:\/\/i0.wp.com\/www.24baires.com\/wp-content\/uploads\/2021\/08\/20210803083916_descarga.jpg?resize=525%2C300 1.5x"},"classes":[]},{"id":120858,"url":"https:\/\/www.24baires.com\/?p=120858","url_meta":{"origin":121165,"position":4},"title":"Kicillof se reuni\u00f3 con el sector farmac\u00e9utico para analizar el impacto del DNU","author":"GB","date":"12\/01\/2024","format":false,"excerpt":"El gobernador bonaerense, Axel Kicillof y el ministro de la Salud, Nicol\u00e1s Kreplak, recibieron a representantes farmac\u00e9uticos para analizar el impacto del DNU en el sector. Ante el mega DNU de Javier Milei para desregularizar la econom\u00eda, el gobernador bonaerense Axel Kicillof se est\u00e1 reuniendo con los sectores m\u00e1s afectados\u2026","rel":"","context":"En \u00abProvincia\u00bb","block_context":{"text":"Provincia","link":"https:\/\/www.24baires.com\/?cat=40"},"img":{"alt_text":"","src":"https:\/\/i0.wp.com\/www.24baires.com\/wp-content\/uploads\/2024\/01\/kici-farmaceuticos.jpg?resize=350%2C200","width":350,"height":200,"srcset":"https:\/\/i0.wp.com\/www.24baires.com\/wp-content\/uploads\/2024\/01\/kici-farmaceuticos.jpg?resize=350%2C200 1x, https:\/\/i0.wp.com\/www.24baires.com\/wp-content\/uploads\/2024\/01\/kici-farmaceuticos.jpg?resize=525%2C300 1.5x, https:\/\/i0.wp.com\/www.24baires.com\/wp-content\/uploads\/2024\/01\/kici-farmaceuticos.jpg?resize=700%2C400 2x"},"classes":[]},{"id":116417,"url":"https:\/\/www.24baires.com\/?p=116417","url_meta":{"origin":121165,"position":5},"title":"Kreplak asegura que bajan los casos en el AMBA, pero sigue siendo un \u00abfoco irradiador\u00bb","author":"AF","date":"07\/10\/2020","format":false,"excerpt":"El viceministro de Salud bonaerense sostuvo que \"cualquier decisi\u00f3n que se vaya a tomar\" en relaci\u00f3n al regreso a las aulas debe ser \"con este paraguas y con esta responsabilidad\". El viceministro de Salud bonaerense, Nicol\u00e1s Kreplak, asegur\u00f3 que el n\u00famero de casos de coronavirus en el \u00c1rea Metropolitana de\u2026","rel":"","context":"En \u00abProvincia\u00bb","block_context":{"text":"Provincia","link":"https:\/\/www.24baires.com\/?cat=40"},"img":{"alt_text":"","src":"https:\/\/i0.wp.com\/www.24baires.com\/wp-content\/uploads\/2013\/07\/barbijos.jpg?resize=350%2C200","width":350,"height":200,"srcset":"https:\/\/i0.wp.com\/www.24baires.com\/wp-content\/uploads\/2013\/07\/barbijos.jpg?resize=350%2C200 1x, https:\/\/i0.wp.com\/www.24baires.com\/wp-content\/uploads\/2013\/07\/barbijos.jpg?resize=525%2C300 1.5x"},"classes":[]}],"jetpack_sharing_enabled":true,"jetpack_likes_enabled":true,"_links":{"self":[{"href":"https:\/\/www.24baires.com\/index.php?rest_route=\/wp\/v2\/posts\/121165","targetHints":{"allow":["GET"]}}],"collection":[{"href":"https:\/\/www.24baires.com\/index.php?rest_route=\/wp\/v2\/posts"}],"about":[{"href":"https:\/\/www.24baires.com\/index.php?rest_route=\/wp\/v2\/types\/post"}],"author":[{"embeddable":true,"href":"https:\/\/www.24baires.com\/index.php?rest_route=\/wp\/v2\/users\/8"}],"replies":[{"embeddable":true,"href":"https:\/\/www.24baires.com\/index.php?rest_route=%2Fwp%2Fv2%2Fcomments&post=121165"}],"version-history":[{"count":1,"href":"https:\/\/www.24baires.com\/index.php?rest_route=\/wp\/v2\/posts\/121165\/revisions"}],"predecessor-version":[{"id":121167,"href":"https:\/\/www.24baires.com\/index.php?rest_route=\/wp\/v2\/posts\/121165\/revisions\/121167"}],"wp:attachment":[{"href":"https:\/\/www.24baires.com\/index.php?rest_route=%2Fwp%2Fv2%2Fmedia&parent=121165"}],"wp:term":[{"taxonomy":"category","embeddable":true,"href":"https:\/\/www.24baires.com\/index.php?rest_route=%2Fwp%2Fv2%2Fcategories&post=121165"},{"taxonomy":"post_tag","embeddable":true,"href":"https:\/\/www.24baires.com\/index.php?rest_route=%2Fwp%2Fv2%2Ftags&post=121165"}],"curies":[{"name":"wp","href":"https:\/\/api.w.org\/{rel}","templated":true}]}}